{"id":109,"date":"2011-12-12T12:19:59","date_gmt":"2011-12-12T12:19:59","guid":{"rendered":"https:\/\/upbeat-goodall.82-223-35-84.plesk.page\/index.php\/2011\/12\/12\/el-olivo-no-17\/"},"modified":"2011-12-12T12:19:59","modified_gmt":"2011-12-12T12:19:59","slug":"el-olivo-no-17","status":"publish","type":"post","link":"https:\/\/cejc-madrid.org\/index.php\/2011\/12\/12\/el-olivo-no-17\/","title":{"rendered":"El Olivo n\u00ba 17"},"content":{"rendered":"<p>\u00a0<\/p>\n<p style=\"text-align: center;\">EL OLIVO   n\u00ba 17<\/p>\n<p>\u00a0<\/p>\n<p style=\"text-align: center;\">Enero &#8211; Juniio 1983<\/p>\n<p style=\"text-align: center;\">\u00cdndice<\/p>\n<p style=\"text-align: center;\">\u00a0<\/p>\n<p><strong>La m\u00edstica cananea de la naturaleza en el profeta Oseas &#8211;&nbsp; <\/strong>Gabiel Ca\u00f1ellas<\/p>\n<p><strong>La Biblia y el Arte &#8211;&nbsp; <\/strong>Mar\u00eda Encarnaci\u00f3n Varela<\/p>\n<p><strong>Antisemitismo en Castilla durante la Edad Media. Aproximaci\u00f3n hist\u00f3rico-metodol\u00f3gica a un conflicto social&nbsp; &#8211; <\/strong>Jos\u00e9 Mar\u00eda Monsalvo Ant\u00f3n<\/p>\n<p><strong>San Francisco de As\u00eds y los jasidim ashkenaz\u00edes de su tiempo&nbsp; &#8211; <\/strong>Sor Esperanza Mary<\/p>\n","protected":false},"excerpt":{"rendered":"<p>\u00a0 EL OLIVO n\u00ba 17 \u00a0 Enero &#8211; Juniio 1983 \u00cdndice \u00a0 La m\u00edstica cananea de la naturaleza en el profeta Oseas &#8211;&nbsp; Gabiel Ca\u00f1ellas La Biblia y el Arte &#8211;&nbsp; Mar\u00eda Encarnaci\u00f3n Varela Antisemitismo en Castilla durante la Edad Media. Aproximaci\u00f3n hist\u00f3rico-metodol\u00f3gica a un conflicto social&nbsp; &#8211; Jos\u00e9 Mar\u00eda Monsalvo Ant\u00f3n San Francisco de [&hellip;]<\/p>\n","protected":false},"author":1,"featured_media":0,"comment_status":"open","ping_status":"open","sticky":false,"template":"","format":"standard","meta":{"_et_pb_use_builder":"","_et_pb_old_content":"","_et_gb_content_width":"","footnotes":""},"categories":[25],"tags":[],"class_list":["post-109","post","type-post","status-publish","format-standard","hentry","category-revista-qel-olivoq"],"_links":{"self":[{"href":"https:\/\/cejc-madrid.org\/index.php\/wp-json\/wp\/v2\/posts\/109","targetHints":{"allow":["GET"]}}],"collection":[{"href":"https:\/\/cejc-madrid.org\/index.php\/wp-json\/wp\/v2\/posts"}],"about":[{"href":"https:\/\/cejc-madrid.org\/index.php\/wp-json\/wp\/v2\/types\/post"}],"author":[{"embeddable":true,"href":"https:\/\/cejc-madrid.org\/index.php\/wp-json\/wp\/v2\/users\/1"}],"replies":[{"embeddable":true,"href":"https:\/\/cejc-madrid.org\/index.php\/wp-json\/wp\/v2\/comments?post=109"}],"version-history":[{"count":0,"href":"https:\/\/cejc-madrid.org\/index.php\/wp-json\/wp\/v2\/posts\/109\/revisions"}],"wp:attachment":[{"href":"https:\/\/cejc-madrid.org\/index.php\/wp-json\/wp\/v2\/media?parent=109"}],"wp:term":[{"taxonomy":"category","embeddable":true,"href":"https:\/\/cejc-madrid.org\/index.php\/wp-json\/wp\/v2\/categories?post=109"},{"taxonomy":"post_tag","embeddable":true,"href":"https:\/\/cejc-madrid.org\/index.php\/wp-json\/wp\/v2\/tags?post=109"}],"curies":[{"name":"wp","href":"https:\/\/api.w.org\/{rel}","templated":true}]}}