{"id":118,"date":"2012-02-20T16:12:03","date_gmt":"2012-02-20T16:12:03","guid":{"rendered":"https:\/\/upbeat-goodall.82-223-35-84.plesk.page\/index.php\/2012\/02\/20\/comision-santa-sede-delegacion-gran-rabino-de-israel-diciembre-2003\/"},"modified":"2012-02-20T16:12:03","modified_gmt":"2012-02-20T16:12:03","slug":"comision-santa-sede-delegacion-gran-rabino-de-israel-diciembre-2003","status":"publish","type":"post","link":"https:\/\/cejc-madrid.org\/index.php\/2012\/02\/20\/comision-santa-sede-delegacion-gran-rabino-de-israel-diciembre-2003\/","title":{"rendered":"Comisi\u00f3n Santa Sede &#8211; Delegaci\u00f3n Gran Rabino de Israel &#8211; diciembre 2003"},"content":{"rendered":"<p>\u00a0<\/p>\n<p style=\"text-align: center;\">Declaraci\u00f3n conjunta de la Delegaci\u00f3n del Gran Rabino de Israel y la Comisi\u00f3n de la Santa Sede para las Relaciones Religiosas con el Juda\u00edsmo<\/p>\n<p style=\"text-align: center;\">4 de diciembre de 2003<\/p>\n<p style=\"text-align: center;\">\u00a0<\/p>\n<p>1. Despu\u00e9s de dos encuentros en Jerusal\u00e9n (junio de 2002, Tamuz 5762) y en Grottaferrata\/Roma (febrero de 2003, Shvat 5763), se reunieron en Jerusal\u00e9n las respectivas delegaciones de alto nivel para tratar sobre el tema de \u00abla relevancia de las ense\u00f1anzas fundamentales de las Sagradas Escrituras que compartimos en la sociedad contempor\u00e1nea y la adecuada educaci\u00f3n de las futuras generaciones\u00bb.<\/p>\n<p>2. Las deliberaciones se desarrollaron en una atm\u00f3sfera de amistad y respeto mutuo, y fue puesta de manifiesto la satisfacci\u00f3n por las firmes bases que ya se han establecido entre las dos delegaciones con la solemne promesa de continuar una colaboraci\u00f3n efectiva.<\/p>\n<p>3. Los participantes expresaron su profundo aprecio por las expl\u00edcitas declaraciones dimanantes de la Santa Sede condenando la violencia contra los inocentes y denunciando las actuales manifestaciones de resurgimiento del antisemitismo, como afirmaron en sus declaraciones, en la Comisi\u00f3n Conjunta, los cardenales Walter Kasper, Jorge Mej\u00eda y Georges Cottier de la Delegaci\u00f3n Vaticana. Con este esp\u00edritu, Su Eminencia Jorge Mej\u00eda escribi\u00f3 a los Grandes Rabinos de Israel: \u00abNo solamente es cruel sino vil y totalmente incompatible con ninguna conducta humana que acepte atacar a las personas en sus lugares de oraci\u00f3n\u00bb. Naturalmente, cuando se celebraba el encuentro de la Comisi\u00f3n Conjunta, Su Santidad el Papa Juan Pablo II, hizo un en\u00e9rgico llamamiento \u00aba todos los hombres y mujeres de buena voluntad para que unan sus voces a la m\u00eda cuando repito que el santo nombre de Dios nunca debe utilizarse para incitar a la violencia o al terrorismo, ni para promover el odio o la exclusi\u00f3n\u00bb.<\/p>\n<p>4. Las exposiciones se centraron en la ense\u00f1anza fundamental de las Sagradas Escrituras que nosotros compartimos, que declaran la fe en el \u00danico Creador y Gu\u00eda del Universo que ha formado a todos los seres humanos a su Imagen Divina con libre voluntad.<\/p>\n<p>La humanidad es as\u00ed una familia con responsabilidad moral de unos para con los otros. El ser conscientes de esta realidad lleva a que el compromiso religioso y moral sirva como verdadera declaraci\u00f3n de la dignidad y de los derechos humanos en nuestro mundo moderno y d\u00e9 una visi\u00f3n aut\u00e9ntica para una sociedad justa, paz universal y bienestar.<\/p>\n<p>5. Vivimos en una aldea global de incomparables avances tecnol\u00f3gicos y cient\u00edficos. Estos nos presentan el reto de usarlos para el bien y la bendici\u00f3n, y no para el mal y la maldici\u00f3n, lo que no permita Dios. A este respecto, el sistema global de los medios de comunicaci\u00f3n social sirve como veh\u00edculo clave de edificaci\u00f3n. Nos incumbe a nosotros utilizar constructivamente esta oportunidad para la edificaci\u00f3n global de acuerdo con nuestras compartidas aspiraciones religiosas y morales anteriormente mencionadas.<\/p>\n<p>6. Se puso \u00e9nfasis en el hecho de que la respuesta al reto de promover la fe religiosa, en la sociedad contempor\u00e1nea, requiere de nosotros vivos ejemplos de justicia, misericordia, tolerancia y humildad, de acuerdo con las palabras del Profeta Miqueas.<\/p>\n<p>\u00abSe te ha dado a conocer, oh hombre, lo que es bueno, lo que el Se\u00f1or exige de ti. Es esto: practicar la justicia, amar la misericordia y caminar humildemente con tu Dios\u00bb (Miq 6,8).<\/p>\n<p>7. La educaci\u00f3n religiosa puede y debe transmitir esperanza y direcci\u00f3n para vivir de manera positiva con solidaridad y armon\u00eda en nuestros complejos tiempos modernos. Ante todo, la fe en Dios es la que nos da verdadera seguridad y alegr\u00eda de acuerdo con el vers\u00edculo del Salmo 16: \u00abTengo siempre al Se\u00f1or en mi presencia [&#8230;] y se alegra mi coraz\u00f3n [&#8230;]\u00bb (Sal 16, 8-9)-<\/p>\n<p>8. En particular, los l\u00edderes y educadores religiosos tienen el deber especial de instruir a sus comunidades a fin de que sigan los caminos de la paz para el bienestar de toda la sociedad.<\/p>\n<p>Hacemos este llamamiento especialmente a la familia de Abrah\u00e1n e invitamos a todos los creyentes a que rechacen las armas de guerra y destrucci\u00f3n -\u00abbusca la paz y corre en pos de ella\u00bb (Sal 34, 15).<\/p>\n<p>9. Como l\u00edderes religiosos compartimos el dolor y la aflicci\u00f3n de todos los que sufren hoy en Tierra Santa -individuos, familias y comunidades-: y expresamos nuestra ferviente esperanza y oraciones para que acaben las pruebas y tribulaciones en la Tierra que es santa para todos nosotros.<\/p>\n<p>10. Finalmente, urgimos a nuestras comunidades, escuelas y familias, a vivir con comprensi\u00f3n y respeto mutuos y a comprometerse en el estudio y las ense\u00f1anzas de las Sagradas Escrituras que compartimos, para el ennoblecimiento de la humanidad, la paz y la justicia universales. As\u00ed se cumplir\u00e1n las palabras del Profeta: \u00abTrocar\u00e1n sus espadas en arados y sus lanzas en hoces. No alzar\u00e1 ya la espada pueblo contra pueblo ni se entrenar\u00e1n ya para la guerra\u00bb (Is 2, 4).<\/p>\n<p>Jerusal\u00e9n, 3 de diciembre de 2003. Kislev 8, 5764.<\/p>\n<p>Rabbi Shear Yashuv Cohen (presidente de la Delegaci\u00f3n jud\u00eda), Rabbi Rasson Arussi, Rabbi David Brodman, Rabbi Yosef Arzran, Rabbi David Rosen, Oded Wiener, Shmuel Hadas, cardenal Jorge Mej\u00eda (presidente de la Delegaci\u00f3n cat\u00f3lica), monse\u00f1or Giacinto-Boulos Marcuzzo, P. Elias Chacour, Pier Francesco Fumagalli, P. Norbert Hofmann S.D.B, monse\u00f1or Pietro Sambi<\/p>\n","protected":false},"excerpt":{"rendered":"<p>\u00a0 Declaraci\u00f3n conjunta de la Delegaci\u00f3n del Gran Rabino de Israel y la Comisi\u00f3n de la Santa Sede para las Relaciones Religiosas con el Juda\u00edsmo 4 de diciembre de 2003 \u00a0 1. Despu\u00e9s de dos encuentros en Jerusal\u00e9n (junio de 2002, Tamuz 5762) y en Grottaferrata\/Roma (febrero de 2003, Shvat 5763), se reunieron en Jerusal\u00e9n [&hellip;]<\/p>\n","protected":false},"author":1,"featured_media":0,"comment_status":"open","ping_status":"open","sticky":false,"template":"","format":"standard","meta":{"_et_pb_use_builder":"","_et_pb_old_content":"","_et_gb_content_width":"","footnotes":""},"categories":[31],"tags":[90,88,89,82,51,60,83],"class_list":["post-118","post","type-post","status-publish","format-standard","hentry","category-documentos-eclesiales","tag-cristiano","tag-delegacion-vaticana","tag-familia","tag-gran-rabino-de-israel","tag-hebreo","tag-judio","tag-santa-sede"],"_links":{"self":[{"href":"https:\/\/cejc-madrid.org\/index.php\/wp-json\/wp\/v2\/posts\/118","targetHints":{"allow":["GET"]}}],"collection":[{"href":"https:\/\/cejc-madrid.org\/index.php\/wp-json\/wp\/v2\/posts"}],"about":[{"href":"https:\/\/cejc-madrid.org\/index.php\/wp-json\/wp\/v2\/types\/post"}],"author":[{"embeddable":true,"href":"https:\/\/cejc-madrid.org\/index.php\/wp-json\/wp\/v2\/users\/1"}],"replies":[{"embeddable":true,"href":"https:\/\/cejc-madrid.org\/index.php\/wp-json\/wp\/v2\/comments?post=118"}],"version-history":[{"count":0,"href":"https:\/\/cejc-madrid.org\/index.php\/wp-json\/wp\/v2\/posts\/118\/revisions"}],"wp:attachment":[{"href":"https:\/\/cejc-madrid.org\/index.php\/wp-json\/wp\/v2\/media?parent=118"}],"wp:term":[{"taxonomy":"category","embeddable":true,"href":"https:\/\/cejc-madrid.org\/index.php\/wp-json\/wp\/v2\/categories?post=118"},{"taxonomy":"post_tag","embeddable":true,"href":"https:\/\/cejc-madrid.org\/index.php\/wp-json\/wp\/v2\/tags?post=118"}],"curies":[{"name":"wp","href":"https:\/\/api.w.org\/{rel}","templated":true}]}}