{"id":119,"date":"2012-02-20T16:22:35","date_gmt":"2012-02-20T16:22:35","guid":{"rendered":"https:\/\/upbeat-goodall.82-223-35-84.plesk.page\/index.php\/2012\/02\/20\/comision-santa-sede-delegacion-gran-rabinato-de-israel-octubre-2004\/"},"modified":"2012-02-20T16:22:35","modified_gmt":"2012-02-20T16:22:35","slug":"comision-santa-sede-delegacion-gran-rabinato-de-israel-octubre-2004","status":"publish","type":"post","link":"https:\/\/cejc-madrid.org\/index.php\/2012\/02\/20\/comision-santa-sede-delegacion-gran-rabinato-de-israel-octubre-2004\/","title":{"rendered":"Comisi\u00f3n Santa Sede &#8211; Delegaci\u00f3n Gran Rabinato de Israel &#8211; octubre 2004"},"content":{"rendered":"<p>Comunicado de la Reuni\u00f3n del Comit\u00e9 bilateral formado por la Comisi\u00f3n de la Santa Sede para las Relaciones Religiosas con los Jud\u00edos y el Gran Rabinato de Israel<\/p>\n<p>\u00a0<\/p>\n<p>sobre el tema<br \/>\u00abUna visi\u00f3n com\u00fan de la justicia social y<\/p>\n<p>el comportamiento \u00e9tico\u00bb<\/p>\n<p>Grottaferrata del 17 al 19 de octubre de 2004<\/p>\n<p>Conscientes  de que en nuestras respectivas comunidades no hay bastante conocimiento del cambio moment\u00e1neo que ha tenido lugar en las relaciones entre cat\u00f3licos y jud\u00edos y, a la luz del trabajo de nuestros comit\u00e9s y de las recientes discusiones sobre la visi\u00f3n compartida de una sociedad justa y \u00e9tica, declaramos:<\/p>\n<p>1. No somos enemigos sino compa\u00f1eros inequ\u00edvocos en la presentaci\u00f3n de los valores morales esenciales para la supervivencia y el bienestar de la sociedad humana.<br \/>2. Jerusal\u00e9n tiene un car\u00e1cter sagrado para todos los hijos de Abraham. Hacemos un llamamiento a todas las autoridades competentes para que respeten este car\u00e1cter e impidan los actos que ofenden la sensibilidad de las comunidades religiosas que residen en Jerusal\u00e9n y la aman.<\/p>\n<p>3. Hacemos un llamamiento a las autoridades religiosas para que protesten p\u00fablicamente siempre que se lleven a cabo acciones irrespetuosas contra las personas religiosas, los s\u00edmbolos y los Santos Lugares, como por ejemplo la profanaci\u00f3n de los cementerios o el reciente ataque al patriarca armenio de Jerusal\u00e9n. Les pedimos que eduquen a sus comunidades a comportarse con respeto ante las personas y ante la fe que \u00e9stas profesan.<\/p>\n<p>Delegaci\u00f3n jud\u00eda:<\/p>\n<p>1. Rabino Shar Yishuv Cohen, ex rabino jefe de Haifa<br \/>2. Rabino Rasson Arussi rabino jefe de Kirvat Ono<br \/>3 Rabino Yossef Azran, Rabino Jefe de Rishon-Lezion<br \/>4 Rabino David Brodman, director general del Centro para la Educaci\u00f3n Jud\u00eda en Savyon<br \/>5. Rabino David Rosen, director internacional para los Asuntos Religiosos<br \/>6. Se\u00f1or Oded Wiener, director general del Gran Rabinato de Israel en Jerusal\u00e9n<\/p>\n<p>Delegaci\u00f3n cat\u00f3lica<br \/>1. Cardenal Jorge Mar\u00eda Mej\u00eda, , archivero y bibliotecario em\u00e9rito de la Santa Iglesia Romana<br \/>2. Cardenal Georges Cottier, O.P., antiguo Te\u00f3logo de la Casa Pontificia<br \/>3. Arzobispo Pietro Sambi, delegado apost\u00f3lico en Jerusal\u00e9n<br \/>4. Monse\u00f1or Giacinto-Boulos Marcuzzo, obispo auxiliar del Patriarcado Latino de Jerusal\u00e9n<br \/>5. Monse\u00f1or Pier Francesco Fumagalli, consultor de la Comisi\u00f3n de la Santa Sede para las Relaciones Religiosas con el Juda\u00edsmo.<br \/>6. Padre Norbert Hofmann, S.D.B., secretario de la Comisi\u00f3n de la Santa Sede para las Relaciones Religiosas con el Juda\u00edsmo.<\/p>\n","protected":false},"excerpt":{"rendered":"<p>Comunicado de la Reuni\u00f3n del Comit\u00e9 bilateral formado por la Comisi\u00f3n de la Santa Sede para las Relaciones Religiosas con los Jud\u00edos y el Gran Rabinato de Israel \u00a0 sobre el tema\u00abUna visi\u00f3n com\u00fan de la justicia social y el comportamiento \u00e9tico\u00bb Grottaferrata del 17 al 19 de octubre de 2004 Conscientes de que en [&hellip;]<\/p>\n","protected":false},"author":1,"featured_media":0,"comment_status":"open","ping_status":"open","sticky":false,"template":"","format":"standard","meta":{"_et_pb_use_builder":"","_et_pb_old_content":"","_et_gb_content_width":"","footnotes":""},"categories":[31],"tags":[82,51,92,83,91],"class_list":["post-119","post","type-post","status-publish","format-standard","hentry","category-documentos-eclesiales","tag-gran-rabino-de-israel","tag-hebreo","tag-relaciones-judeo-cristianas","tag-santa-sede","tag-valores-religiosos"],"_links":{"self":[{"href":"https:\/\/cejc-madrid.org\/index.php\/wp-json\/wp\/v2\/posts\/119","targetHints":{"allow":["GET"]}}],"collection":[{"href":"https:\/\/cejc-madrid.org\/index.php\/wp-json\/wp\/v2\/posts"}],"about":[{"href":"https:\/\/cejc-madrid.org\/index.php\/wp-json\/wp\/v2\/types\/post"}],"author":[{"embeddable":true,"href":"https:\/\/cejc-madrid.org\/index.php\/wp-json\/wp\/v2\/users\/1"}],"replies":[{"embeddable":true,"href":"https:\/\/cejc-madrid.org\/index.php\/wp-json\/wp\/v2\/comments?post=119"}],"version-history":[{"count":0,"href":"https:\/\/cejc-madrid.org\/index.php\/wp-json\/wp\/v2\/posts\/119\/revisions"}],"wp:attachment":[{"href":"https:\/\/cejc-madrid.org\/index.php\/wp-json\/wp\/v2\/media?parent=119"}],"wp:term":[{"taxonomy":"category","embeddable":true,"href":"https:\/\/cejc-madrid.org\/index.php\/wp-json\/wp\/v2\/categories?post=119"},{"taxonomy":"post_tag","embeddable":true,"href":"https:\/\/cejc-madrid.org\/index.php\/wp-json\/wp\/v2\/tags?post=119"}],"curies":[{"name":"wp","href":"https:\/\/api.w.org\/{rel}","templated":true}]}}