{"id":120,"date":"2012-02-20T17:12:35","date_gmt":"2012-02-20T17:12:35","guid":{"rendered":"https:\/\/upbeat-goodall.82-223-35-84.plesk.page\/index.php\/2012\/02\/20\/comision-santa-sede-delegacion-gran-rabino-de-israel-junio-2005\/"},"modified":"2012-02-20T17:12:35","modified_gmt":"2012-02-20T17:12:35","slug":"comision-santa-sede-delegacion-gran-rabino-de-israel-junio-2005","status":"publish","type":"post","link":"https:\/\/cejc-madrid.org\/index.php\/2012\/02\/20\/comision-santa-sede-delegacion-gran-rabino-de-israel-junio-2005\/","title":{"rendered":"Comisi\u00f3n Santa Sede &#8211; Delegaci\u00f3n Gran Rabino de Israel &#8211; junio 2005"},"content":{"rendered":"<p>\u00a0<\/p>\n<p>Comisi\u00f3n bilateral de las delegaciones de la Comisi\u00f3n de la Santa Sede para las Relaciones con el Juda\u00edsmo y del Gran Rabinato de Israel para las relaciones con la Iglesia cat\u00f3lica, celebrada en Jerusalem del 26 al 28 de junio de 2005<\/p>\n<p>\u00a0<\/p>\n<p>(19-21 Sivan 5765).<\/p>\n<p>* * *<\/p>\n<p>I. La tarde inaugural fue abierta por el rabino jefe de Israel, Shlomo Moshe Amar, Rishon L&#8217;Zion, quien expres\u00f3 su ferviente apoyo al di\u00e1logo, subrayando los profundos valores compartidos por las dos tradiciones, sin ignorar la distinci\u00f3n que hacen de nosotros diferentes comunidades de fe. El objetivo del di\u00e1logo es sobre todo promover los principios de la santidad y de la dignidad de todo ser humano, y mejorar con este objetivo nuestra colaboraci\u00f3n.<\/p>\n<p>Los jefes de las respectivas delegaciones, el rabino jefe Shear Yashuv Cohen y el cardenal Jorge Mej\u00eda, en sus discursos de bienvenida expresaron su gran satisfacci\u00f3n y la profunda comprensi\u00f3n y amistad que se ha desarrollado a trav\u00e9s de estos encuentros.<\/p>\n<p>II. Al inicio de las sesiones de trabajo, dado que era la primera reuni\u00f3n tras el fallecimiento del Papa Juan Pablo II, de feliz memoria, los presentes recordaron de manera especial su hist\u00f3rica contribuci\u00f3n a la reconciliaci\u00f3n entre cat\u00f3licos y jud\u00edos, y el hecho de que esta Comisi\u00f3n bilateral fue fruto de su iniciativa. Adem\u00e1s, el cardenal Mej\u00eda subray\u00f3 la significativa referencia al precedente rabino jefe de Roma, contenida en el testamento de Juan Pablo II. Se expres\u00f3 aprecio por el compromiso manifestado por su sucesor, Benedicto XVI, para seguir promoviendo estas relaciones bilaterales.<\/p>\n<p>III. El tema de esta quinta reuni\u00f3n fue: \u00abLas relaciones entre autoridad religiosa y civil en las tradiciones jud\u00eda y cristiana\u00bb. A partir de la visi\u00f3n b\u00edblica de las distintas funciones del rey, del profeta y del sacerdote, y de sus respectivas relaciones con el pueblo de Dios, se se\u00f1alaron estos puntos centrales:<\/p>\n<p>1) Los valores religiosos son de vital importancia para el bienestar del individuo y de la sociedad;<\/p>\n<p>2) El objetivo de la autoridad civil es el de servir y promover el bien com\u00fan, respetando la vida y la dignidad de cada individuo;<\/p>\n<p>3) En este contexto, subrayando la importancia de la democracia, es esencial salvaguardar con la ley a la sociedad del individualismo extremo, de la manipulaci\u00f3n por parte de grupos que tienen intereses de parte, de la insensibilidad ante los valores culturales y morales de las tradiciones religiosas;<\/p>\n<p>4) La libertad de religi\u00f3n tiene que garantizarse tanto a los individuos como a las comunidades por parte de las autoridades civiles y religiosas;<\/p>\n<p>5) La relaci\u00f3n entre religi\u00f3n y estado debe fundamentarse en la reciprocidad, en el respeto rec\u00edproco y en la colaboraci\u00f3n;<\/p>\n<p>6) Medidas de ley a favor de determinados valores religiosos son leg\u00edtimas, cuando se aplican en armon\u00eda con los principios de los derechos humanos;<\/p>\n<p>7) Tenemos la obligaci\u00f3n moral de dar ejemplo de responsabilidad religiosa en estos \u00e1mbitos, y especialmente de educar a las j\u00f3venes generaciones, ya sea recurriendo a los agentes de los grandes medios de comunicaci\u00f3n, ya sea a trav\u00e9s de los canales educativos convencionales.<\/p>\n<p>IV. La discusi\u00f3n se concentr\u00f3 en la responsabilidad del Estado para garantizar los derechos de todas las comunidades religiosas, prestando particular atenci\u00f3n a las necesidades de las comunidades cristianas de Tierra Santa, as\u00ed como a las necesidades de las comunidades jud\u00edas en el mundo, facilitando la plena igualdad social y pol\u00edtica, sin debilitar las identidades particulares.<\/p>\n<p>Delegaci\u00f3n jud\u00eda<\/p>\n<p>Rabino jefe Shear Yashuv Cohen, presidente de la delegaci\u00f3n Rabino jefe Rasson Arussi<\/p>\n<p>Rabino jefe David Brodman<\/p>\n<p>Rabino jefe Yossef Azran<\/p>\n<p>Rabino jefe David Rosen Se\u00f1or Oded Wiener<\/p>\n<p>Embajador Shmuel Hadas<\/p>\n<p>Delegaci\u00f3n cat\u00f3lica<\/p>\n<p>Cardenal Jorge Mej\u00eda, presidente de la delegaci\u00f3n<\/p>\n<p>Cardenal George Cottier, O.P. Obispo Giacinto-Boulos Marcuzzo<\/p>\n<p>P. Norbert Hofmann SDB,<\/p>\n<p>Archimandrita Elias Chacour<\/p>\n<p>Monse\u00f1or Pier Francesco Fumagalli<\/p>\n<p>Arzobispo Pietro Sambi, nuncio apost\u00f3lico<\/p>\n","protected":false},"excerpt":{"rendered":"<p>\u00a0 Comisi\u00f3n bilateral de las delegaciones de la Comisi\u00f3n de la Santa Sede para las Relaciones con el Juda\u00edsmo y del Gran Rabinato de Israel para las relaciones con la Iglesia cat\u00f3lica, celebrada en Jerusalem del 26 al 28 de junio de 2005 \u00a0 (19-21 Sivan 5765). * * * I. La tarde inaugural fue [&hellip;]<\/p>\n","protected":false},"author":1,"featured_media":0,"comment_status":"open","ping_status":"open","sticky":false,"template":"","format":"standard","meta":{"_et_pb_use_builder":"","_et_pb_old_content":"","_et_gb_content_width":"","footnotes":""},"categories":[31],"tags":[93,82,51,83,91],"class_list":["post-120","post","type-post","status-publish","format-standard","hentry","category-documentos-eclesiales","tag-dialogo","tag-gran-rabino-de-israel","tag-hebreo","tag-santa-sede","tag-valores-religiosos"],"_links":{"self":[{"href":"https:\/\/cejc-madrid.org\/index.php\/wp-json\/wp\/v2\/posts\/120","targetHints":{"allow":["GET"]}}],"collection":[{"href":"https:\/\/cejc-madrid.org\/index.php\/wp-json\/wp\/v2\/posts"}],"about":[{"href":"https:\/\/cejc-madrid.org\/index.php\/wp-json\/wp\/v2\/types\/post"}],"author":[{"embeddable":true,"href":"https:\/\/cejc-madrid.org\/index.php\/wp-json\/wp\/v2\/users\/1"}],"replies":[{"embeddable":true,"href":"https:\/\/cejc-madrid.org\/index.php\/wp-json\/wp\/v2\/comments?post=120"}],"version-history":[{"count":0,"href":"https:\/\/cejc-madrid.org\/index.php\/wp-json\/wp\/v2\/posts\/120\/revisions"}],"wp:attachment":[{"href":"https:\/\/cejc-madrid.org\/index.php\/wp-json\/wp\/v2\/media?parent=120"}],"wp:term":[{"taxonomy":"category","embeddable":true,"href":"https:\/\/cejc-madrid.org\/index.php\/wp-json\/wp\/v2\/categories?post=120"},{"taxonomy":"post_tag","embeddable":true,"href":"https:\/\/cejc-madrid.org\/index.php\/wp-json\/wp\/v2\/tags?post=120"}],"curies":[{"name":"wp","href":"https:\/\/api.w.org\/{rel}","templated":true}]}}