{"id":131,"date":"2012-04-20T09:28:20","date_gmt":"2012-04-20T09:28:20","guid":{"rendered":"https:\/\/upbeat-goodall.82-223-35-84.plesk.page\/index.php\/2012\/04\/20\/excursion-caceres-hervas-2\/"},"modified":"2012-04-20T09:28:20","modified_gmt":"2012-04-20T09:28:20","slug":"excursion-caceres-hervas-2","status":"publish","type":"post","link":"https:\/\/cejc-madrid.org\/index.php\/2012\/04\/20\/excursion-caceres-hervas-2\/","title":{"rendered":"Excursion C\u00e1ceres-Herv\u00e1s"},"content":{"rendered":"<p>\u00a0<\/p>\n<p style=\"text-align: center;\"><strong>Madrid-C\u00e1ceres-Herv\u00e1s-Madrid<\/strong><br \/><strong>26 y 27 de Mayo<\/strong><\/p>\n<p style=\"text-align: justify;\"><strong>S\u00c1BADO  26<\/strong>: Salida de Madrid con direcci\u00f3n a C\u00e1ceres, a la llegada nos dirigiremos a nuestro Hotel para el reparto de habitaciones, y a continuaci\u00f3n tener el almuerzo,  finalizado este, saldremos para recorrer uno de los conjuntos monumentales m\u00e1s importantes del mundo declarado Patrimonio de la Humanidad por la Unesco. En nuestro recorrido veremos las viejas Murallas, Torre de Bujaco una muestra de sus antiguos pobladores \u00e1rabes, Plaza Mayor, Plaza de San Jorge, visitaremos  la juder\u00eda vieja y la juder\u00eda nueva, Arco de la Estrella del siglo XV y puerta de entrada para la visita a la ciudad.<br \/>Como dato curioso se\u00f1alaremos que como consecuencia de los sangrientos enfrentamientos, fueron desmochadas todas las torres de la ciudad excepto la de los C\u00e1ceres-Ovando denominada tambi\u00e9n torre de las cig\u00fce\u00f1as, todo eso y mucho m\u00e1s explicado por un experto Gu\u00eda Oficial. Al finalizar tendremos alg\u00fan tiempo libre para admirar la belleza de C\u00e1ceres.<br \/>A la hora que determinaremos nos recoger\u00e1 nuestro autocar para trasladarnos a nuestro hotel, donde tendremos la cena.<br \/><strong>DOMINGO 27<\/strong>: Desayuno en el Hotel. Cargaremos las maletas en nuestro autocar y saldremos para Herv\u00e1s para recorrer su n\u00facleo urbano y su juder\u00eda, una de las mejor conservadas de Espa\u00f1a, pasearemos por sus calles, entre las cuales se encuentra la dedicada al Centro de Estudios Judeo-Cristianos, al finalizar realizaremos la comida,  en un t\u00edpico restaurante de la zona especializado en comida extreme\u00f1a y sefard\u00ed. Al finalizar emprenderemos el regreso a Madrid.<\/p>\n<p style=\"text-align: justify;\">\u00a0<\/p>\n<p style=\"text-align: justify;\">Salida: Hilari\u00f3n Eslava\/esquina a Cea Berm\u00fadez \u2013 08:30<br \/>Precios: Socios, alumnos y sus invitados: 125\u20ac<br \/>Resto de asistentes: 140 \u20ac<br \/>Las habitaciones individuales, no llevan incremento<\/p>\n<p style=\"text-align: justify;\">\u00a0<\/p>\n<p style=\"text-align: justify;\"><strong>Plazo m\u00e1ximo de inscripci\u00f3n: 7 de mayo<\/strong><\/p>\n<p style=\"text-align: justify;\">Dirigirse a: \tSecretar\u00eda<br \/>Tfno: 91 543 12 51<br \/>secretaria@cejc-madrid.org<br \/>Hilari\u00f3n Eslava, 50  6\u00ba izda. 28015 Madrid<\/p>\n","protected":false},"excerpt":{"rendered":"<p>\u00a0 Madrid-C\u00e1ceres-Herv\u00e1s-Madrid26 y 27 de Mayo S\u00c1BADO 26: Salida de Madrid con direcci\u00f3n a C\u00e1ceres, a la llegada nos dirigiremos a nuestro Hotel para el reparto de habitaciones, y a continuaci\u00f3n tener el almuerzo, finalizado este, saldremos para recorrer uno de los conjuntos monumentales m\u00e1s importantes del mundo declarado Patrimonio de la Humanidad por la [&hellip;]<\/p>\n","protected":false},"author":1,"featured_media":0,"comment_status":"open","ping_status":"open","sticky":false,"template":"","format":"standard","meta":{"_et_pb_use_builder":"","_et_pb_old_content":"","_et_gb_content_width":"","footnotes":""},"categories":[6],"tags":[106,104,108,51,105,107],"class_list":["post-131","post","type-post","status-publish","format-standard","hentry","category-viajes-a-juderias","tag-caceres","tag-centro-de-estudios-judeo-cristianos","tag-excursion","tag-hebreo","tag-hervas","tag-juderias"],"_links":{"self":[{"href":"https:\/\/cejc-madrid.org\/index.php\/wp-json\/wp\/v2\/posts\/131","targetHints":{"allow":["GET"]}}],"collection":[{"href":"https:\/\/cejc-madrid.org\/index.php\/wp-json\/wp\/v2\/posts"}],"about":[{"href":"https:\/\/cejc-madrid.org\/index.php\/wp-json\/wp\/v2\/types\/post"}],"author":[{"embeddable":true,"href":"https:\/\/cejc-madrid.org\/index.php\/wp-json\/wp\/v2\/users\/1"}],"replies":[{"embeddable":true,"href":"https:\/\/cejc-madrid.org\/index.php\/wp-json\/wp\/v2\/comments?post=131"}],"version-history":[{"count":0,"href":"https:\/\/cejc-madrid.org\/index.php\/wp-json\/wp\/v2\/posts\/131\/revisions"}],"wp:attachment":[{"href":"https:\/\/cejc-madrid.org\/index.php\/wp-json\/wp\/v2\/media?parent=131"}],"wp:term":[{"taxonomy":"category","embeddable":true,"href":"https:\/\/cejc-madrid.org\/index.php\/wp-json\/wp\/v2\/categories?post=131"},{"taxonomy":"post_tag","embeddable":true,"href":"https:\/\/cejc-madrid.org\/index.php\/wp-json\/wp\/v2\/tags?post=131"}],"curies":[{"name":"wp","href":"https:\/\/api.w.org\/{rel}","templated":true}]}}