{"id":133,"date":"2012-06-18T10:30:22","date_gmt":"2012-06-18T10:30:22","guid":{"rendered":"https:\/\/upbeat-goodall.82-223-35-84.plesk.page\/index.php\/2012\/06\/18\/benedicto-xvi-al-cjl-10-mayo-2012\/"},"modified":"2012-06-18T10:30:22","modified_gmt":"2012-06-18T10:30:22","slug":"benedicto-xvi-al-cjl-10-mayo-2012","status":"publish","type":"post","link":"https:\/\/cejc-madrid.org\/index.php\/2012\/06\/18\/benedicto-xvi-al-cjl-10-mayo-2012\/","title":{"rendered":"Benedicto XVI &#8211; Saludo al CJL &#8211; 10 mayo 2012"},"content":{"rendered":"<p>\u00a0<\/p>\n<p style=\"text-align: center;\">SALUDO DEL SANTO PADRE BENEDICTO XVI<br \/>UNA DELEGACI\u00d3N DEL CONGRESO JUD\u00cdO LATINOAMERICANO<\/p>\n<p style=\"text-align: center;\">\u00a0<\/p>\n<p style=\"text-align: center;\">Sala de los Papas Jueves 10 de mayo de 2012<\/p>\n<p style=\"text-align: justify;\">Queridos amigos jud\u00edos:<br \/>Mucho me complace dar la bienvenida a esta delegaci\u00f3n del Congreso Jud\u00edo Latinoamericano. Nuestro encuentro es particularmente significativo, pues ustedes son el primer grupo que representa a organizaciones y comunidades jud\u00edas en Am\u00e9rica Latina con el que me he encontrado aqu\u00ed en el Vaticano. En toda Latinoam\u00e9rica hay comunidades jud\u00edas din\u00e1micas, especialmente en Argentina y Brasil, que viven junto a una gran mayor\u00eda de cat\u00f3licos. A partir de los a\u00f1os del Concilio Vaticano II, las relaciones entre jud\u00edos y cat\u00f3licos se han fortalecido tambi\u00e9n en su regi\u00f3n, y hay diversas iniciativas que siguen profundizando la mutua amistad.<br \/>Como ustedes saben, el pr\u00f3ximo mes de octubre se celebra el cincuentenario del comienzo del Concilio Vaticano II, cuya Declaraci\u00f3n Nostra Aetate sigue siendo la base y gu\u00eda en nuestros esfuerzos por promover mayor comprensi\u00f3n, respeto y cooperaci\u00f3n entre nuestras dos comunidades. Esta Declaraci\u00f3n no s\u00f3lo asumi\u00f3 una neta posici\u00f3n contra toda forma de antisemitismo, sino que sent\u00f3 tambi\u00e9n las bases para una nueva valoraci\u00f3n teol\u00f3gica de la relaci\u00f3n de la Iglesia con el juda\u00edsmo, y manifest\u00f3 su confianza en que el aprecio de la herencia espiritual compartida por jud\u00edos y cristianos llevar\u00eda a una comprensi\u00f3n y estima mutua cada vez mayor (n. 4)<br \/>Al considerar el progreso adquirido en los \u00faltimos cincuenta a\u00f1os de relaciones judeo-cat\u00f3licas en todo el mundo, no podemos por menos que dar gracias al Todopoderoso por este signo evidente de su bondad y providencia. Con el crecimiento de la confianza, el respeto y la buena voluntad, grupos que inicialmente se relacionaban con cierta desconfianza, se han convertido paso a paso en socios de confianza y amigos, buenos amigos incluso, capaces de hacer frente juntos a la crisis y superar los conflictos de manera positiva. Ciertamente, a\u00fan queda mucho por hacer en la superaci\u00f3n de los lastres del pasado, en el fomento de mejores relaciones entre nuestras dos comunidades, y en la respuesta a los desaf\u00edos que afrontan cada vez m\u00e1s los creyentes en el mundo actual. Sin embargo, es un motivo para dar gracias el que estemos comprometidos a recorrer juntos el camino del di\u00e1logo, la reconciliaci\u00f3n y la cooperaci\u00f3n.<br \/>Queridos amigos, en un mundo cada vez m\u00e1s amenazado por la p\u00e9rdida de los valores espirituales y morales, que son los que pueden garantizar el respeto de la dignidad humana y la paz duradera, un di\u00e1logo sincero y respetuoso entre religiones y culturas es crucial para el futuro de nuestra familia humana. Tengo la esperanza de que esta visita de hoy sea una fuente de aliento y confianza renovada a la hora de afrontar el reto de construir lazos cada vez m\u00e1s fuertes de amistad y colaboraci\u00f3n, y de dar testimonio prof\u00e9tico de la fuerza de la verdad de Dios, la justicia y el amor reconciliador, para el bien de toda la humanidad.<br \/>Con estos sentimientos, queridos amigos, pido al tres veces Santo que les bendiga a ustedes y a sus familias con abundantes dones espirituales, y que gu\u00ede sus pasos por el camino de la paz.<br \/>Shalom elich\u00e9m.<\/p>\n","protected":false},"excerpt":{"rendered":"<p>\u00a0 SALUDO DEL SANTO PADRE BENEDICTO XVIUNA DELEGACI\u00d3N DEL CONGRESO JUD\u00cdO LATINOAMERICANO \u00a0 Sala de los Papas Jueves 10 de mayo de 2012 Queridos amigos jud\u00edos:Mucho me complace dar la bienvenida a esta delegaci\u00f3n del Congreso Jud\u00edo Latinoamericano. Nuestro encuentro es particularmente significativo, pues ustedes son el primer grupo que representa a organizaciones y comunidades [&hellip;]<\/p>\n","protected":false},"author":1,"featured_media":0,"comment_status":"open","ping_status":"open","sticky":false,"template":"","format":"standard","meta":{"_et_pb_use_builder":"","_et_pb_old_content":"","_et_gb_content_width":"","footnotes":""},"categories":[29],"tags":[111,104,110,112],"class_list":["post-133","post","type-post","status-publish","format-standard","hentry","category-benedicto-xvi","tag-benedicto-xvi","tag-centro-de-estudios-judeo-cristianos","tag-concilio-vaticano-ii","tag-nostra-aetate"],"_links":{"self":[{"href":"https:\/\/cejc-madrid.org\/index.php\/wp-json\/wp\/v2\/posts\/133","targetHints":{"allow":["GET"]}}],"collection":[{"href":"https:\/\/cejc-madrid.org\/index.php\/wp-json\/wp\/v2\/posts"}],"about":[{"href":"https:\/\/cejc-madrid.org\/index.php\/wp-json\/wp\/v2\/types\/post"}],"author":[{"embeddable":true,"href":"https:\/\/cejc-madrid.org\/index.php\/wp-json\/wp\/v2\/users\/1"}],"replies":[{"embeddable":true,"href":"https:\/\/cejc-madrid.org\/index.php\/wp-json\/wp\/v2\/comments?post=133"}],"version-history":[{"count":0,"href":"https:\/\/cejc-madrid.org\/index.php\/wp-json\/wp\/v2\/posts\/133\/revisions"}],"wp:attachment":[{"href":"https:\/\/cejc-madrid.org\/index.php\/wp-json\/wp\/v2\/media?parent=133"}],"wp:term":[{"taxonomy":"category","embeddable":true,"href":"https:\/\/cejc-madrid.org\/index.php\/wp-json\/wp\/v2\/categories?post=133"},{"taxonomy":"post_tag","embeddable":true,"href":"https:\/\/cejc-madrid.org\/index.php\/wp-json\/wp\/v2\/tags?post=133"}],"curies":[{"name":"wp","href":"https:\/\/api.w.org\/{rel}","templated":true}]}}