{"id":137,"date":"2012-06-29T15:33:40","date_gmt":"2012-06-29T15:33:40","guid":{"rendered":"https:\/\/upbeat-goodall.82-223-35-84.plesk.page\/index.php\/2012\/06\/29\/circular-informativa-no-195\/"},"modified":"2012-06-29T15:33:40","modified_gmt":"2012-06-29T15:33:40","slug":"circular-informativa-no-195","status":"publish","type":"post","link":"https:\/\/cejc-madrid.org\/index.php\/2012\/06\/29\/circular-informativa-no-195\/","title":{"rendered":"Circular n\u00ba 195 abril-junio 2012"},"content":{"rendered":"<p style=\"text-align: justify;\" align=\"center\"><a href=\"https:\/\/cejc-madrid.org\/wp-content\/uploads\/2012\/06\/Circular_junio-2012-web.pdf\">Descargar en pdf<\/a><\/p>\n<p>\u00a0<\/p>\n<p>\u00a0<\/p>\n<p>N\u00ba 195 (Abril-Junio 2012)<\/p>\n<p>\u00a0<\/p>\n<p align=\"center\"><b>Encomienda de la Orden del M\u00e9rito Civil<\/b><\/p>\n<p>El Ministerio de Asuntos Exteriores y de Cooperaci\u00f3n, a petici\u00f3n del Embajador en Misi\u00f3n Especial para las relaciones con la Comunidad y Organizaciones Jud\u00edas, D. Alvaro Albacete, concedi\u00f3 la Encomienda de la Orden del Merito Civil, en reconocimiento a su gran labor en las relaciones judeo-cristianas en Espa\u00f1a, a Sor Ionel Mihalovici Blumenfeld.<\/p>\n<p>En el acto de entrega Sor Ionel dijo las siguientes palabras:<\/p>\n<p><i><img loading=\"lazy\" decoding=\"async\" class=\" alignleft size-full wp-image-125\" style=\"margin: 3px; float: left;\" src=\"https:\/\/cejc-madrid.org\/wp-content\/uploads\/2012\/03\/imagen1.png\" alt=\"Sor Ionel Mihalovici\" height=\"285\" width=\"116\" srcset=\"https:\/\/cejc-madrid.org\/wp-content\/uploads\/2012\/03\/imagen1.png 252w, https:\/\/cejc-madrid.org\/wp-content\/uploads\/2012\/03\/imagen1-122x300.png 122w\" sizes=\"(max-width: 116px) 100vw, 116px\" \/>\u201cEn el Tratado de Taanit se dice acerca del sabio Nahum de Guimzo: \u00bfPor qu\u00e9 se llama Nahum el de Guimzo? Porque ante cualquier cosa que le ocurr\u00eda, sol\u00eda decir: Gam zo le tova\u2026 \u201ctambi\u00e9n esto es para bien\u201d (Taa. 21\u00aa).<\/i><\/p>\n<p><i> Quisiera desear que el Acto de hoy sea tambi\u00e9n \u201cpara el bien\u201d de todos los que trabajamos desde hace 40 a\u00f1os, para establecer y desarrollar las relaciones de respeto y verdadera amistad entre jud\u00edos y cristianos, y entre Israel y Espa\u00f1a.<\/i><\/p>\n<p><i> Efectivamente, el 21 de Septiembre de este a\u00f1o, el Centro de Estudios Judeo-Cristianos del Arzobispado de Madrid, va a celebrar el 40 aniversario del Decreto de su Erecci\u00f3n por Monse\u00f1or Taranc\u00f3n. <\/i><\/p>\n<p><i> En 1972, nuestro Centro era aun muy peque\u00f1o, pero \u00fanico en Espa\u00f1a por la misi\u00f3n que se le hab\u00eda asignado de acercamiento y mutua comprensi\u00f3n entre jud\u00edos y cristianos. Peque\u00f1o en sus comienzos, pero animado con mucho inter\u00e9s por los primeros amigos entre los que no puedo dejar de mencionar a nuestro querido Samuel Toledano, a Sor Esperanza, a D. Vicente Serrano y al Rabino Baruj Garzon y dem\u00e1s miembros de la primera junta directiva. <\/i><\/p>\n<p><i>De todos ellos guardo un grato recuerdo por su dedicaci\u00f3n a las tareas del Centro y sobre todo por la fe que demostraron en los ideales de fraternidad que siempre compartimos. <\/i><\/p>\n<p><i> <\/i><\/p>\n<p><i> <\/i><\/p>\n<p><i> Como \u00fanico Centro de las relaciones entre el Juda\u00edsmo y la Iglesia, nuestro peque\u00f1o Centro no tard\u00f3 en aglutinar a su alrededor, a hombres y mujeres de buena voluntad que pronto lo hicieron crecer. <\/i><\/p>\n<p><i>La Biblioteca, \u00fanica entonces en su g\u00e9nero, atra\u00eda cada vez m\u00e1s a investigadores y estudiosos de la espiritualidad com\u00fan a jud\u00edos y cristianos. Los Cursos de Hebreo se abrieron pronto al mundo universitario. El programa anual de conferencias, abierto y clausurado por personalidades de ambas religiones, y en el que participaban distinguidos conferenciantes, alcanzaban cada vez mayor audiencia. <\/i><\/p>\n<p><i>Afortunadamente, son muchas las iniciativas que promueven hoy, los ideales que germinaron en el Centro. Por ello, nos hemos de felicitar, deseando que entre todos seamos capaces de proseguir la labor, hoy quiz\u00e1s m\u00e1s necesaria que nunca, de contribuir a trav\u00e9s del di\u00e1logo y el com\u00fan esfuerzo, a crear un mundo mejor, m\u00e1s pac\u00edfico, m\u00e1s fraterno y m\u00e1s digno de su Creador.<\/i><\/p>\n<p><i>Quisiera agradecer muy especialmente a las personas que hoy d\u00eda trabajan con mucha dedicaci\u00f3n para que esta tarea tan importante se siga desarrollando y ampliando sus actividades.<\/i><\/p>\n<p><i>Juntos seguiremos cantando las bellas palabras del Salmo que compuso el Rey David: \u201cHinn\u00e9 ma tob uma naim, shebet ajim gam yajad\u2026qu\u00e9 hermoso y placentero es estar los hermanos juntos\u201d<\/i><\/p>\n<p>\u00a0<\/p>\n<p align=\"center\"><b>Saludo del Papa Benedicto XVI<br \/> a una Delegaci\u00f3n del Congreso Jud\u00edo Latinoamericano<\/b><\/p>\n<p align=\"center\"><i>Jueves 10 de mayo de 2012, Sala de los Papas<\/i><\/p>\n<p>Queridos amigos jud\u00edos:<\/p>\n<p>Mucho me complace dar la bienvenida a esta delegaci\u00f3n del <i>Congreso Jud\u00edo Latinoamericano<\/i>. Nuestro encuentro es particularmente significativo, pues ustedes son el primer grupo que representa a organizaciones y comunidades jud\u00edas en Am\u00e9rica Latina con el que me he encontrado aqu\u00ed en el Vaticano. En toda Latinoam\u00e9rica hay comunidades jud\u00edas din\u00e1micas, especialmente en Argentina y Brasil, que viven junto a una gran mayor\u00eda de cat\u00f3licos. A partir de los a\u00f1os del Concilio Vaticano II, las relaciones entre jud\u00edos y cat\u00f3licos se han fortalecido tambi\u00e9n en su regi\u00f3n, y hay diversas iniciativas que siguen profundizando la mutua amistad.<\/p>\n<p>Como ustedes saben, el pr\u00f3ximo mes de octubre se celebra el cincuentenario del comienzo del Concilio Vaticano II, cuya Declaraci\u00f3n <a href=\"http:\/\/www.vatican.va\/archive\/hist_councils\/ii_vatican_council\/documents\/vat-ii_decl_19651028_nostra-aetate_sp.html\"><i>Nostra Aetate<\/i><\/a> sigue siendo la base y gu\u00eda en nuestros esfuerzos por promover mayor comprensi\u00f3n, respeto y cooperaci\u00f3n entre nuestras dos comunidades. Esta Declaraci\u00f3n no s\u00f3lo asumi\u00f3 una neta posici\u00f3n contra toda forma de antisemitismo, sino que sent\u00f3 tambi\u00e9n las bases para una nueva valoraci\u00f3n teol\u00f3gica de la relaci\u00f3n de la Iglesia con el juda\u00edsmo, y manifest\u00f3 su confianza en que el aprecio de la herencia espiritual compartida por jud\u00edos y cristianos llevar\u00eda a una comprensi\u00f3n y estima mutua cada vez mayor (n. 4).<\/p>\n<p>Al considerar el progreso adquirido en los \u00faltimos cincuenta a\u00f1os de relaciones judeo-cat\u00f3licas en todo el mundo, no podemos por menos que dar gracias al Todopoderoso por este signo evidente de su bondad y providencia. Con el crecimiento de la confianza, el respeto y la buena voluntad, grupos que inicialmente se relacionaban con cierta desconfianza, se han convertido paso a paso en socios de confianza y amigos, buenos amigos incluso, capaces de hacer frente juntos a la crisis y superar los conflictos de manera positiva. Ciertamente, a\u00fan queda mucho por hacer en la superaci\u00f3n de los lastres del pasado, en el fomento de mejores relaciones entre nuestras dos comunidades, y en la respuesta a los desaf\u00edos que afrontan cada vez m\u00e1s los creyentes en el mundo actual. Sin embargo, es un motivo para dar gracias el que estemos comprometidos a recorrer juntos el camino del di\u00e1logo, la reconciliaci\u00f3n y la cooperaci\u00f3n.<\/p>\n<p>Queridos amigos, en un mundo cada vez m\u00e1s amenazado por la p\u00e9rdida de los valores espirituales y morales, que son los que pueden garantizar el respeto de la dignidad humana y la paz duradera, un di\u00e1logo sincero y respetuoso entre religiones y culturas es crucial para el futuro de nuestra familia humana. Tengo la esperanza de que esta visita de hoy sea una fuente de aliento y confianza renovada a la hora de afrontar el reto de construir lazos cada vez m\u00e1s fuertes de amistad y colaboraci\u00f3n, y de dar testimonio prof\u00e9tico de la fuerza de la verdad de Dios, la justicia y el amor reconciliador, para el bien de toda la humanidad.<\/p>\n<p>Con estos sentimientos, queridos amigos, pido al tres veces Santo que les bendiga a ustedes y a sus familias con abundantes dones espirituales, y que gu\u00ede sus pasos por el camino de la paz.<\/p>\n<p align=\"center\">\u00a0<\/p>\n<p align=\"center\"><b>Conmemoraci\u00f3n de la Shoah por la CJM <\/b><\/p>\n<p align=\"center\"><b><br \/><\/b><\/p>\n<p>El monumento en memoria de las V\u00edctimas del Holocausto situado en el parque Juan Carlos I, volvi\u00f3 a ser un a\u00f1o m\u00e1s el escenario junto al que el Ayuntamiento de la capital y la Comunidad Jud\u00eda rindieron tributo a quienes murieron y sufrieron las consecuencias del exterminio nazi en Europa. La alcaldesa de Madrid, D.\u00aa Ana Botella, quiso recordar \u00aba quienes padecieron el intento de destrucci\u00f3n de los valores que nos hacen verdaderamente humanos, la dignidad, la libertad y el respeto a la persona con independencia de cu\u00e1les sean sus opiniones y creencias, expresiones del antisemitismo que propagan los enemigos de la libertad, que se encarnan en la persecuci\u00f3n contra la naci\u00f3n de Israel y contra todo cuanto significa como Estado de Derecho, libre y democr\u00e1tico\u00bb.<\/p>\n<p>Junto a la regidora, estuvieron presentes en el homenaje el Gran Rabino de Espa\u00f1a, Mosh\u00e9 Bendahan; el Ministro Consejero de la Embajada israel\u00ed, D. Oren Bar-El, y el Presidente de la Federaci\u00f3n de Comunidades Jud\u00edas, D. Isaac Querub. El monumento en memoria de las V\u00edctimas del Holocausto es una escultura construida con acero y traviesas de madera de ferrocarril \u2013obra del artista Samuel Nahon y el arquitecto Alberto Stisin\u2013, que representa el terror de los trenes de la muerte que trasladaban a los prisioneros a los campos de concentraci\u00f3n, y fue inaugurado en 2007.<\/p>\n<p>\u00a0<\/p>\n<p align=\"center\"><b>Brotes de Antisemitismo<\/b><\/p>\n<p><b>Atacan a un rabino en Budapest<\/b><\/p>\n<p>La Federaci\u00f3n de Comunidades Jud\u00edas de Hungr\u00eda denunci\u00f3 que el Gran Rabino de Budapest Yosef Shweitzer (89 a\u00f1os) fue atacado por un desconocido que le grit\u00f3 \u00ab\u00a1Yo odio a todos los jud\u00edos!\u00bb al salir de su casa. Difundido el incidente, tanto las  autoridades nacionales como varias agrupaciones pol\u00edticas y algunos dignatarios de la Iglesia Cat\u00f3lica repudiaron en\u00e9rgicamente la agresi\u00f3n.<\/p>\n<p>El nuevo presidente de Hungr\u00eda, J\u00e1nos \u00c1der, reaccion\u00f3 r\u00e1pida y en\u00e9rgicamente contra lo que se perfila como el record de una ola de antisemitismo que est\u00e1 teniendo lugar por todo el territorio de Hungr\u00eda: <i>\u201cLa ofensa sufrida por el Rabino Shweitzer es una agresi\u00f3n contra todos nosotros, los h\u00fangaros. Su autor puede mantenerse en el anonimato y actuar por cuenta propia, pero este y otros actos semejantes influyen negativamente sobre los hijos del pueblo h\u00fangaro y como resultado, todos debemos sufrir la ofensa que estos hechos provoca. No es suficiente protestar contra los hechos sino que es necesario sacarse de encima la suciedad de los dem\u00e1s. Todo ciudadano que vela por la ley y el orden en Hungr\u00eda y que tenga una concepci\u00f3n de mundo clara y espec\u00edfica tiene el deber de un\u00edrsenos para levantar entre todos juntos una muralla espiritual e intelectual contra los racistas y contra todos los actos que est\u00e9n destinados a inflamar los sentimientos de odio\u201d.<\/i><\/p>\n<p><b>Evento antisemita en los festejos por los 60 a\u00f1os del reinado de Elizabeth II<\/b><\/p>\n<p>En uno de los eventos organizados en Gran Breta\u00f1a, como celebraci\u00f3n del 60 aniversario de la coronaci\u00f3n de la reina Elizabeth II, en la ciudad de Manchester, se observ\u00f3 a varios participantes vistiendo uniformes de oficiales del ej\u00e9rcito nazi, entre los que se destacaba uno disfrazado de Hermann G\u00f6ring, y portando diversos s\u00edmbolos nazis. De acuerdo a lo publicado por el \u00abDaily Telegraph\u00bb, estos individuos le solicitaron a una pareja de jud\u00edos que se disfrazaran de v\u00edctimas de la Sho\u00e1, a lo que se negaron.<\/p>\n<p>La presencia de los disfrazados de nazis caus\u00f3 gran indignaci\u00f3n entre unas 10.000 personas que presenciaron el evento.<\/p>\n<p><b>Incalificable agresi\u00f3n al Yad Vashem<\/b><\/p>\n<p>Las autoridades israel\u00edes est\u00e1n investigando las leyendas antisemitas y antisionistas, pintadas en Yad Vashem, el Memorial a la Sho\u00e1 erigido en el Estado de Israel en memoria del genocidio de seis millones de jud\u00edos asesinados por los nazis durante la Segunda Guerra Mundial.<\/p>\n<p>\u00abHitler, gracias por el Holocausto\u00bb; \u00abSi Hitler no hubiera existido, los sionistas tendr\u00edan que haberlo inventado\u00bb; \u00abIsrael es el Auschwitz secular del juda\u00edsmo sefarad\u00ed\u00bb; \u00abJud\u00edos despierten, el r\u00e9gimen sionista es peligroso\u00bb, son algunas entre la decena de pintadas halladas en los muros de la instituci\u00f3n. Una de las pintadas estaba firmaba \u00abla mafia global sionista\u00bb y otra por \u00abel juda\u00edsmo global ultra ortodoxo jud\u00edo\u00bb.<\/p>\n<p>El presidente del Yad Vashem, Avner Shalev, expres\u00f3: \u00abEstoy conmocionado por este descarado acto de odio contra el Estado y contra el sionismo, que ha traspasado todos los l\u00edmites\u201d.<\/p>\n<p align=\"center\"><b>El di\u00e1logo entre cat\u00f3licos y jud\u00edos sigue avanzando<\/b><\/p>\n<p align=\"center\"><b><br \/><\/b><\/p>\n<p>Las relaciones entre jud\u00edos y cat\u00f3licos tomaron un cambio de direcci\u00f3n con el Concilio Vaticano II y con los documentos que reiteran la teolog\u00eda de la continuidad del cristianismo con el Antiguo Testamento,<\/p>\n<p>El d\u00eda 13 de junio, organizado por la Asociaci\u00f3n Cat\u00f3licos Amigos de Israel, cont\u00f3 con la colaboraci\u00f3n de la Fundaci\u00f3n Promoci\u00f3n Social de la cultura (FPSC en Roma,) y la Pontificia Universidad de la Santa Cruz del Opus Dei en donde se realiz\u00f3 el encuentro en un clima de amistad para hablar de las relaciones entre Israel y la Santa Sede<\/p>\n<p>Entre los conferenciantes intervino el Embajador de Israel ante la Santa Sede, Mordechay Lewy, que inform\u00f3 del estado actual de las relaciones bilaterales, resalt\u00f3 su empe\u00f1o en reducir el c\u00edrculo vicioso de las pol\u00e9micas entre jud\u00edos y cat\u00f3licos y los miedos mutuos existentes. Record\u00f3 que entre el Vaticano e Israel existen directrices no solamente pol\u00edticas sino tambi\u00e9n religiosas y espirituales. Y sobre los acuerdos concretos que esperan ser firmados consider\u00f3 que estos son importantes si bien la relaci\u00f3n bilateral es mucho m\u00e1s amplia.<\/p>\n<p>Otros conferenciantes fueron el obispo italiano monse\u00f1or Ambrogio Spreafico; el profesor Amnon Ramon, del Instituto de Estudios de Israel de la Universidad Hebrea de Jerusal\u00e9n; el profesor Alberto Melloni, de la Fundaci\u00f3n de Ciencias Religiosas Juan XXIII; el profesor Raymond Cohen del Departamento de Relaciones Internacionales de la Universidad de Jerusal\u00e9n. Moderado por el vicedirector de la revista 30 Giorni, Giovanni Cubeddu, y con las introducciones de la presidenta de la FPSC, Pilar Lara y del rector de la Universidad sede del evento, profesor Luis Romera.<\/p>\n<p>Entre los presentes estaba el cardenal Farina y el rabino jefe de la comunidad jud\u00eda de Roma, Ricardo Segni, que agradeci\u00f3 el encuentro deseando que \u201ceste tipo de eventos sea difundido hacia un p\u00fablico m\u00e1s extenso\u201d y con \u201cuna participaci\u00f3n m\u00e1s comunitaria de estas tem\u00e1ticas, y que el pr\u00f3ximo sea en Jerusal\u00e9n\u201d.<\/p>\n<p>Monse\u00f1or Spreafico en su exposici\u00f3n record\u00f3 \u201cel cambio que produjo el Concilio en las relaciones entre cat\u00f3licos y jud\u00edos despu\u00e9s de una larga historia marcada por el antisemitismo\u201d, en cuyo origen \u201chab\u00eda una ense\u00f1anza del desprecio\u201d. Una interpretaci\u00f3n de los datos del Nuevo Testamento que inicia ya en los primeros siglos de la era cristiana, con la acusaci\u00f3n de deicidio que se estableci\u00f3 en la conciencia popular. Por lo tanto una teolog\u00eda que consideraba que con la venida de Jesucristo, la Antigua Alianza hab\u00eda sido sustituida, creando as\u00ed una actitud que favoreci\u00f3 las persecuciones.<\/p>\n<p>La idea de \u201cuna Alianza nunca derogada\u201d, indicada por Juan Pablo II, concluy\u00f3 monse\u00f1or Spreafico, \u201cpodr\u00eda ayudarnos a entender mejor la relaci\u00f3n jud\u00edo-cristiana y hacerla crecer justamente evidenciando la perspectiva de la amistad\u201d pero tambi\u00e9n algo \u201cm\u00e1s que una simple idea en la cual se subraya la necesidad de una relaci\u00f3n de estima y de respeto, y con mayor frecuencia\u201d. Y reconoci\u00f3 que las relaciones fraternas fueron favorecidas por tantos grupos e individuos, como el de la Amistad Judeo Cristiana y la Comunidad de San Egidio, a\u00fan antes de la existencia de relaciones diplom\u00e1ticas. \u201cEstoy convencido \u2013 concluy\u00f3 \u2013 que estas relaciones tienen un valor permanente, garant\u00eda de presente y esperanza del futuro\u201d porque \u201csi las relaciones disminuyen los documentos no influir\u00e1n en la realidad\u201d. <i>(M\u00e1s informaci\u00f3n en nuestra p\u00e1gina web)<\/i><\/p>\n<p><i><br \/><\/i><\/p>\n<p align=\"center\"><b>Donaci\u00f3n a la Universidad Hebrea de Jerusal\u00e9n<\/b><\/p>\n<p align=\"center\"><b><br \/><\/b><\/p>\n<p>La Casa Museo P\u00e9rez Gald\u00f3s y el Cabildo de Gran Canaria donaron las obras completas de Benito P\u00e9rez Gald\u00f3s a la biblioteca de la Universidad Hebrea de Jerusal\u00e9n, con el fin de difundir la obra \u00abdel que muchos consideran el mejor autor espa\u00f1ol despu\u00e9s de Cervantes\u00bb.<\/p>\n<p>Yolanda Arencibia, directora de la C\u00e1tedra P\u00e9rez Gald\u00f3s en la Universidad de Las Palmas de Gran Canaria hizo la entrega de 75 vol\u00famenes a la Universidad Hebrea, con la esperanza de que \u00abeste gesto despierte el inter\u00e9s sobre este novelista, que merece ser m\u00e1s conocido de lo que es\u00bb. La experta destac\u00f3 en el acto la inmensa capacidad de Gald\u00f3s para \u00abrecrear en la novela la sociedad de su tiempo\u00bb, as\u00ed como \u00absu realismo, sentido de la iron\u00eda y del humor y su habilidad para hacer una segunda lectura de las cosas, que hace que hoy en d\u00eda su obra siga siendo actual\u00bb.<\/p>\n<p>La directora de la Biblioteca Bloomfield, Naomi Alshech, y la profesora del departamento de Estudios Rom\u00e1nicos y Latinoamericanos, Florinda Goldberg, agradecieron la donaci\u00f3n de libros que, destac\u00f3 la primera, \u00absupone una adici\u00f3n muy importante a los fondos de Gald\u00f3s que ya exist\u00edan\u00bb.<\/p>\n<p>La Casa Museo P\u00e9rez Gald\u00f3s y el Cabildo han donado otras 75 obras a la Biblioteca Camilo Jos\u00e9 Cela, del Instituto Cervantes de Tel Aviv.<\/p>\n<p>\u00a0<\/p>\n<p align=\"center\"><b>Oferta de \u201cEL AL\u201d Israel<\/b><\/p>\n<p>Los miembros que as\u00ed lo deseen podr\u00e1n solicitar de forma gratuita la Tarjeta Pasajero Frecuente GlobaLY de El Al (actualmente con un coste de 25$). Estas tarjetas les permitir\u00e1n acumular puntos tanto en EL AL como en empresas asociadas, beneficiarse de todos los privilegios y ofertas especiales del programa de Frequent Flyer de El AL de las que peri\u00f3dicamente ser\u00e1n informados a trav\u00e9s de newsletter. Gracias a este programa EL AL donar\u00e1 el equivalente al 5% de los puntos que el titular haya acumulado para ayudar a ni\u00f1os con enfermedades graves a cumplir sus deseos con la fundaci\u00f3n \u201cMake a wish\u201d y esto con cargo exclusivo a EL AL. Para solicitar una de las tarjetas dirigirse al Centro de Estudios Judeo-Cristianos.<\/p>\n<p>\u00a0<\/p>\n<p align=\"center\"><b>Informaci\u00f3n del CEJC<\/b><\/p>\n<p align=\"center\"><b><br \/><\/b><\/p>\n<p><b>Excursi\u00f3n a las juder\u00edas de C\u00e1ceres y Herv\u00e1s<\/b><\/p>\n<p><img loading=\"lazy\" decoding=\"async\" class=\" alignleft size-full wp-image-135\" style=\"margin: 3px; float: left;\" src=\"https:\/\/cejc-madrid.org\/wp-content\/uploads\/2012\/06\/excursion-hervs-grupo.jpg\" alt=\"Excursi\u00f3n C\u00e1eres-Herv\u00e1s\" height=\"194\" width=\"296\" \/>Despu\u00e9s de una pausa de tres a\u00f1os, se ha retomado la tradicional excursi\u00f3n de fin de curso que tuvo lugar el 26 y 27 de mayo.<\/p>\n<p>Un animado grupo de casi cuarenta personas entre amigos, alumnos e invitados, tuvieron ocasi\u00f3n de profundizar en las ra\u00edces jud\u00edas de C\u00e1ceres y Herv\u00e1s. Agradecemos a nuestro gu\u00eda, D. Marciano Mart\u00edn de Herv\u00e1s, su maravillosa y erudita exposici\u00f3n durante nuestra estancia.<\/p>\n<p>\u00a0<\/p>\n<p><b>Seder<\/b>. Siguiendo la tradici\u00f3n del CEJC, este a\u00f1o se celebraron varios Seder: en C\u00e1ceres, presidido por el Obispo de Coria-C\u00e1ceres D. Francisco Cerro Chaves, con asistencia de unas 60 personas. En Madrid se celebraron dos Seder, dirigidos por Sor Ionel, uno en la Parroquia de San Antonio y otro en los locales de nuestro Centro, para profundizar en la comprensi\u00f3n de la \u00daltima Cena que celebr\u00f3 Jes\u00fas con sus disc\u00edpulos.<\/p>\n<p><b>Clausura del Curso 2011-2012<\/b>. El 31 de Mayo tuvo lugar  la clausura del Curso de Conferencias del Centro de Estudios Judeo-Cristianos en la sede de la Parroquia de San Juan Cris\u00f3stomo. Monse\u00f1or Don Cesar Franco Obispo Auxiliar de Madrid nos honr\u00f3 presidiendo la clausura. Nuestro Director D. Isaias Barroso abri\u00f3 la sesi\u00f3n pronunciando unas palabras de acogida, y a continuaci\u00f3n se hizo el resumen del curso, dando paso a la Ponencia de Clausura impartida por el profesor Dr. Javier Fernandez Vallina con el titulo <i>\u201cLos estudios sobre el Jes\u00fas hist\u00f3rico hoy\u201d<\/i>, donde el profesor Vallina de una forma magistral y brillante nos present\u00f3 las diferentes etapas de la investigaci\u00f3n sobre la figura del Jes\u00fas hist\u00f3rico, hasta situarnos en el contexto actual.<\/p>\n<p style=\"text-align: justify;\">Cerr\u00f3 el acto Monse\u00f1or Cesar Franco con unas palabras llenas de afecto y cari\u00f1o dirigidas a la Comunidad Jud\u00eda y a nuestro Centro, recordando con satisfacci\u00f3n su encuentro con el profesor David Flusser, ya que seg\u00fan dijo <i>\u201cla Historia es parte de nuestro Credo\u201d<\/i> Concluy\u00f3 <i>animando a participar en nuestros cursos a todos los interesados en una formaci\u00f3n seria y rigurosa y al Centro de Estudios Judeo-Cristianos a continuar con nuestras actividades<\/i>. Desde estas l\u00edneas queremos agradecer la presencia de Monse\u00f1or Cesar Franco y sus palabras de aliento para nuestro trabajo.<\/p>\n<p>Entre otras personalidades nos acompa\u00f1aron en el acto: Sr. Embajador en Misi\u00f3n Especial para las relaciones con la Comunidad y Organizaciones Jud\u00edas D. Alvaro Albacete; D. Mariano Per\u00f3n, Delegado Episcopal de Relaciones Interconfesionales, D.&nbsp;&nbsp; Moises Chocron, Vicepresidente de la Comunidad Jud\u00eda de Madrid; D.\u00aa Henar Corbi, Directora para el Holocausto de Centro Sefarad-Israel; D.\u00aa Alegr\u00eda Bendrihem, Presidenta de la Comunidad Espa\u00f1ola de mujeres israelitas, D. Ignacio Carbajosa en representaci\u00f3n de la Universidad de San D\u00e1maso.<\/p>\n<p>El CEJC agradeci\u00f3 a todos los presentes su afecto y confianza. Cerca de 50 alumnos se han matriculado en los dos semestres, a los cuales se hizo entrega de los diplomas a todos los que han completado los dos Seminarios de conferencias del Curso 2011-2012, que ha llevado por t\u00edtulo \u201c<i>El Nuevo Testamento y su contexto jud\u00edo<\/i>\u201d. Para desarrollarlo hemos contado con la inestimable colaboraci\u00f3n de catedr\u00e1ticos y profesores de diferentes universidades y a trav\u00e9s de sus ponencias hemos caminado por el Nuevo Testamento descubriendo la enorme y enriquecedora aportaci\u00f3n del Juda\u00edsmo.<\/p>\n<p>Entre las actividades especiales que e<img loading=\"lazy\" decoding=\"async\" class=\" alignleft size-full wp-image-136\" style=\"margin: 3px; float: left;\" src=\"https:\/\/cejc-madrid.org\/wp-content\/uploads\/2012\/06\/clausura-2012.jpg\" alt=\"Clausura curso 2011-2012\" height=\"233\" width=\"312\" \/>l Centro de Estudios Judeo-Cristianos ha realizado este curso, cabe destacar en el mes de Septiembre nuestra colaboraci\u00f3n en la Universidad Internacional Men\u00e9ndez Pelayo de Cuenca en un curso de formaci\u00f3n para el profesorado con el t\u00edtulo <i>\u201cEl papel de la educaci\u00f3n en la lucha contra el racismo, la xenofobia y el antisemitismo\u201d<\/i> organizado por el Ministerio de Educaci\u00f3n donde fuimos invitados a participar en una de las mesas redondas.<\/p>\n<p>El Centro de Estudios Judeo-Cristianos estuvo tambi\u00e9n presente en la inauguraci\u00f3n del Curso Acad\u00e9mico de la Universidad de San D\u00e1maso.<\/p>\n<p>Con motivo de los actos de conmemoraci\u00f3n del d\u00eda Mundial del Holocausto en la Asamblea de Madrid un a\u00f1o m\u00e1s fuimos invitados a participar acompa\u00f1ando a nuestros hermanos jud\u00edos. Lo hicimos con una lectura de Abba Kovner, poeta y escritor hebreo.<\/p>\n<p>En el mes de Noviembre, asistimos al IV Congreso de Antisemitismo en Espa\u00f1a, organizado por la Federaci\u00f3n de Comunidades Jud\u00edas de Espa\u00f1a.<\/p>\n<p>El d\u00eda 20 de Enero, fiesta de la Congregaci\u00f3n de Nuestra Se\u00f1ora de Si\u00f3n, se celebr\u00f3 en nuestra sede la Eucarist\u00eda por nuestro Director D. Isa\u00edas Barroso, seguida de un encuentro fraterno entre todos los amigos que asistieron.<\/p>\n<p>El Hermano Elio Passeto, Superior de los Religiosos de Nuestra Sra. de Sion, a quienes el Sr. Cardenal tiene encomendado el carisma del Centro, vino desde Jerusal\u00e9n para impartir var\u00edas conferencias dentro del programa de nuestro curso.<\/p>\n<p>Con motivo del 25 aniversario del establecimiento de las relaciones diplom\u00e1ticas entre Espa\u00f1a e Israel, la Embajada de Israel en Espa\u00f1a ha querido hacer un reconocimiento p\u00fablico a las personalidades e instituciones que han contribuido al acercamiento entre ambos pa\u00edses, creando para ello el Premio Samuel Hadas de Amistad Espa\u00f1a-Israel. El Centro de Estudios Judeo-Cristianos, instituci\u00f3n erigida por el Arzobispado de Madrid fue uno de los premiados en el acto de entrega que tuvo lugar el d\u00eda 18 de Enero.<\/p>\n<p>Esperamos a todos nuestros socios y amigos para el pr\u00f3ximo curso que llevar\u00e1 como tema general: <b><i>\u201cLa Palabra de Dios como tradici\u00f3n oral para el Juda\u00edsmo y el Cristianismo\u201d<\/i><\/b> Para ello tendremos la colaboraci\u00f3n de profesores de la U. Complutense, U. Comillas, U. San D\u00e1maso, Instituto Ratisbonne de Jerusal\u00e9n, Comunidad Jud\u00eda de Madrid, Centro Davar, Instituto Ibn Gabirol, U. Bar Ilan, con los siguientes profesores: Rav Moshe Bendahan, Martina Granizo Aranda, Luis Gir\u00f3n-Blanc, Luis Vegas Montaner, Elio Passeto, Jos\u00e9 Miguel Garc\u00eda, Javier Fern\u00e1ndez Vallina, Manuel Gonz\u00e1lez L\u00f3pez-Corps, Joseph Salama, Pedro Zamora, Amparo Alba, Rav Baruj Garz\u00f3n, Jos\u00e9 Ram\u00f3n Busto, Jacobo Israel Garz\u00f3n, Moshe Orfali, e Ignacio Carbajosa.<\/p>\n<p>El periodo de matr\u00edcula para el curso estar\u00e1 abierto desde el 15 de septiembre hasta el 20 de octubre, \u00f3 hasta cubrir todas las plazas.<\/p>\n<p>Clases de hebreo<\/p>\n<p>El Centro de Estudios Judeo-Cristianos continua con su actividad de impartir clases de Hebreo en la que desde hace a\u00f1os es pionero, dentro de nuestro esp\u00edritu de acercamiento al pueblo jud\u00edo promoviendo as\u00ed su mejor conocimiento para una mayor comprensi\u00f3n.<\/p>\n<p>Las clases ser\u00e1n de dos horas semanales impartidas por una profesora israel\u00ed, Diplomada en ense\u00f1anza de Hebreo para extranjeros en la Escuela Rothberg de la Universidad Hebrea de Jerusal\u00e9n.<\/p>\n<p>El plazo de matr\u00edcula es del 1 al 30 de septiembre y el primer d\u00eda de clase ser\u00e1 el 5 de octubre. Habr\u00e1 varios grupos con diferentes niveles de conocimiento; los d\u00edas de clase ser\u00e1n los martes y viernes por la tarde. Est\u00e1 abierto el periodo de pre-inscripci\u00f3n.<\/p>\n<p>Todos los amigos y socios interesados en las clases de hebreo pueden dirigirse al CEJC al tfno: 91 543 12 51 o al correo <a href=\"mailto:secretaria@cejc-madrid.org\">secretaria@cejc-madrid.org<\/a><\/p>\n","protected":false},"excerpt":{"rendered":"<p>Descargar en pdf \u00a0 \u00a0 N\u00ba 195 (Abril-Junio 2012) \u00a0 Encomienda de la Orden del M\u00e9rito Civil El Ministerio de Asuntos Exteriores y de Cooperaci\u00f3n, a petici\u00f3n del Embajador en Misi\u00f3n Especial para las relaciones con la Comunidad y Organizaciones Jud\u00edas, D. Alvaro Albacete, concedi\u00f3 la Encomienda de la Orden del Merito Civil, en reconocimiento [&hellip;]<\/p>\n","protected":false},"author":1,"featured_media":125,"comment_status":"open","ping_status":"open","sticky":false,"template":"","format":"standard","meta":{"_et_pb_use_builder":"","_et_pb_old_content":"","_et_gb_content_width":"","footnotes":""},"categories":[4],"tags":[],"class_list":["post-137","post","type-post","status-publish","format-standard","has-post-thumbnail","hentry","category-circular"],"_links":{"self":[{"href":"https:\/\/cejc-madrid.org\/index.php\/wp-json\/wp\/v2\/posts\/137","targetHints":{"allow":["GET"]}}],"collection":[{"href":"https:\/\/cejc-madrid.org\/index.php\/wp-json\/wp\/v2\/posts"}],"about":[{"href":"https:\/\/cejc-madrid.org\/index.php\/wp-json\/wp\/v2\/types\/post"}],"author":[{"embeddable":true,"href":"https:\/\/cejc-madrid.org\/index.php\/wp-json\/wp\/v2\/users\/1"}],"replies":[{"embeddable":true,"href":"https:\/\/cejc-madrid.org\/index.php\/wp-json\/wp\/v2\/comments?post=137"}],"version-history":[{"count":0,"href":"https:\/\/cejc-madrid.org\/index.php\/wp-json\/wp\/v2\/posts\/137\/revisions"}],"wp:featuredmedia":[{"embeddable":true,"href":"https:\/\/cejc-madrid.org\/index.php\/wp-json\/wp\/v2\/media\/125"}],"wp:attachment":[{"href":"https:\/\/cejc-madrid.org\/index.php\/wp-json\/wp\/v2\/media?parent=137"}],"wp:term":[{"taxonomy":"category","embeddable":true,"href":"https:\/\/cejc-madrid.org\/index.php\/wp-json\/wp\/v2\/categories?post=137"},{"taxonomy":"post_tag","embeddable":true,"href":"https:\/\/cejc-madrid.org\/index.php\/wp-json\/wp\/v2\/tags?post=137"}],"curies":[{"name":"wp","href":"https:\/\/api.w.org\/{rel}","templated":true}]}}