{"id":14,"date":"2011-11-04T10:04:40","date_gmt":"2011-11-04T10:04:40","guid":{"rendered":"https:\/\/upbeat-goodall.82-223-35-84.plesk.page\/index.php\/2011\/11\/04\/el-olivo-no-2\/"},"modified":"2011-11-04T10:04:40","modified_gmt":"2011-11-04T10:04:40","slug":"el-olivo-no-2","status":"publish","type":"post","link":"https:\/\/cejc-madrid.org\/index.php\/2011\/11\/04\/el-olivo-no-2\/","title":{"rendered":"El Olivo n\u00ba 2"},"content":{"rendered":"<p>\u00a0<\/p>\n<p style=\"text-align: center;\">EL OLIVO   n\u00ba 2<\/p>\n<p style=\"text-align: center;\">\u00a0<\/p>\n<p style=\"text-align: center;\">Abril &#8211; Junio 1977<\/p>\n<p style=\"text-align: center;\">\u00cdndice<\/p>\n<p><strong>Los jud\u00edos como comunidad &#8211; <\/strong>Nat\u00e1n Lerner<\/p>\n<p><strong>La Iglesia primitiva fue carism\u00e1tica &#8211;<\/strong>Alejandro D\u00edez-Macho<\/p>\n<p><strong>Convivencia judeo-cristiana en Castilla antes de 1492<\/strong> &#8211; Carlos Carrete Parrondo<\/p>\n<p><strong>Amsterdam, la Jerusal\u00e9n del Norte en tiempos de Baruj de Spinoza<\/strong> &#8211; Sor Esperanza Mary<\/p>\n<p><strong>Los albores de la Era Moderna en la historia del juda\u00edsmo europeo<\/strong> &#8211; Mois\u00e9s Orfali<\/p>\n<p>\u00a0<\/p>\n<p>Documentaci\u00f3n<\/p>\n<p>Orientaciones y sugerencias para la aplicaci\u00f3n de la Declaraci\u00f3n conciliar \u00abNostra Aetate\u00bb<\/p>\n","protected":false},"excerpt":{"rendered":"<p>\u00a0 EL OLIVO n\u00ba 2 \u00a0 Abril &#8211; Junio 1977 \u00cdndice Los jud\u00edos como comunidad &#8211; Nat\u00e1n Lerner La Iglesia primitiva fue carism\u00e1tica &#8211;Alejandro D\u00edez-Macho Convivencia judeo-cristiana en Castilla antes de 1492 &#8211; Carlos Carrete Parrondo Amsterdam, la Jerusal\u00e9n del Norte en tiempos de Baruj de Spinoza &#8211; Sor Esperanza Mary Los albores de la [&hellip;]<\/p>\n","protected":false},"author":1,"featured_media":0,"comment_status":"open","ping_status":"open","sticky":false,"template":"","format":"standard","meta":{"_et_pb_use_builder":"","_et_pb_old_content":"","_et_gb_content_width":"","footnotes":""},"categories":[25],"tags":[49],"class_list":["post-14","post","type-post","status-publish","format-standard","hentry","category-revista-qel-olivoq","tag-olivo"],"_links":{"self":[{"href":"https:\/\/cejc-madrid.org\/index.php\/wp-json\/wp\/v2\/posts\/14","targetHints":{"allow":["GET"]}}],"collection":[{"href":"https:\/\/cejc-madrid.org\/index.php\/wp-json\/wp\/v2\/posts"}],"about":[{"href":"https:\/\/cejc-madrid.org\/index.php\/wp-json\/wp\/v2\/types\/post"}],"author":[{"embeddable":true,"href":"https:\/\/cejc-madrid.org\/index.php\/wp-json\/wp\/v2\/users\/1"}],"replies":[{"embeddable":true,"href":"https:\/\/cejc-madrid.org\/index.php\/wp-json\/wp\/v2\/comments?post=14"}],"version-history":[{"count":0,"href":"https:\/\/cejc-madrid.org\/index.php\/wp-json\/wp\/v2\/posts\/14\/revisions"}],"wp:attachment":[{"href":"https:\/\/cejc-madrid.org\/index.php\/wp-json\/wp\/v2\/media?parent=14"}],"wp:term":[{"taxonomy":"category","embeddable":true,"href":"https:\/\/cejc-madrid.org\/index.php\/wp-json\/wp\/v2\/categories?post=14"},{"taxonomy":"post_tag","embeddable":true,"href":"https:\/\/cejc-madrid.org\/index.php\/wp-json\/wp\/v2\/tags?post=14"}],"curies":[{"name":"wp","href":"https:\/\/api.w.org\/{rel}","templated":true}]}}