{"id":15,"date":"2011-11-04T10:18:57","date_gmt":"2011-11-04T10:18:57","guid":{"rendered":"https:\/\/upbeat-goodall.82-223-35-84.plesk.page\/index.php\/2011\/11\/04\/el-olivo-no-3\/"},"modified":"2011-11-04T10:18:57","modified_gmt":"2011-11-04T10:18:57","slug":"el-olivo-no-3","status":"publish","type":"post","link":"https:\/\/cejc-madrid.org\/index.php\/2011\/11\/04\/el-olivo-no-3\/","title":{"rendered":"El Olivo n\u00ba 3-4"},"content":{"rendered":"<p>\u00a0<\/p>\n<p style=\"text-align: center;\">EL OLIVO   n\u00ba 3-4<\/p>\n<p>\u00a0<\/p>\n<p style=\"text-align: center;\">Julio &#8211; Diciembre 1977<\/p>\n<p style=\"text-align: center;\">\u00cdndice<\/p>\n<p><strong>Modelos judaicos en la Eucarist\u00eda cristiana<\/strong> &#8211; Jos\u00e9 Miguel Sustaeta<\/p>\n<p><strong>La oraci\u00f3n en la liturgia sinagoga<\/strong>l &#8211; Rabino Baruj Garz\u00f3n<\/p>\n<p><strong>S\u00e1bado y Domingo<\/strong> &#8211; Vicente Serrano<\/p>\n<p><strong>El tema de la fiesta en los estudios b\u00edblicos<\/strong> &#8211; Isidro Arias<\/p>\n<p><strong>El mesianismo en la visi\u00f3n jud\u00eda y cristiana<\/strong> &#8211; Jos\u00e9 Ribera Florit<\/p>\n<p><strong>Los c\u00e1nones del Concilio de Elvira y los jud\u00edos<\/strong> &#8211; Luis Garc\u00eda Iglesias<\/p>\n<p><strong>La conquista de Granada y la expulsi\u00f3n de Sefarad, seg\u00fan las cr\u00f3nicas hsipano-hebreas<\/strong> &#8211; Yolanda Moreno Koch<\/p>\n<p><strong>Piyyut y paytanim<\/strong> &#8211; F. Javier Fern\u00e1ndez Vallina<\/p>\n<p><strong>El pueblo jud\u00edo, singular y universa<\/strong>l &#8211; A. Mart\u00edn Zabala<\/p>\n<p><strong>Recordando a Ernst Bloch<\/strong> &#8211; Antoni Matabosch<\/p>\n<p>\u00a0<\/p>\n<p>Documentaci\u00f3n<\/p>\n<p>Orientaciones del Episcopado franc\u00e9s sobre la actitud e los cristianos con respecto al Juda\u00edsmo<\/p>\n","protected":false},"excerpt":{"rendered":"<p>\u00a0 EL OLIVO n\u00ba 3-4 \u00a0 Julio &#8211; Diciembre 1977 \u00cdndice Modelos judaicos en la Eucarist\u00eda cristiana &#8211; Jos\u00e9 Miguel Sustaeta La oraci\u00f3n en la liturgia sinagogal &#8211; Rabino Baruj Garz\u00f3n S\u00e1bado y Domingo &#8211; Vicente Serrano El tema de la fiesta en los estudios b\u00edblicos &#8211; Isidro Arias El mesianismo en la visi\u00f3n jud\u00eda [&hellip;]<\/p>\n","protected":false},"author":1,"featured_media":0,"comment_status":"open","ping_status":"open","sticky":false,"template":"","format":"standard","meta":{"_et_pb_use_builder":"","_et_pb_old_content":"","_et_gb_content_width":"","footnotes":""},"categories":[25],"tags":[],"class_list":["post-15","post","type-post","status-publish","format-standard","hentry","category-revista-qel-olivoq"],"_links":{"self":[{"href":"https:\/\/cejc-madrid.org\/index.php\/wp-json\/wp\/v2\/posts\/15","targetHints":{"allow":["GET"]}}],"collection":[{"href":"https:\/\/cejc-madrid.org\/index.php\/wp-json\/wp\/v2\/posts"}],"about":[{"href":"https:\/\/cejc-madrid.org\/index.php\/wp-json\/wp\/v2\/types\/post"}],"author":[{"embeddable":true,"href":"https:\/\/cejc-madrid.org\/index.php\/wp-json\/wp\/v2\/users\/1"}],"replies":[{"embeddable":true,"href":"https:\/\/cejc-madrid.org\/index.php\/wp-json\/wp\/v2\/comments?post=15"}],"version-history":[{"count":0,"href":"https:\/\/cejc-madrid.org\/index.php\/wp-json\/wp\/v2\/posts\/15\/revisions"}],"wp:attachment":[{"href":"https:\/\/cejc-madrid.org\/index.php\/wp-json\/wp\/v2\/media?parent=15"}],"wp:term":[{"taxonomy":"category","embeddable":true,"href":"https:\/\/cejc-madrid.org\/index.php\/wp-json\/wp\/v2\/categories?post=15"},{"taxonomy":"post_tag","embeddable":true,"href":"https:\/\/cejc-madrid.org\/index.php\/wp-json\/wp\/v2\/tags?post=15"}],"curies":[{"name":"wp","href":"https:\/\/api.w.org\/{rel}","templated":true}]}}