{"id":157,"date":"2013-03-06T10:29:24","date_gmt":"2013-03-06T10:29:24","guid":{"rendered":"https:\/\/upbeat-goodall.82-223-35-84.plesk.page\/index.php\/2013\/03\/06\/circular-197-enero-marzo-2013\/"},"modified":"2013-03-06T10:29:24","modified_gmt":"2013-03-06T10:29:24","slug":"circular-197-enero-marzo-2013","status":"publish","type":"post","link":"https:\/\/cejc-madrid.org\/index.php\/2013\/03\/06\/circular-197-enero-marzo-2013\/","title":{"rendered":"Circular n\u00ba 197 Enero-Marzo 2013"},"content":{"rendered":"<p>&nbsp;<a href=\"https:\/\/cejc-madrid.org\/wp-content\/uploads\/2013\/03\/Circular_marzo_2013-email.pdf\">Descargar pdf<\/a><\/p>\n<p><\/p>\n<p>N\u00ba 197 (Enero-Marzo 2013)<\/p>\n<p align=\"center\"><b>Renuncia del Papa Benedicto XVI<\/b><\/p>\n<p><b> <\/b>Con motivo de la renuncia del Papa Benedicto XVI al pontificado, reproducimos algunas declaraciones de personalidades e instituciones internacionales.<\/p>\n<p align=\"center\"><b>Carta del Cardenal-Arzobispo de Madrid<\/b><\/p>\n<p>Mis queridos hermanos y hermanas en el Se\u00f1or:<\/p>\n<p>El Papa Benedicto XVI acaba de anunciar su renuncia a la sede de Pedro, que quedar\u00e1 vacante el 28 de este mes de Febrero a las 20 horas. Las breves palabras que ha dirigido en el consistorio de los Sres. Cardenales, reunido para tres pr\u00f3ximas canonizaciones, expresan la responsabilidad con que toma libremente esta grave decisi\u00f3n, asumida despu\u00e9s de considerarla reiteradamente en su conciencia ante el Se\u00f1or. Su renuncia al ministerio petrino, como \u00e9l mismo dice, se debe al debilitamiento de sus propias fuerzas para poder llevar adelante el supremo pastoreo de la Iglesia. En este sentido, su decisi\u00f3n es un claro signo de humildad, de libertad en el Se\u00f1or y de amor a la Iglesia, a la que ha servido con entrega infatigable y generosa.<\/p>\n<p>Esta decisi\u00f3n del Santo Padre est\u00e1 contemplada en las leyes de la Iglesia, que determinan que \u201cla renuncia sea libre y se manifieste formalmente\u201d (CIC 332,2), como as\u00ed ha sucedido. Tampoco es necesario que sea aceptada por nadie (cf. 332,2), ya que el Papa no est\u00e1 sometido a ninguna autoridad en el ejercicio de su ministerio eclesial.<div id=\"attachment_148\" style=\"width: 277px\" class=\"wp-caption alignleft\"><img loading=\"lazy\" decoding=\"async\" aria-describedby=\"caption-attachment-148\" class=\" alignleft size-full wp-image-148\" style=\"margin: 2px 3px 2px 2px; float: left;\" src=\"https:\/\/cejc-madrid.org\/wp-content\/uploads\/2013\/03\/rouco-y-benedicto-madrid.jpg\" alt=\"Benedicto XVI y el Cardenal Rouco\" title=\"Benedicto XVI y el Cardenal Rouco\" class=\"caption\" height=\"183\" width=\"267\" srcset=\"https:\/\/cejc-madrid.org\/wp-content\/uploads\/2013\/03\/rouco-y-benedicto-madrid.jpg 350w, https:\/\/cejc-madrid.org\/wp-content\/uploads\/2013\/03\/rouco-y-benedicto-madrid-300x206.jpg 300w\" sizes=\"(max-width: 267px) 100vw, 267px\" \/><p id=\"caption-attachment-148\" class=\"wp-caption-text\">Benedicto XVI y el Cardenal Rouco<\/p><\/div><\/p>\n<p>&nbsp;En la historia de la Iglesia es bien conocido el caso del Papa Celestino V (s. XIII), que renunci\u00f3 a la sede de Pedro y se retir\u00f3 a la vida mon\u00e1stica que hab\u00eda llevado antes de su elecci\u00f3n. Benedicto XVI ha anunciado que seguir\u00e1 sirviendo de todo coraz\u00f3n a la Iglesia entregado a la oraci\u00f3n.<\/p>\n<p>El Papa Benedicto XVI ha servido a la Iglesia como un humilde trabajador de la vi\u00f1a del Se\u00f1or, que acept\u00f3 la suprema responsabilidad de Pastor universal con obediencia a la voluntad del Se\u00f1or que se le manifest\u00f3 en la elecci\u00f3n del c\u00f3nclave despu\u00e9s de la muerte del beato Juan Pablo II.<\/p>\n<p>Durante estos a\u00f1os como sucesor de Pedro ha iluminado a la Iglesia con un magisterio claro y espl\u00e9ndido sobre todas las cuestiones que afectan a la Iglesia en el mundo de hoy: desde el primado de Dios en la sociedad hasta los aspectos m\u00e1s esenciales y sencillos de la vida cristiana, entendida como vida en Cristo y en su santidad. Ning\u00fan aspecto de la vida humana ha quedado al margen de su coraz\u00f3n de Padre y Pastor de la Iglesia, preocupado por que el hombre pueda llegar a Dios por medio de Cristo, \u00fanico Redentor. Sus enc\u00edclicas sobre la Caridad, la Esperanza y la convocatoria del A\u00f1o de la Fe muestran su inter\u00e9s por mantener a la Iglesia sobre el \u00fanico fundamento que puede darle firmeza y estabilidad en los avatares de este mundo: la relaci\u00f3n estrecha, viva y directa con Dios a trav\u00e9s de la vida teologal.<\/p>\n<p>Espa\u00f1a tiene con este Papa una especial deuda de afecto y gratitud. Nos ha visitado en el encuentro mundial de las familias en Valencia (2006); peregrin\u00f3 a la tumba del ap\u00f3stol Santiago en Compostela y viaj\u00f3 a Barcelona para consagrar la bas\u00edlica de la Sagrada Familia de Gaud\u00ed (2010); finalmente, perdura a\u00fan vivo en nuestro recuerdo su estancia de cuatro d\u00edas en Madrid durante las Jornadas mundiales de la juventud donde llev\u00f3 adelante con toda generosidad un programa intenso de actividades, encuentros y celebraciones que confirm\u00f3 a los j\u00f3venes en la fe, les alent\u00f3 en su vocaci\u00f3n misionera y les anim\u00f3 a vivir la amistad con Cristo como fundamento de toda su vida y quehacer cristianos. Como fruto de aquella experiencia profundamente misionera, la Misi\u00f3n Madrid sigue viviendo de su impulso apost\u00f3lico y de su af\u00e1n por llevar el evangelio a quienes no lo conocen.<\/p>\n<p>El Papa sabe muy bien que la Iglesia est\u00e1 en manos del Sumo Pastor, Nuestro Se\u00f1or Jesucristo, que la gu\u00eda con sabidur\u00eda hacia la meta final de la historia. Sabe tambi\u00e9n que el Esp\u00edritu Santo dar\u00e1 a su Iglesia un sucesor de Pedro que, d\u00f3cil a sus inspiraciones, guiar\u00e1 a la Iglesia con la autoridad de Cristo, como \u00e9l mismo y sus predecesores m\u00e1s cercanos lo han hecho. Al retirarse, sin embargo, nuestra gratitud se torna hacia \u00e9l convertida en ardiente plegaria y en un profundo afecto eclesial porque supo aceptar por amor la carga que el Se\u00f1or pon\u00eda sobre sus hombres cuando lo llam\u00f3 a la sede de Pedro, del mismo modo que por amor a la Iglesia deja humildemente en manos de Cristo y de su Esp\u00edritu las riendas que otro tomar\u00e1 para confirmarnos en la fe y mantenernos unidos por el v\u00ednculo de la caridad. Oremos, queridos diocesanos, por nuestro Papa Benedicto XVI, para que el Se\u00f1or le conforte y sostenga, le consuele e ilumine y haga fecundos todos los trabajos, plegarias y sufrimientos en favor de su santa Iglesia.<\/p>\n<p align=\"center\"><b> <\/b><\/p>\n<p align=\"center\">\u00a0<\/p>\n<p align=\"center\"><b>La sabidur\u00eda nunca envejece<\/b><\/p>\n<p>Estoy disgustado por la decisi\u00f3n del Papa de renunciar al pontificado. Se trata de una decisi\u00f3n original, porque \u00e9l es un hombre original y valiente. Le considero un l\u00edder espiritual extraordinario y \u00fanico.<\/p>\n<p><img loading=\"lazy\" decoding=\"async\" class=\" alignleft size-full wp-image-150\" style=\"margin: 2px 3px 2px 2px; float: left;\" src=\"https:\/\/cejc-madrid.org\/wp-content\/uploads\/2013\/03\/papa-y-simon-peres.jpg\" alt=\"Benedicto XVI y Simon Peres\" title=\"Benedicto XVI y Sim\u00f3n Peres\" class=\"caption\" width=\"240\" height=\"150\" \/>Creo que la contribuci\u00f3n de Benedicto XVI ha tenido un impacto importante. Es un hombre de pensamiento profundo. El cuerpo puede envejecer, pero la sabidur\u00eda nunca envejece.<\/p>\n<p>Su compromiso por la paz y la humanidad es aut\u00e9ntico. Tiene la sinceridad del verdadero creyente, la sabidur\u00eda de quien comprende los cambios de la historia y la conciencia de que, a pesar de las diferencias, no debemos convertirnos en extra\u00f1os o enemigos.<\/p>\n<p>En el \u00e1mbito de las relaciones entre la Iglesia cat\u00f3lica y el pueblo jud\u00edo, ha realizado numerosos gestos. Ha afirmado que el pueblo jud\u00edo no es responsable de la muerte de Jes\u00fas; ha subrayado que los jud\u00edos son \u201cnuestros hermanos mayores\u201d y ha dicho que Dios jam\u00e1s ha abandonado al pueblo jud\u00edo. Ha visitado Israel y el Templo mayor en Roma para expresar su amistad y su solidaridad. En Israel le acompa\u00f1\u00e9 personalmente. Y fue amigable de un modo excepcional y verdaderamente lleno de afecto. Or\u00f3 por la paz en Oriente Medio, justamente como hacemos otros y yo.<\/p>\n<p>No puede ser considerado como el l\u00edder administrativo del Vaticano, sino como el gu\u00eda espiritual, dotado de profundidad, conocimiento y sabidur\u00eda. Le considero un amigo. Le deseo todo bien y permanecer\u00e9 en contacto con \u00e9l.<\/p>\n<p>En Jerusal\u00e9n oraremos para que pueda recuperar la fuerza f\u00edsica y ofrecer su propia sabidur\u00eda, profundidad y amistad a todos los pueblos, a todas las religiones.<\/p>\n<p>Le recordaremos con respeto y estima por todo lo que ha hecho.<\/p>\n<p>Shimon Peres, Presidente de Israel &nbsp;&nbsp;&nbsp;&nbsp;&nbsp;&nbsp;&nbsp;&nbsp;&nbsp;&nbsp;&nbsp;&nbsp;&nbsp;&nbsp;&nbsp;&nbsp;&nbsp;&nbsp;&nbsp;&nbsp;&nbsp;&nbsp;&nbsp;&nbsp;&nbsp; &nbsp;&nbsp;&nbsp;&nbsp;&nbsp;&nbsp;&nbsp;&nbsp;&nbsp;&nbsp;&nbsp;&nbsp;&nbsp;&nbsp;&nbsp;&nbsp;&nbsp;&nbsp;&nbsp;&nbsp;&nbsp;&nbsp;&nbsp;&nbsp;&nbsp;&nbsp;&nbsp;&nbsp;&nbsp;&nbsp;&nbsp;&nbsp;&nbsp;&nbsp;&nbsp;&nbsp;&nbsp;&nbsp;&nbsp;&nbsp;&nbsp;&nbsp;&nbsp;&nbsp;&nbsp; &nbsp;&nbsp;&nbsp;&nbsp;&nbsp;&nbsp;&nbsp;&nbsp;&nbsp;&nbsp;&nbsp;&nbsp;&nbsp;&nbsp;&nbsp;  L\u2019Osservatore Romano del 18-2-2013<\/p>\n<p align=\"center\"><b>El Congreso Mundial Jud\u00edo<\/b><\/p>\n<p>\u00abLe damos las gracias por la confianza y el respeto que nos ha demostrado. Con sus acciones (durante su pontificado) se ha ganado la amistad duradera del pueblo jud\u00edo\u00bb, asegur\u00f3 Ronald Lauder.<\/p>\n<p>Asimismo, destac\u00f3 que durante sus a\u00f1os al frente de la Iglesia Cat\u00f3lica elev\u00f3 las relaciones con el pueblo jud\u00edo a \u00abun nivel sin precedentes\u00bb, al lograr mantener los logros de su predecesor, Juan Pablo II, y dar un \u00abs\u00f3lido fundamento teol\u00f3gico\u00bb a esas relaciones. Resalt\u00f3 que ning\u00fan Papa ha logrado tantos avances para mejorar esas relaciones \u00aby a tantos niveles\u00bb como Benedicto XVI, de quien destac\u00f3 que fue quien m\u00e1s sinagogas ha visitado y el que m\u00e1s se ha reunido con representantes de comunidades jud\u00edas. \u00abDesde el principio hasta el final, el papa Benedicto XVI ha demostrado un h\u00e1bil liderazgo y comprendi\u00f3 que la negaci\u00f3n publica del holocausto por parte de los l\u00edderes de la iglesia no deb\u00eda quedar sin respuesta y se pronunci\u00f3 en su contra\u00bb.<\/p>\n<p>\u201cEl papa Benedicto XVI fue sincero en sus intenciones y acciones para forjar un s\u00f3lido fundamento en las relaciones con el pueblo jud\u00edo. Esperamos que su sucesor contin\u00fae donde las dej\u00f3\u00bb<b>.<\/b><\/p>\n<p align=\"center\"><b>Gran Rabino de Israel Yona Metzger<\/b><\/p>\n<p>El gran rabino de Israel agradeci\u00f3 a Benedicto XVI haber hecho disminuir el antisemitismo. Ha llevado las relaciones entre cat\u00f3licos y jud\u00edos a un nivel nunca alcanzado, habiendo exonerado a los jud\u00edos de la responsabilidad por la muerte de Jes\u00fas.<\/p>\n<p><div id=\"attachment_151\" style=\"width: 178px\" class=\"wp-caption alignleft\"><img loading=\"lazy\" decoding=\"async\" aria-describedby=\"caption-attachment-151\" class=\" alignleft size-full wp-image-151\" style=\"margin: 2px 3px 2px 2px; float: left;\" src=\"https:\/\/cejc-madrid.org\/wp-content\/uploads\/2013\/03\/rabino-y-bxvi-2.jpg\" alt=\"Benedicto XVI y Gran Rabino de Iarael\" title=\"Benedicto XVI y Gran Rabino de Israel\" class=\"caption\" height=\"159\" width=\"168\" \/><p id=\"caption-attachment-151\" class=\"wp-caption-text\">Benedicto XVI y Gran Rabino de Israel<\/p><\/div>Durante su pontificado, Benedicto XVI llev\u00f3 a mejorar las relaciones entre el cristianismo y el juda\u00edsmo, lo que condujo a \u00abuna disminuci\u00f3n de los actos antisemitas en el mundo. Bajo su liderazgo, la relaci\u00f3n entre el Gran Rabinato y la Iglesia, el juda\u00edsmo y el cristianismo han devenido cada vez m\u00e1s estrechas, lo que ha llevado a una disminuci\u00f3n de los actos antisemitas en el mundo\u00bb.<\/p>\n<p>\u00abEstamos muy agradecidos al Papa Benedicto XVI por todo lo que ha hecho para fortalecer la relaci\u00f3n entre las religiones y promover la paz entre religiones; le deseo buena salud en los d\u00edas y a\u00f1os, y espero y rezo para que su legado contin\u00fae y que la orientaci\u00f3n del Vaticano tomada durante su pontificado y la voluntad de su predecesor (Juan Pablo II) contin\u00fae\u201d.<\/p>\n<p align=\"center\"><b>Federaci\u00f3n de Comunidades Jud\u00edas de Espa\u00f1a<\/b><\/p>\n<p>La Federaci\u00f3n de Comunidades Jud\u00edas de Espa\u00f1a respeta la decisi\u00f3n de renuncia del Papa Benedicto XVI. H sido un Papa de una rigurosa formaci\u00f3n intelectual que sin duda ha trabajado a favor del reencuentro entre cat\u00f3licos y jud\u00edos. Este camino lo inici\u00f3 formando parte de la Curia con Juan Pablo II y al amparo de la declaraci\u00f3n Nostra Aetate, siguiendo las ense\u00f1anzas de Juan XXIII y de Juan Pablo II.<\/p>\n<p>No podemos olvidar su discurso en la sinagoga de Colonia en agosto de 2005 en el que rez\u00f3 por las v\u00edctimas jud\u00edas del Holocausto, reconoci\u00f3 la ra\u00edz jud\u00eda del Cristianismo y denunci\u00f3 los nuevos signos de antisemitismo.<\/p>\n<p>En 2010 visit\u00f3 la sinagoga de Roma con el fin de compartir con la comunidad jud\u00eda el inicio de las fiestas de Yom Kipur y Succot y dar as\u00ed un nuevo impulso a las relaciones entre ambas confesiones. Tambi\u00e9n fue muy importante su viaje en 2009 a Israel y los territorios de la Autoridad Nacional Palestina, en un intento de mediar en el conflicto y contribuir en la b\u00fasqueda de la paz.<\/p>\n<p>Deseamos al Papa larga vida y, desde el puesto que ocupe, le animamos a que siga trabajando a favor del respeto y la paz entre los pueblos.<\/p>\n<p align=\"center\">\u00a0<\/p>\n<p align=\"center\"><b>Actos conmemorativos del D\u00eda de la Memoria del Holocausto <\/b><\/p>\n<p align=\"center\"><b>y la Prevenci\u00f3n de Cr\u00edmenes contra la Humanidad<\/b><\/p>\n<p><b>En el Senado<\/b>: el 22 de enero, organizado por la Federaci\u00f3n de Comunidades Jud\u00edas de Espa\u00f1a y el Centro Sefarad-Israel, cont\u00f3 con la presencia de los <div id=\"attachment_152\" style=\"width: 194px\" class=\"wp-caption alignleft\"><img loading=\"lazy\" decoding=\"async\" aria-describedby=\"caption-attachment-152\" class=\" alignleft size-full wp-image-152\" style=\"margin: 2px 3px 2px 2px; float: left;\" src=\"https:\/\/cejc-madrid.org\/wp-content\/uploads\/2013\/03\/img_0290.jpg\" alt=\"Acto en el Senado\" title=\"Acto en el Senado\" class=\"caption\" height=\"137\" width=\"184\" \/><p id=\"caption-attachment-152\" class=\"wp-caption-text\">Acto en el Senado<\/p><\/div>ministros de Justicia, Alberto Ruiz Gallard\u00f3n y Asuntos Exteriores y Cooperaci\u00f3n, Jos\u00e9 Manuel Garc\u00eda-Margallo, el Presidente del Senado, Pio Garc\u00eda Escudero, el Embajador de Israel, Alon Bar, el Embajador en Misi\u00f3n Especial para las Relaciones con las Comunidades Jud\u00edas de Espa\u00f1a, Alvaro Albacete, el Presidente de la FCJE, Isaac Querub y el Vicepresidente del Consejo Estatal del Pueblo Gitano, Antonio V\u00e1zquez, entre otras autoridades y miembros del cuerpo diplom\u00e1tico.<\/p>\n<p>Monse\u00f1or Isa\u00edas Barroso, en representaci\u00f3n del Centro de Estudios Judeo-Cristianos fundado por la Congregaci\u00f3n de Nuestra Se\u00f1ora de Si\u00f3n, junto con D. Alain de Toledo, hijo de jud\u00edo sefard\u00ed salvado por el diplom\u00e1tico en Paris Rolland de Miota y Juan Carlos Sanz Briz, hijo del diplom\u00e1tico Sanz Briz, encendieron la vela por los Justos entre las Naciones y quienes a riesgo de sus vidas salvaron a los perseguidos.<\/p>\n<p><b>En la Asamblea de Madrid<\/b>: precursora de la conmemoraci\u00f3n del Holocausto en Espa\u00f1a, alberg\u00f3 el d\u00eda 25 de enero el Acto de Recuerdo que organiza en conjunto con la Comunidad Jud\u00eda de Madrid desde el a\u00f1o 2000. Este a\u00f1o el acto estuvo dedicado a la persona de Janusz Korczak, m\u00e9dico y maestro, considerado uno de los m\u00e1s importantes ide\u00f3logos de la educaci\u00f3n humanista. En torno a su figura se inaugur\u00f3 una exposici\u00f3n del Museo de los Combatientes de los Guetos (Israel), la profesora Mar\u00eda Luisa Mariana del IES del Renacimiento pronunci\u00f3 una disertaci\u00f3n sobre Korczak, y los alumnos del Centro de Estudios Ibn Gabirol-Colegio Estrella Toledano acompa\u00f1aron la Ceremonia de Encendido de las 6 Velas del Recuerdo con textos alusivos. El acto cont\u00f3 con las intervenciones del Presidente de la Comunidad de Madrid, del Embajador de Israel, del Presidente de la Asamblea de Madrid y del Presidente de la CJM. M\u00e1s de 250 personas asistieron a este acto, incluyendo Embajadores y representantes del \u00e1mbito pol\u00edtico de Madrid. Por la voz de los Justos de las Naciones, personas no jud\u00edas que arriesgaron sus propias vidas y las de los suyos, porque supieron entender el verdadero valor de la vida y del ser humano, encendieron la vela Gonzalo Aritio Sanz Briz, nieto del diplom\u00e1tico Angel Sanz Briz \u201cJusto entre las Naciones\u201d y M\u00aa Teresa Rodr\u00edguez del Centro de Estudios Judeo-Cristianos de Madrid.<\/p>\n<p align=\"center\"><b>Memorial de la Shoah en Mil\u00e1n<\/b><\/p>\n<p>El and\u00e9n 21 de la Estaci\u00f3n Central de Mil\u00e1n, de donde tantas personas partieron hacia los campos de concentraci\u00f3n, fue el lugar elegido para inaugurar el Memorial de la Shoah, el domingo 27 de enero. En el acto estuvieron presentes el arzobispo de Mil\u00e1n, cardenal Angelo Scola, junto con las autoridades civiles, el rabino Alfonso Arbib, el presidente de la Fundaci\u00f3n Memorial Ferruccio de Bortolo y muchos otros representantes de la comunidad hebrea y de la sociedad milanesa.<\/p>\n<p>De la intervenci\u00f3n del Cardenal Angelo Scola destacamos las siguientes palabras:<\/p>\n<p>(\u2026)No olvido las responsabilidades hist\u00f3ricas de algunos hijos de la Iglesia frente a las tr\u00e1gicas injusticias realizadas contra los miembros del pueblo hebreo. El beato Juan Pablo II, en la hist\u00f3rica visita al Mausoleo de Yad Vashem en Jerusal\u00e9n, afirm\u00f3 con gran claridad que \u201cla Iglesia Cat\u00f3lica, motivada por las leyes evang\u00e9licas de verdad y amor, no por consideraciones pol\u00edticas, est\u00e1 profundamente entristecida por el odio, los actos de persecuci\u00f3n y las manifestaciones de antisemitismo dirigidos contra de los jud\u00edos por parte de cristianos, en cualquier per\u00edodo y en cualquier lugar\u201d.<\/p>\n<p>En la historia de Mil\u00e1n de los \u00faltimos decenios, no falta la documentaci\u00f3n de innumerables gestos de caridad entre nuestros pueblos pero, como justamente subray\u00f3 el cardenal Jean-Marie Lustiger, uno de los m\u00e1s importante int\u00e9rpretes del di\u00e1logo entre jud\u00edos y cristianos, no es el objetivo de esta sede subrayar la obra de los cristianos: \u201c\u00bfC\u00f3mo se podr\u00eda evitar la tentaci\u00f3n &#8211;quiz\u00e1 inconsciente &#8211; de autojustificarse?\u201d. La actitud necesaria es otra: \u201ctomar la herida del otro y (&#8230;) llevar el peso aceptando la propia responsabilidad\u201d.<\/p>\n<p>(\u2026)Mil\u00e1n debe ser cada vez m\u00e1s, una ciudad de encuentro entre todas las fes religiosas y visiones del mundo. Para los hebreos y para los cristianos la l\u00f3gica profunda de una relaci\u00f3n aut\u00e9ntica entre culturas, civilizaciones y religiones, establecida seg\u00fan la verdad, implica cada vez m\u00e1s la autoexposici\u00f3n de los sujetos que son protagonistas porque &#8211;como ha recordado Fackenheim- el Dios de Abraham es un Dios que se ha expuesto comprometi\u00e9ndose con la historia.<\/p>\n<p align=\"center\"><b>Presentaci\u00f3n del Rollo de Ester de la Catedral de Madrid<\/b><b>&nbsp;<\/b><\/p>\n<p><div id=\"attachment_153\" style=\"width: 208px\" class=\"wp-caption alignleft\"><img loading=\"lazy\" decoding=\"async\" aria-describedby=\"caption-attachment-153\" class=\" alignleft size-full wp-image-153\" style=\"margin: 2px 3px 2px 2px; float: left;\" src=\"https:\/\/cejc-madrid.org\/wp-content\/uploads\/2013\/03\/rollo-de-ester-1.jpg\" alt=\"Presntaci\u00f3n Rollo de Ester\" title=\"Presentaci\u00f3n Rollo de Ester\" class=\"caption\" height=\"148\" width=\"198\" \/><p id=\"caption-attachment-153\" class=\"wp-caption-text\">Presentaci\u00f3n Rollo de Ester<\/p><\/div>&nbsp;&nbsp;&nbsp;<div id=\"attachment_154\" style=\"width: 206px\" class=\"wp-caption alignleft\"><img loading=\"lazy\" decoding=\"async\" aria-describedby=\"caption-attachment-154\" class=\" alignleft size-full wp-image-154\" style=\"margin: 2px 3px 2px 2px; float: left;\" src=\"https:\/\/cejc-madrid.org\/wp-content\/uploads\/2013\/03\/rollo-de-ester-3.jpg\" alt=\"Presentaci\u00f3n Rollo de Ester\" title=\"Coloquio Rollo de Ester\" class=\"caption\" height=\"146\" width=\"196\" \/><p id=\"caption-attachment-154\" class=\"wp-caption-text\">Coloquio Rollo de Ester<\/p><\/div>&nbsp;&nbsp; El Centro Sefarad-Israel, Centro de Estudios Judeo-Cristianos, y la Universidad de San D\u00e1maso cooperaron en la presentaci\u00f3n del facs\u00edmil de El Rollo de Ester. Ignacio Carbajosa, investigador diocesano que ha editado el facs\u00edmil, y Mosh\u00e9 Bendahan, Rabino Jefe de la Comunidad Jud\u00eda de Madrid, son algunos de los especialistas que participaron en este acontecimiento.<\/p>\n<p>La presentaci\u00f3n estuvo a cargo de Ignacio Carbajosa, editor del facs\u00edmil, de la Universidad de San D\u00e1maso y  Luis Vegas Montaner, catedr\u00e1tico de lengua y literatura hebreas, de la Universidad Complutense de Madrid, colaborador del Centro de Estudios Judeo-Cristianos. Moder\u00f3 este primer acto Florentino Portero, director del Centro Sefarad-Israel.<\/p>\n<p>Posteriormente tuvo lugar una mesa redonda con el t\u00edtulo \u201cContar y revivir la historia sagrada\u201d, con la participaci\u00f3n de Javier Prades L\u00f3pez, rector de la Universidad San D\u00e1maso; Mosh\u00e9 Bendahan, rabino jefe de la comunidad jud\u00eda de Madrid; Jos\u00e9 Jim\u00e9nez Lozano, Premio Cervantes, autor del relato El paseante, o Ester recontada. Moder\u00f3 la mesa Jon Juaristi, director general de Universidades de la Comunidad de Madrid. En el transcurso del mismo acto, Centro Sefarad-Israel hizo  entrega al escritor Jos\u00e9 Jim\u00e9nez Lozano del <em>Premio La Corona de Esther<\/em> que con inspiraci\u00f3n en la propia Reina Esther reconoce a profesionales cuya trayectoria intelectual se cimente en los valores de la justicia y de la libertad.<\/p>\n<p>\u00a0<\/p>\n<p align=\"center\"><b>Rollos del Mar Muerto<\/b><\/p>\n<p>Autoridades israel\u00edes publicaron 5.000 fragmentos de los Rollos del Mar Muerto. Uno de ellos incluye los 10 mandamientos. Mediante una sociedad con Google, directivos del Museo de Israel, en Jerusal\u00e9n, fueron publicados en Internet m\u00e1s de 5.000 manuscritos de los Rollos del Mar Muerto que se encuentran guardados en el \u00abPalacio del Libro\u00bb del museo. La publicaci\u00f3n forma parte de un intento m\u00e1s amplio por parte de los custodios de los fragmentos para que est\u00e9n disponibles de manera generalizada. Los custodios hab\u00edan enfrentado cr\u00edticas, acerca de que permit\u00edan que los documentos quedaran concentrados en manos de peque\u00f1os c\u00edrculos de eruditos.<\/p>\n<p>\u00abAhora, todos pueden hacer un recorrido por estos textos en pantalla, en todo el mundo\u00bb, afirm\u00f3 Shuka Dorman, director de la Autoridad de Antig\u00fcedades de Israel.<\/p>\n<p>El a\u00f1o pasado, Google colabor\u00f3 tambi\u00e9n con el Museo de Israel para publicar en l\u00ednea cinco rollos que pueden verse en el sitio: <a href=\"http:\/\/www.deadseascrolls.org.il\/\">http:\/\/www.deadseascrolls.org.il\/<\/a><\/p>\n<p align=\"center\"><b>Museo de Israel. Exposici\u00f3n sobre el Rey Herodes<\/b><\/p>\n<p style=\"text-align: justify;\">El Museo de Israel, Jerusal\u00e9n, acaba de inaugurar la primera exposici\u00f3n en el mundo sobre la vida y el legado de Herodes el Grande. La exposici\u00f3n <b>\u201cHerodes el Grande: la traves\u00eda final del rey\u201d<\/b> est\u00e1 abierta hasta el 5 de octubre de 2013 y presenta aproximadamente 250 hallazgos arqueol\u00f3gicos de la tumba, recientemente descubierta, del rey en Herodi\u00f3n, as\u00ed como de Jeric\u00f3 y otros sitios relacionados, para arrojar una nueva luz sobre el impacto pol\u00edtico, arquitect\u00f3nico y est\u00e9tico del reinado de Herodes, desde el 37 hasta el 4 a.C. Entre los objetos, todos los cuales han pasado una restauraci\u00f3n exhaustiva en el Museo de Israel para la presente muestra, se cuentan tres sarc\u00f3fagos de la tumba de Herodes y frescos restaurados de Herodi\u00f3n, su cuarto de ba\u00f1o privado en el palacio en Cypros, elementos de piedra tallada nunca vistos antes del Monte del Templo y un recipiente imperial de m\u00e1rmol considerado como un obsequio de Augusto.<\/p>\n<p align=\"center\"><b>Visita a <\/b><b>BET-EL inauguraci\u00f3n de su nueva Sinagoga<\/b><\/p>\n<p style=\"text-align: justify;\">El 10 de enero nuestros amigos de la Comunidad Jud\u00eda Masorti de Bet-El, inauguraron su nueva Sinagoga. En dicho acto fueron acompa\u00f1ados por numerosas personalidades y amigos como el presidente de la Federacion de Comunidades Jud\u00edas de Espa\u00f1a, el Presidente de la Comunidad Jud\u00eda de Madrid, el Embajador de Estados Unidos y Sra., los historiados y periodistas Pancracio Celdr\u00e1n, y Jose Antonio Lisbona entre otros intelectuales, y el presidente de la Asociaci\u00f3n Solidaridad Espa\u00f1a Israel, Fernando Alvarez El acto presidido por el Rabino Mario Stofenmacher transcurri\u00f3 en un ambiente de alegr\u00eda y amistad en el que el actual presidente D. Gabriel Prisiallni hizo entrega de un reconocimiento a los anteriores presidentes, entre ellos D. Joseph Bohrer que a continuaci\u00f3n procedi\u00f3 al descubrimiento de una placa conmemorativa del acto. Desde esta Circular hacemos llegar a toda la Congregaci\u00f3n de Bet-El nuestra felicitaci\u00f3n.<\/p>\n<p align=\"center\"><b>Informaci\u00f3n del CEJC<\/b><\/p>\n<p><b>Fiesta del 20 de enero<\/b><b>: <\/b>Como todos los a\u00f1os se celebr\u00f3 la fiesta en honor de Nuestra Se\u00f1ora de Si\u00f3n. Presidi\u00f3 la Eucarist\u00eda D. Isa\u00edas Barroso, <div id=\"attachment_155\" style=\"width: 184px\" class=\"wp-caption alignleft\"><img loading=\"lazy\" decoding=\"async\" aria-describedby=\"caption-attachment-155\" class=\" alignleft size-full wp-image-155\" style=\"margin: 2px 3px 2px 2px; float: left;\" src=\"https:\/\/cejc-madrid.org\/wp-content\/uploads\/2013\/03\/fiesta-20-e-6.jpg\" title=\"Fiesta 20 de Enero\" class=\"caption\" height=\"140\" width=\"174\" \/><p id=\"caption-attachment-155\" class=\"wp-caption-text\">Fiesta 20 de Enero<\/p><\/div>&nbsp;&nbsp;&nbsp;&nbsp;&nbsp;&nbsp; <div id=\"attachment_156\" style=\"width: 198px\" class=\"wp-caption alignleft\"><img loading=\"lazy\" decoding=\"async\" aria-describedby=\"caption-attachment-156\" class=\" alignleft size-full wp-image-156\" style=\"margin: 2px 3px 2px 2px; float: left;\" src=\"https:\/\/cejc-madrid.org\/wp-content\/uploads\/2013\/03\/fiesta-20-e-8.jpg\" alt=\"Fiesta 20 de enero 2013\" title=\"Fiesta 20 de enero 2013\" class=\"caption\" height=\"141\" width=\"188\" \/><p id=\"caption-attachment-156\" class=\"wp-caption-text\">Fiesta 20 de enero 2013<\/p><\/div>concelebrando el Padre Jos\u00e9 Miguel Garc\u00eda y el Padre Te\u00f3filo Moldov\u00e1n que proclam\u00f3 el Evangelio. Numerosos amigos y socios asistieron a esta celebraci\u00f3n, entre ellos, D. Maurice Toledano, D. Florentino Portero, D. Gabriel Prisiallni, D.\u00aa Alegria Bendrihem, D. Jos\u00e9 Barta, D. Isaac Querub. Despu\u00e9s de la Eucarist\u00eda, unidos en clima de gran amistad compartieron el \u00e1gape fraterno, celebrando los cuarenta a\u00f1os de la erecci\u00f3n de este Centro de Estudios que ha trabajado por la amistad y relaci\u00f3n entre jud\u00edos y cristianos, profundizando en el conocimiento mutuo.<\/p>\n<p><b>50 Aniversario del Vaticano II<\/b><b>. <\/b>El 11 de marzo: el CEJC organiza junto con Centro Sefarad-Israel, un coloquio sobre la Declaraci\u00f3n Nostra Aetate y su desarrollo en las relaciones entre el Juda\u00edsmo y la Iglesia Cat\u00f3lica. Para desarrollar el tema se establecer\u00e1 un coloquio con la intervenci\u00f3n del Hermano Elio Passeto, de la Congregaci\u00f3n de Nuestra Se\u00f1ora de Si\u00f3n, que llega de Jerusal\u00e9n y el Rabino Baruj Garz\u00f3n. M\u00e1s informaci\u00f3n podr\u00e1n encontrarla en nuestra p\u00e1gina web.<\/p>\n<p><b>Curso<\/b><b>. <\/b>Continua nuestro Curso Anual, en esta segunda parte, contaremos con la presencia de los profesores Jos\u00e9 Miguel Garc\u00eda, Elio Passeto, Javier Fdez. Vallina, Jos\u00e9 Ram\u00f3n Busto, Amparo Alba, Jacobo Israel, Moshe Orfali y Luis Vegas.<\/p>\n<p><b>Excursi\u00f3n<\/b><b>. <\/b>Nuestro Centro organizar\u00e1 la excursi\u00f3n anual en el pr\u00f3ximo mes de mayo. Recibir\u00e1n informaci\u00f3n m\u00e1s detallada pr\u00f3ximamente.<\/p>\n","protected":false},"excerpt":{"rendered":"<p>&nbsp;Descargar pdf N\u00ba 197 (Enero-Marzo 2013) Renuncia del Papa Benedicto XVI Con motivo de la renuncia del Papa Benedicto XVI al pontificado, reproducimos algunas declaraciones de personalidades e instituciones internacionales. Carta del Cardenal-Arzobispo de Madrid Mis queridos hermanos y hermanas en el Se\u00f1or: El Papa Benedicto XVI acaba de anunciar su renuncia a la sede [&hellip;]<\/p>\n","protected":false},"author":1,"featured_media":148,"comment_status":"open","ping_status":"open","sticky":false,"template":"","format":"standard","meta":{"_et_pb_use_builder":"","_et_pb_old_content":"","_et_gb_content_width":"","footnotes":""},"categories":[4],"tags":[111,123,51,127,124,125,126],"class_list":["post-157","post","type-post","status-publish","format-standard","has-post-thumbnail","hentry","category-circular","tag-benedicto-xvi","tag-circular","tag-hebreo","tag-holocausto","tag-judeo-cristiano","tag-rouco","tag-shoa"],"_links":{"self":[{"href":"https:\/\/cejc-madrid.org\/index.php\/wp-json\/wp\/v2\/posts\/157","targetHints":{"allow":["GET"]}}],"collection":[{"href":"https:\/\/cejc-madrid.org\/index.php\/wp-json\/wp\/v2\/posts"}],"about":[{"href":"https:\/\/cejc-madrid.org\/index.php\/wp-json\/wp\/v2\/types\/post"}],"author":[{"embeddable":true,"href":"https:\/\/cejc-madrid.org\/index.php\/wp-json\/wp\/v2\/users\/1"}],"replies":[{"embeddable":true,"href":"https:\/\/cejc-madrid.org\/index.php\/wp-json\/wp\/v2\/comments?post=157"}],"version-history":[{"count":0,"href":"https:\/\/cejc-madrid.org\/index.php\/wp-json\/wp\/v2\/posts\/157\/revisions"}],"wp:featuredmedia":[{"embeddable":true,"href":"https:\/\/cejc-madrid.org\/index.php\/wp-json\/wp\/v2\/media\/148"}],"wp:attachment":[{"href":"https:\/\/cejc-madrid.org\/index.php\/wp-json\/wp\/v2\/media?parent=157"}],"wp:term":[{"taxonomy":"category","embeddable":true,"href":"https:\/\/cejc-madrid.org\/index.php\/wp-json\/wp\/v2\/categories?post=157"},{"taxonomy":"post_tag","embeddable":true,"href":"https:\/\/cejc-madrid.org\/index.php\/wp-json\/wp\/v2\/tags?post=157"}],"curies":[{"name":"wp","href":"https:\/\/api.w.org\/{rel}","templated":true}]}}