{"id":16,"date":"2011-11-04T10:19:44","date_gmt":"2011-11-04T10:19:44","guid":{"rendered":"https:\/\/upbeat-goodall.82-223-35-84.plesk.page\/index.php\/2011\/11\/04\/el-olivo-no-5\/"},"modified":"2011-11-04T10:19:44","modified_gmt":"2011-11-04T10:19:44","slug":"el-olivo-no-5","status":"publish","type":"post","link":"https:\/\/cejc-madrid.org\/index.php\/2011\/11\/04\/el-olivo-no-5\/","title":{"rendered":"El Olivo n\u00ba 5-6"},"content":{"rendered":"<p>&nbsp;&nbsp;&nbsp;&nbsp;&nbsp;&nbsp;&nbsp;&nbsp;&nbsp;&nbsp;<\/p>\n<p style=\"text-align: center;\">EL OLIVO   n\u00ba 5<\/p>\n<p>\u00a0<\/p>\n<p style=\"text-align: center;\">&nbsp;&nbsp;&nbsp;&nbsp;&nbsp;&nbsp; Enero- Junio 1978<\/p>\n<p style=\"text-align: center;\">\u00cdndice<\/p>\n<p>\u00a0<\/p>\n<p><strong>El concepto de la fe en el Juda\u00edsmo &#8211; <\/strong>Heszel Klepfisz<\/p>\n<p><strong>Fundamentos jur\u00eddicos de la postura antijud\u00eda de la Iglesia en el siglo IV &#8211; <\/strong>Antonio Gonz\u00e1lez Blanco<\/p>\n<p><strong>Los menores de edad, hijos de jud\u00edos, en los c\u00e1nones y leyes de \u00e9poca visigoda &#8211; <\/strong>Luis Garc\u00eda Iglesias<\/p>\n<p><strong>La proyecci\u00f3n de la escatolog\u00eda jud\u00eda en el mesianismo antiguo y medieval &#8211; <\/strong>Emilio Mitre Fern\u00e1ndez<\/p>\n<p><strong>Los juramentos de los jud\u00edos en la Espa\u00f1a medieval<\/strong> &#8211; Mar\u00eda Jos\u00e9 Fuentes Esta\u00f1ol<\/p>\n<p><strong>Los jud\u00edos y la Inquisici\u00f3n catalana (siglos XII-XIV)<\/strong> &#8211; L. Calders i Artis<\/p>\n<p><strong>Los jud\u00edos castellanos en v\u00edsperas de la expulsi\u00f3n &#8211; <\/strong>Luis Su\u00e1rez Fern\u00e1ndez<\/p>\n<p><strong>El \u00abActo de creencia israel\u00edtico\u00bb de Isaac de Acosta&nbsp; &#8211; <\/strong>Tom\u00e1s L. Ryan de Heredia<\/p>\n<p><strong>Los \u00faltimos supervivientes de la Sal\u00f3nica jud\u00eda<\/strong> &#8211; Mordehay  Avishay<\/p>\n<p><strong>International Council of Christian and Jews (ICCJ) &#8211; <\/strong>Willian W. Simpson<\/p>\n<p><strong>II Simposio de Madrid &#8211; <\/strong>Vicente Serrano<\/p>\n<p><strong>Impresiones de un israel\u00ed en torno a un Simposio &#8211; <\/strong>Nahum Schutz<\/p>\n<p><strong>As\u00ed vivo yo el Simposio &#8211; <\/strong>Sor Esperanza Mary<\/p>\n<p><strong>Profesor Don Francisco Cantera y Burgos (In Memorianm) &#8211; <\/strong>Carlos Carrete Parrondo<\/p>\n<p><strong>El Juda\u00edsmo en los libros de ense\u00f1anza religiosa en Espa\u00f1a &#8211; <\/strong>Vicente Serrano<\/p>\n<p>\u00a0<\/p>\n<p>Documentaci\u00f3n<\/p>\n<p>Textos sobre la pol\u00edtica antijud\u00eda en el Reino visigodo (Luis Garc\u00eda Iglesias)<\/p>\n","protected":false},"excerpt":{"rendered":"<p>&nbsp;&nbsp;&nbsp;&nbsp;&nbsp;&nbsp;&nbsp;&nbsp;&nbsp;&nbsp; EL OLIVO n\u00ba 5 \u00a0 &nbsp;&nbsp;&nbsp;&nbsp;&nbsp;&nbsp; Enero- Junio 1978 \u00cdndice \u00a0 El concepto de la fe en el Juda\u00edsmo &#8211; Heszel Klepfisz Fundamentos jur\u00eddicos de la postura antijud\u00eda de la Iglesia en el siglo IV &#8211; Antonio Gonz\u00e1lez Blanco Los menores de edad, hijos de jud\u00edos, en los c\u00e1nones y leyes de \u00e9poca visigoda [&hellip;]<\/p>\n","protected":false},"author":1,"featured_media":0,"comment_status":"open","ping_status":"open","sticky":false,"template":"","format":"standard","meta":{"_et_pb_use_builder":"","_et_pb_old_content":"","_et_gb_content_width":"","footnotes":""},"categories":[25],"tags":[],"class_list":["post-16","post","type-post","status-publish","format-standard","hentry","category-revista-qel-olivoq"],"_links":{"self":[{"href":"https:\/\/cejc-madrid.org\/index.php\/wp-json\/wp\/v2\/posts\/16","targetHints":{"allow":["GET"]}}],"collection":[{"href":"https:\/\/cejc-madrid.org\/index.php\/wp-json\/wp\/v2\/posts"}],"about":[{"href":"https:\/\/cejc-madrid.org\/index.php\/wp-json\/wp\/v2\/types\/post"}],"author":[{"embeddable":true,"href":"https:\/\/cejc-madrid.org\/index.php\/wp-json\/wp\/v2\/users\/1"}],"replies":[{"embeddable":true,"href":"https:\/\/cejc-madrid.org\/index.php\/wp-json\/wp\/v2\/comments?post=16"}],"version-history":[{"count":0,"href":"https:\/\/cejc-madrid.org\/index.php\/wp-json\/wp\/v2\/posts\/16\/revisions"}],"wp:attachment":[{"href":"https:\/\/cejc-madrid.org\/index.php\/wp-json\/wp\/v2\/media?parent=16"}],"wp:term":[{"taxonomy":"category","embeddable":true,"href":"https:\/\/cejc-madrid.org\/index.php\/wp-json\/wp\/v2\/categories?post=16"},{"taxonomy":"post_tag","embeddable":true,"href":"https:\/\/cejc-madrid.org\/index.php\/wp-json\/wp\/v2\/tags?post=16"}],"curies":[{"name":"wp","href":"https:\/\/api.w.org\/{rel}","templated":true}]}}