{"id":160,"date":"2013-03-15T11:18:31","date_gmt":"2013-03-15T11:18:31","guid":{"rendered":"https:\/\/upbeat-goodall.82-223-35-84.plesk.page\/index.php\/2013\/03\/15\/papa-francisco\/"},"modified":"2013-03-15T11:18:31","modified_gmt":"2013-03-15T11:18:31","slug":"papa-francisco","status":"publish","type":"post","link":"https:\/\/cejc-madrid.org\/index.php\/2013\/03\/15\/papa-francisco\/","title":{"rendered":"Papa Francisco a la Comunidad Jud\u00eda de Roma"},"content":{"rendered":"<div id=\"attachment_158\" style=\"width: 231px\" class=\"wp-caption alignnone\"><img loading=\"lazy\" decoding=\"async\" aria-describedby=\"caption-attachment-158\" class=\" size-full wp-image-158\" style=\"display: block; margin-left: auto; margin-right: auto;\" src=\"https:\/\/cejc-madrid.org\/wp-content\/uploads\/2013\/03\/papa-francisco-balcon.jpg\" alt=\"Papa Francisco\" title=\"Papa Francisco\" class=\"caption\" height=\"184\" width=\"221\" \/><p id=\"caption-attachment-158\" class=\"wp-caption-text\">Papa Francisco<\/p><\/div>\n<p>Carta del Papa Francisco dirigida el mismo d\u00eda 13 de marzo, d\u00eda de su elecci\u00f3n como nuevo Papa, al jefe de la Comunidad Jud\u00eda de Roma, Dr. Ricardo di Segni:<\/p>\n<p>\u00a0<\/p>\n<p style=\"text-align: justify;\"><img loading=\"lazy\" decoding=\"async\" class=\" alignleft size-full wp-image-159\" style=\"margin: 2px 3px 2px 2px; float: left;\" src=\"https:\/\/cejc-madrid.org\/wp-content\/uploads\/2013\/03\/el-papa-francisco-a-los-judos.jpg\" title=\"El Papa Francisco al Rabino Jefe de Roma\" class=\"caption\" width=\"215\" height=\"310\" srcset=\"https:\/\/cejc-madrid.org\/wp-content\/uploads\/2013\/03\/el-papa-francisco-a-los-judos.jpg 215w, https:\/\/cejc-madrid.org\/wp-content\/uploads\/2013\/03\/el-papa-francisco-a-los-judos-208x300.jpg 208w\" sizes=\"(max-width: 215px) 100vw, 215px\" \/>En el d\u00eda de mi elecci\u00f3n como Obispo de Roma y Pastor Universal de la Iglesia Cat\u00f3lica le env\u00edo mi cordial saludo, anunci\u00e1ndole que la Solemne Inauguraci\u00f3n de mi Pontificado tendr\u00e1 lugar el martes 19 de marzo.<\/p>\n<p style=\"text-align: justify;\">Confiando en la protecci\u00f3n del Alt\u00edsimo, espero vivamente poder contribuir al progreso de las relaciones entre jud\u00edos y cat\u00f3licos, conocidas a partir del Concilio Vaticano II, en un esp\u00edritu de renovada colaboraci\u00f3n y al servicio de un mundo que pueda siempre vivir m\u00e1s en armon\u00eda con la voluntad del Creador.<\/p>\n<p style=\"text-align: justify;\">Vaticano 13 de marzo de 2013<\/p>\n<p style=\"text-align: justify;\">Franciscus PP<\/p>\n<p style=\"text-align: justify;\">\u00a0<\/p>\n<p style=\"text-align: justify;\"><strong>SIMON PERES, Presidente del Estado de Israel, <\/strong>felicit\u00f3 al nuevo papa, Francisco, por su elecci\u00f3n y le invit\u00f3 a visitar Tierra Santa y confi\u00f3 en que contin\u00fae con la tarea de su antecesor de promover el acercamiento al pueblo jud\u00edo.<br \/>Peres asegur\u00f3 que el nuevo pont\u00edfice \u00abrepresenta la devoci\u00f3n, el amor a dios, el amor a la paz, una modestia santa y un nuevo continente que est\u00e1 despertando\u00bb, y asegur\u00f3 que el mundo \u00abnecesita m\u00e1s que nunca, un liderazgo espiritual y no solamente pol\u00edtico\u00bb, inform\u00f3 su oficina en un comunicado.<br \/>\u00abAll\u00ed donde los l\u00edderes pol\u00edticos pueden dividir, los l\u00edderes espirituales pueden unir. Unir alrededor de una visi\u00f3n, de unos valores, de una fe que pueda hacer del mundo un lugar mejor para vivir. Que dios bendiga al nuevo papa\u00bb.<br \/>El jefe del estado israel\u00ed record\u00f3 que el antecesor de Francisco, el papa Benedicto XVI, fue \u00abun verdadero amigo de Israel y del pueblo jud\u00edo\u00bb que \u00abcontribuy\u00f3 a acercar las relaciones entre la Iglesia Cat\u00f3lica y el pueblo jud\u00edo\u00bb.<br \/>\u00abLa relaci\u00f3n entre el pueblo jud\u00edo y el Vaticano est\u00e1n en su punto m\u00e1s alto en 2000 a\u00f1os\u00bb, se\u00f1al\u00f3, y agreg\u00f3 que est\u00e1 seguro de que \u00abel papa Francisco continuar\u00e1 promocion\u00e1ndolas\u00bb.<br \/>Peres invit\u00f3 a Francisco a visitar lo antes posible Tierra Santa, donde \u00abser\u00e1 bienvenido como un hombre de inspiraci\u00f3n que puede ayudar en el intento de traer la paz a un lugar tormentoso\u00bb y en el que le dar\u00e1 la bienvenida \u00abtodo el mundo sin excepci\u00f3n\u00bb, jud\u00edos, musulmanes y cristianos. EFE<\/p>\n","protected":false},"excerpt":{"rendered":"<p>&nbsp;&nbsp;&nbsp; Carta del Papa Francisco dirigida el mismo d\u00eda 13 de marzo, d\u00eda de su elecci\u00f3n como nuevo Papa, al jefe de la Comunidad Jud\u00eda de Roma, Dr. Ricardo di Segni: \u00a0 En el d\u00eda de mi elecci\u00f3n como Obispo de Roma y Pastor Universal de la Iglesia Cat\u00f3lica le env\u00edo mi cordial saludo, anunci\u00e1ndole [&hellip;]<\/p>\n","protected":false},"author":1,"featured_media":158,"comment_status":"open","ping_status":"open","sticky":false,"template":"","format":"standard","meta":{"_et_pb_use_builder":"","_et_pb_old_content":"","_et_gb_content_width":"","footnotes":""},"categories":[27],"tags":[129,128,130],"class_list":["post-160","post","type-post","status-publish","format-standard","has-post-thumbnail","hentry","category-papa-francisco-documentos","tag-comunidad-judia","tag-papa-francisco","tag-ricardo-di-segni"],"_links":{"self":[{"href":"https:\/\/cejc-madrid.org\/index.php\/wp-json\/wp\/v2\/posts\/160","targetHints":{"allow":["GET"]}}],"collection":[{"href":"https:\/\/cejc-madrid.org\/index.php\/wp-json\/wp\/v2\/posts"}],"about":[{"href":"https:\/\/cejc-madrid.org\/index.php\/wp-json\/wp\/v2\/types\/post"}],"author":[{"embeddable":true,"href":"https:\/\/cejc-madrid.org\/index.php\/wp-json\/wp\/v2\/users\/1"}],"replies":[{"embeddable":true,"href":"https:\/\/cejc-madrid.org\/index.php\/wp-json\/wp\/v2\/comments?post=160"}],"version-history":[{"count":0,"href":"https:\/\/cejc-madrid.org\/index.php\/wp-json\/wp\/v2\/posts\/160\/revisions"}],"wp:featuredmedia":[{"embeddable":true,"href":"https:\/\/cejc-madrid.org\/index.php\/wp-json\/wp\/v2\/media\/158"}],"wp:attachment":[{"href":"https:\/\/cejc-madrid.org\/index.php\/wp-json\/wp\/v2\/media?parent=160"}],"wp:term":[{"taxonomy":"category","embeddable":true,"href":"https:\/\/cejc-madrid.org\/index.php\/wp-json\/wp\/v2\/categories?post=160"},{"taxonomy":"post_tag","embeddable":true,"href":"https:\/\/cejc-madrid.org\/index.php\/wp-json\/wp\/v2\/tags?post=160"}],"curies":[{"name":"wp","href":"https:\/\/api.w.org\/{rel}","templated":true}]}}