{"id":162,"date":"2013-03-25T11:05:02","date_gmt":"2013-03-25T11:05:02","guid":{"rendered":"https:\/\/upbeat-goodall.82-223-35-84.plesk.page\/index.php\/2013\/03\/25\/viaje-a-segovia\/"},"modified":"2013-03-25T11:05:02","modified_gmt":"2013-03-25T11:05:02","slug":"viaje-a-segovia","status":"publish","type":"post","link":"https:\/\/cejc-madrid.org\/index.php\/2013\/03\/25\/viaje-a-segovia\/","title":{"rendered":"Viaje a Segovia"},"content":{"rendered":"<p style=\"text-align: center;\"><strong>25 y 26 de MAYO<\/strong><\/p>\n<p style=\"text-align: center;\"><span style=\"text-decoration: underline;\"><strong>VIAJE A SEGOVIA<\/strong><\/span>&nbsp;&nbsp; <a href=\"index.php?option=com_phocagallery&amp;view=categories&amp;Itemid=102\">(Ver galeria de fotos)<\/a><span style=\"text-decoration: underline;\"><strong><br \/><\/strong><\/span><\/p>\n<p><b><div id=\"attachment_161\" style=\"width: 175px\" class=\"wp-caption alignleft\"><a href=\"index.php?option=com_phocagallery&amp;view=categories&amp;Itemid=102\"><img loading=\"lazy\" decoding=\"async\" aria-describedby=\"caption-attachment-161\" class=\" alignleft size-full wp-image-161\" style=\"margin-top: 2px; margin-right: 4px; margin-bottom: 2px; float: left;\" src=\"https:\/\/cejc-madrid.org\/wp-content\/uploads\/2013\/03\/13_02_12-juderia_segovia.jpg\" alt=\"Juder\u00eda de Segovia\" title=\"Juder\u00eda de Segovia\" class=\"caption\" height=\"123\" width=\"165\" \/><\/a><p id=\"caption-attachment-161\" class=\"wp-caption-text\">Juder\u00eda de Segovia<\/p><\/div>S\u00e1bado 25 Mayo 9:00<\/b>.- Salida de Madrid con direcci\u00f3n a Segovia, ciudad fundada sobre un poblado celtibero y que sufri\u00f3 las guerras civiles de Roma en tiempos de Sertorio. A nuestra llegada nos recibir\u00e1 el majestuoso acueducto de la \u00e9poca imperial desde los emperadores Vespasiano hasta Trajano y despu\u00e9s nos dirigiremos a nuestro hotel para dejar las maletas y si es posible hacer el reparto de habitaciones.<\/p>\n<p><b>10:30<\/b>.- Visita guiada a la Juder\u00eda desde la puerta de San Andr\u00e9s hasta la meseta de la Catedral o barrio alhama del siglo XIII con una duraci\u00f3n aproximada de 2 horas. Durante el recorrido veremos la Casa Abraham S\u00e9nior, la puerta del Sol, el Cementerio jud\u00edo y visitaremos entre otros espacios la Antigua Sinagoga Mayor, hoy Convento del Corpus Cristi, el Centro Did\u00e1ctico de la Juder\u00eda y el Centro informativo de la Muralla.<\/p>\n<p><b>13:45<\/b>.- Comida en el Hotel Acueducto<\/p>\n<p><b>16:00<\/b>.-Una vez reparadas fuerzas continuaremos con nuestra gu\u00eda por la denominada Ruta de Isabel. En el siglo XIV la ciudad sufri\u00f3 una crisis econ\u00f3mica que produjo rebeliones tanto de nobles como de las consejer\u00edas municipales. Ya en el siglo XV llegaron \u00e9pocas de mejoras sociales y urbanas. Visitaremos el Alc\u00e1zar, castillo-palacio entre los siglos XV, XVI y XVIII. Juan II de castilla, el padre de Isabel I, levant\u00f3 el Alc\u00e1zar donde se dieron fiestas y justas. Sufri\u00f3 la guerra de los comuneros en el siglo XVI y ser\u00e1 renovado bajo Felipe II y Felipe V.<\/p>\n<p><b>19.00.<\/b>&#8211; Al finalizar tendremos tiempo libre para \u201cperdernos\u201d y admirar la belleza de Segovia hasta la hora de la cena<\/p>\n<p><b>20:45<\/b>.- Cena en el Hotel<\/p>\n<p><b>Domingo 26 Mayo: 10:00<\/b>.- Salida hacia la Iglesia g\u00f3tica de San Martin, seguiremos hacia la plaza Mayor para visitar La Catedral cuyos or\u00edgenes se remontan al siglo XI. Al sentirse la ciudad m\u00e1s segura de los ataques isl\u00e1micos se levant\u00f3 la catedral rom\u00e1nica de Santa Maria que ser\u00eda destruida en tiempos de las guerras comuneras. Carlos I levant\u00f3 la nueva en el siglo XVI en estilo g\u00f3tico tard\u00edo renacentista, traslad\u00e1ndose el culto de la Virgen a la nueva Catedral.<\/p>\n<p>Seguiremos hacia la Iglesia de San Miguel, donde bajo un bello p\u00f3rtico se coron\u00f3 reina a Isabel la Cat\u00f3lica, pero que se derrib\u00f3 en 1532. Si disponemos de tiempo intentaremos ver la Torre de H\u00e9rcules con bellos mosaicos y leyendas y la Iglesia de San Esteban del siglo XIII con torre bizantina y en el interior calvario g\u00f3tico con el Cristo desclavado.<\/p>\n<p><b>13:45.-<\/b>Comida en el hotel, tiempo libre hasta la hora de salida para Madrid.<\/p>\n<p><b>Plazo de Inscripci\u00f3n: 6 de Mayo<\/b><\/p>\n<p><b>Salida<\/b>: Hilari\u00f3n Eslava\/esquina a Cea Berm\u00fadez \u2013<\/p>\n<p><b>D\u00eda: s\u00e1bado 25 de mayo<\/b><\/p>\n<p><b>Hora: 09,00 <\/b><\/p>\n<p><b>Precios en habitaci\u00f3n doble<\/b>:<\/p>\n<p>Socios, alumnos y sus invitados: &nbsp;&nbsp;&nbsp;&nbsp;&nbsp; 150\u20ac<\/p>\n<p>Suplemento habitaci\u00f3n individual: &nbsp;&nbsp; &nbsp;20 \u20ac<\/p>\n<p><b>Incluye: <\/b><\/p>\n<p>Alojamiento, pensi\u00f3n completa, entrada a los monumentos, gu\u00eda oficial durante todo el recorrido, transporte<\/p>\n<p><b>Dirigirse a: <\/b>Secretar\u00eda<\/p>\n<p><b>Tfno: 91 543 12 51<\/b><\/p>\n<p><b> <a href=\"mailto:secretaria@cejc-madrid.org\">secretaria@cejc-madrid.org<\/a><\/b><\/p>\n<p>Hilari\u00f3n Eslava, 50 6\u00ba izda. 28015 Madrid<\/p>\n","protected":false},"excerpt":{"rendered":"<p>25 y 26 de MAYO VIAJE A SEGOVIA&nbsp;&nbsp; (Ver galeria de fotos) S\u00e1bado 25 Mayo 9:00.- Salida de Madrid con direcci\u00f3n a Segovia, ciudad fundada sobre un poblado celtibero y que sufri\u00f3 las guerras civiles de Roma en tiempos de Sertorio. A nuestra llegada nos recibir\u00e1 el majestuoso acueducto de la \u00e9poca imperial desde los [&hellip;]<\/p>\n","protected":false},"author":1,"featured_media":161,"comment_status":"open","ping_status":"open","sticky":false,"template":"","format":"standard","meta":{"_et_pb_use_builder":"","_et_pb_old_content":"","_et_gb_content_width":"","footnotes":""},"categories":[6],"tags":[90,108,51,60,131],"class_list":["post-162","post","type-post","status-publish","format-standard","has-post-thumbnail","hentry","category-viajes-a-juderias","tag-cristiano","tag-excursion","tag-hebreo","tag-judio","tag-segovia"],"_links":{"self":[{"href":"https:\/\/cejc-madrid.org\/index.php\/wp-json\/wp\/v2\/posts\/162","targetHints":{"allow":["GET"]}}],"collection":[{"href":"https:\/\/cejc-madrid.org\/index.php\/wp-json\/wp\/v2\/posts"}],"about":[{"href":"https:\/\/cejc-madrid.org\/index.php\/wp-json\/wp\/v2\/types\/post"}],"author":[{"embeddable":true,"href":"https:\/\/cejc-madrid.org\/index.php\/wp-json\/wp\/v2\/users\/1"}],"replies":[{"embeddable":true,"href":"https:\/\/cejc-madrid.org\/index.php\/wp-json\/wp\/v2\/comments?post=162"}],"version-history":[{"count":0,"href":"https:\/\/cejc-madrid.org\/index.php\/wp-json\/wp\/v2\/posts\/162\/revisions"}],"wp:featuredmedia":[{"embeddable":true,"href":"https:\/\/cejc-madrid.org\/index.php\/wp-json\/wp\/v2\/media\/161"}],"wp:attachment":[{"href":"https:\/\/cejc-madrid.org\/index.php\/wp-json\/wp\/v2\/media?parent=162"}],"wp:term":[{"taxonomy":"category","embeddable":true,"href":"https:\/\/cejc-madrid.org\/index.php\/wp-json\/wp\/v2\/categories?post=162"},{"taxonomy":"post_tag","embeddable":true,"href":"https:\/\/cejc-madrid.org\/index.php\/wp-json\/wp\/v2\/tags?post=162"}],"curies":[{"name":"wp","href":"https:\/\/api.w.org\/{rel}","templated":true}]}}