{"id":164,"date":"2013-04-22T10:27:21","date_gmt":"2013-04-22T10:27:21","guid":{"rendered":"https:\/\/upbeat-goodall.82-223-35-84.plesk.page\/index.php\/2013\/04\/22\/rabino-di-segni-al-papa-francisco\/"},"modified":"2013-04-22T10:27:21","modified_gmt":"2013-04-22T10:27:21","slug":"rabino-di-segni-al-papa-francisco","status":"publish","type":"post","link":"https:\/\/cejc-madrid.org\/index.php\/2013\/04\/22\/rabino-di-segni-al-papa-francisco\/","title":{"rendered":"Rabino Di Segni al Papa Francisco"},"content":{"rendered":"<p>El Gran Rabino, Riccardo Di Segni dese\u00f3 un buen pontificado al Papa Francisco<\/p>\n<p>13 de marzo de 2013<\/p>\n<p>\u00a0<\/p>\n<img loading=\"lazy\" decoding=\"async\" class=\" alignleft size-full wp-image-163\" style=\"margin: 2px 3px; float: left;\" src=\"https:\/\/cejc-madrid.org\/wp-content\/uploads\/2013\/04\/69fd5ea5e2.jpg\" alt=\"Papa Francisco y Rabino Di Segni\" title=\"Papa Francisco y Rabino Di Segni\" class=\"caption\" width=\"250\" height=\"250\" srcset=\"https:\/\/cejc-madrid.org\/wp-content\/uploads\/2013\/04\/69fd5ea5e2.jpg 250w, https:\/\/cejc-madrid.org\/wp-content\/uploads\/2013\/04\/69fd5ea5e2-150x150.jpg 150w\" sizes=\"(max-width: 250px) 100vw, 250px\" \/>\n<p>Quiero expresar mis mejores deseos a Jorge Mario Bergoglio elegido Papa Francisco. Eso puede guiar con la fuerza y \u200b\u200bla sabidur\u00eda de la Iglesia Cat\u00f3lica para los pr\u00f3ximos a\u00f1os. La relaci\u00f3n de la Iglesia con la Comunidad Jud\u00eda de Roma y el di\u00e1logo con el juda\u00edsmo han dado pasos importantes. La esperanza es que podamos seguir el camino de la continuidad y las buenas relaciones.<\/p>\n<p>Riccardo Di Segni<\/p>\n","protected":false},"excerpt":{"rendered":"<p>El Gran Rabino, Riccardo Di Segni dese\u00f3 un buen pontificado al Papa Francisco 13 de marzo de 2013 \u00a0 Quiero expresar mis mejores deseos a Jorge Mario Bergoglio elegido Papa Francisco. Eso puede guiar con la fuerza y \u200b\u200bla sabidur\u00eda de la Iglesia Cat\u00f3lica para los pr\u00f3ximos a\u00f1os. La relaci\u00f3n de la Iglesia con la [&hellip;]<\/p>\n","protected":false},"author":1,"featured_media":163,"comment_status":"open","ping_status":"open","sticky":false,"template":"","format":"standard","meta":{"_et_pb_use_builder":"","_et_pb_old_content":"","_et_gb_content_width":"","footnotes":""},"categories":[27],"tags":[],"class_list":["post-164","post","type-post","status-publish","format-standard","has-post-thumbnail","hentry","category-papa-francisco-documentos"],"_links":{"self":[{"href":"https:\/\/cejc-madrid.org\/index.php\/wp-json\/wp\/v2\/posts\/164","targetHints":{"allow":["GET"]}}],"collection":[{"href":"https:\/\/cejc-madrid.org\/index.php\/wp-json\/wp\/v2\/posts"}],"about":[{"href":"https:\/\/cejc-madrid.org\/index.php\/wp-json\/wp\/v2\/types\/post"}],"author":[{"embeddable":true,"href":"https:\/\/cejc-madrid.org\/index.php\/wp-json\/wp\/v2\/users\/1"}],"replies":[{"embeddable":true,"href":"https:\/\/cejc-madrid.org\/index.php\/wp-json\/wp\/v2\/comments?post=164"}],"version-history":[{"count":0,"href":"https:\/\/cejc-madrid.org\/index.php\/wp-json\/wp\/v2\/posts\/164\/revisions"}],"wp:featuredmedia":[{"embeddable":true,"href":"https:\/\/cejc-madrid.org\/index.php\/wp-json\/wp\/v2\/media\/163"}],"wp:attachment":[{"href":"https:\/\/cejc-madrid.org\/index.php\/wp-json\/wp\/v2\/media?parent=164"}],"wp:term":[{"taxonomy":"category","embeddable":true,"href":"https:\/\/cejc-madrid.org\/index.php\/wp-json\/wp\/v2\/categories?post=164"},{"taxonomy":"post_tag","embeddable":true,"href":"https:\/\/cejc-madrid.org\/index.php\/wp-json\/wp\/v2\/tags?post=164"}],"curies":[{"name":"wp","href":"https:\/\/api.w.org\/{rel}","templated":true}]}}