{"id":165,"date":"2013-06-28T15:36:20","date_gmt":"2013-06-28T15:36:20","guid":{"rendered":"https:\/\/upbeat-goodall.82-223-35-84.plesk.page\/index.php\/2013\/06\/28\/un-cristiano-no-puede-ser-antisemita\/"},"modified":"2013-06-28T15:36:20","modified_gmt":"2013-06-28T15:36:20","slug":"un-cristiano-no-puede-ser-antisemita","status":"publish","type":"post","link":"https:\/\/cejc-madrid.org\/index.php\/2013\/06\/28\/un-cristiano-no-puede-ser-antisemita\/","title":{"rendered":"Un cristiano no puede ser antisemita"},"content":{"rendered":"<p>DISCURSO DEL SANTO PADRE ANTE EL COMIT\u00c9 INTERNACIONAL JUD\u00cdO PARA CONSULTAS INTERRELIGIOSAS<\/p>\n<p>24 de junio de 2013<\/p>\n<p>Queridos hermanos mayores,<\/p>\n<p>Shalom!<\/p>\n<p>Con este saludo, tambi\u00e9n muy querido en la tradici\u00f3n cristiana, me complace dar la bienvenida a la delegaci\u00f3n de los l\u00edderes del \u00abComit\u00e9 Jud\u00edo Internacional para Consultas Interreligiosas\u00bb (International Jewish Committee on Interreligious Consultations).<\/p>\n<p>Tambi\u00e9n dirijo un saludo cordial al cardenal Koch, as\u00ed como a los dem\u00e1s miembros y colaboradores de la Comisi\u00f3n para las Relaciones Religiosas con los Jud\u00edos, con la que se mantiene desde hace m\u00e1s de cuarenta a\u00f1os, un di\u00e1logo regular.<\/p>\n<p>Las veinti\u00fan reuniones celebradas hasta la fecha, sin duda han contribuido a mejorar la comprensi\u00f3n mutua y los lazos de amistad entre los jud\u00edos y cat\u00f3licos. S\u00e9 que se est\u00e1 preparando la pr\u00f3xima reuni\u00f3n, que tendr\u00e1 lugar en octubre en Madrid con el tema: \u00abLos desaf\u00edos a la fe en las sociedades contempor\u00e1neas\u00bb. \u00a1Gracias por su compromiso!<\/p>\n<p>En estos primeros meses de mi ministerio he tenido la oportunidad de conocer a ilustres personalidades del mundo jud\u00edo, pero esta es la primera oportunidad de conversar con un grupo de representantes oficiales de las organizaciones y de la comunidades jud\u00edas; y por esto no puedo dejar de recordar lo que se afirmaba solemnemente en el numeral 4 de la Declaraci\u00f3n Nostra Aetate del Concilio Vaticano II, que representa para la Iglesia cat\u00f3lica un punto de referencia fundamental en lo que respecta a las relaciones con el pueblo jud\u00edo.<\/p>\n<p>A trav\u00e9s de las palabras del texto conciliar, la Iglesia reconoce que \u00ablos comienzos de su fe y de su elecci\u00f3n se encuentran ya, seg\u00fan el misterio divino de la salvaci\u00f3n, en los patriarcas, en Mois\u00e9s y en los profetas\u00bb. Y en cuanto al pueblo jud\u00edo, el Concilio recuerda la ense\u00f1anza de san Pablo, seg\u00fan el cual \u00ablos dones y la llamada de Dios son irrevocables\u00bb, y condena en\u00e9rgicamente el odio, las persecuciones y todas las manifestaciones de antisemitismo. Por nuestras ra\u00edces comunes, \u00a1un cristiano no puede ser antisemita!<\/p>\n<p>\u00a0<\/p>\n<p>Los principios fundamentales expresados en la Declaraci\u00f3n mencionada han marcado el camino para un mayor conocimiento y comprensi\u00f3n rec\u00edprocos, recorrido en las \u00faltimas d\u00e9cadas entre jud\u00edos y cat\u00f3licos, camino al que mis predecesores han dado un gran impulso a trav\u00e9s de gestos particularmente significativos, o a trav\u00e9s del desarrollo de una serie de documentos que tienen una profunda reflexi\u00f3n sobre los fundamentos teol\u00f3gicos de las relaciones entre jud\u00edos y cristianos. Es un camino por el que debemos dar gracias sinceramente al Se\u00f1or.<\/p>\n<p>Sin embargo, esto es solo la parte m\u00e1s visible de un vasto movimiento que se hizo a nivel local un poco en todo el mundo, del cual yo mismo soy testigo. A lo largo de mi ministerio como arzobispo de Buenos Aires &#8211;como inform\u00f3 el se\u00f1or Presidente&#8211;, tuve la alegr\u00eda de mantener relaciones de sincera amistad con algunos miembros del mundo jud\u00edo. A menudo hablamos de nuestras respectivas identidades religiosas, la imagen del hombre contenida en las Escrituras, la forma de mantener vivo el sentido de Dios en un mundo secularizado en muchos lugares. Me he confrontado con ellos en varias ocasiones sobre los desaf\u00edos comunes de jud\u00edos y cristianos. Pero lo m\u00e1s importante, como amigos, disfrutamos de la presencia del otro, nos hemos enriquecido mutuamente a trav\u00e9s del encuentro y el di\u00e1logo, con una actitud de aceptaci\u00f3n mutua, y esto nos ha ayudado a crecer como seres humanos y como creyentes.<\/p>\n<p>Lo mismo sucedi\u00f3 y sucede en muchas otras partes del mundo, y estas relaciones de amistad son en cierto modo la base del di\u00e1logo que se desarrolla en el plano oficial. No puedo, por lo tanto, hacer otra cosa que animarlos a continuar su camino, buscando, como lo est\u00e1n haciendo, la participaci\u00f3n en esto de las nuevas generaciones. La humanidad necesita de nuestro testimonio com\u00fan en favor del respeto a la dignidad del hombre y de la mujer, creados a imagen y semejanza de Dios, y en favor de la paz, sobre todo que es un don suyo. Me gusta recordar aqu\u00ed las palabras del profeta Jerem\u00edas: \u00abPorque conozco los designios que abrigo sobre ustedes \u2013or\u00e1culo del Se\u00f1or&#8211;. Son designios de paz, no de desgracia; de darles un porvenir cuajado de esperanza\u00bb (Jr. 29,11).<\/p>\n<p>Con esta palabra: paz, shalom, me gustar\u00eda terminar tambi\u00e9n mi discurso, pidi\u00e9ndoles el don de vuestras oraciones y asegur\u00e1ndoles las m\u00edas.<\/p>\n<p>Fuente Zenit.org<\/p>\n","protected":false},"excerpt":{"rendered":"<p>DISCURSO DEL SANTO PADRE ANTE EL COMIT\u00c9 INTERNACIONAL JUD\u00cdO PARA CONSULTAS INTERRELIGIOSAS<\/p>\n<p>24 de junio de 2013<\/p>\n<p>Queridos hermanos mayores,<\/p>\n<p>Shalom!<\/p>\n<p>Con este saludo, tambi\u00e9n muy querido en la tradici\u00f3n cristiana, me complace dar la bienvenida a la delegaci\u00f3n de los l\u00edderes del \u00abComit\u00e9 Jud\u00edo Internacional para Consultas Interreligiosas\u00bb (International Jewish Committee on Interreligious Consultations).<\/p>\n<p>Tambi\u00e9n dirijo un saludo cordial al cardenal Koch, as\u00ed como a los dem\u00e1s miembros y colaboradores de la Comisi\u00f3n para las Relaciones Religiosas con los Jud\u00edos, con la que se mantiene desde hace m\u00e1s de cuarenta a\u00f1os, un di\u00e1logo regular.<\/p>\n<p>Las veinti\u00fan reuniones celebradas hasta la fecha, sin duda han contribuido a mejorar la comprensi\u00f3n mutua y los lazos de amistad entre los jud\u00edos y cat\u00f3licos. S\u00e9 que se est\u00e1 preparando la pr\u00f3xima reuni\u00f3n, que tendr\u00e1 lugar en octubre en Madrid con el tema: \u00abLos desaf\u00edos a la fe en las sociedades contempor\u00e1neas\u00bb. \u00a1Gracias por su compromiso!<\/p>\n<p>En estos primeros meses de mi ministerio he tenido la oportunidad de conocer a ilustres personalidades del mundo jud\u00edo, pero esta es la primera oportunidad de conversar con un grupo de representantes oficiales de las organizaciones y de la comunidades jud\u00edas; y por esto no puedo dejar de recordar lo que se afirmaba solemnemente en el numeral 4 de la Declaraci\u00f3n Nostra Aetate del Concilio Vaticano II, que representa para la Iglesia cat\u00f3lica un punto de referencia fundamental en lo que respecta a las relaciones con el pueblo jud\u00edo.<\/p>\n<p>A trav\u00e9s de las palabras del texto conciliar, la Iglesia reconoce que \u00ablos comienzos de su fe y de su elecci\u00f3n se encuentran ya, seg\u00fan el misterio divino de la salvaci\u00f3n, en los patriarcas, en Mois\u00e9s y en los profetas\u00bb. Y en cuanto al pueblo jud\u00edo, el Concilio recuerda la ense\u00f1anza de san Pablo, seg\u00fan el cual \u00ablos dones y la llamada de Dios son irrevocables\u00bb, y condena en\u00e9rgicamente el odio, las persecuciones y todas las manifestaciones de antisemitismo. Por nuestras ra\u00edces comunes, \u00a1un cristiano no puede ser antisemita!<\/p>\n","protected":false},"author":1,"featured_media":0,"comment_status":"open","ping_status":"open","sticky":false,"template":"","format":"standard","meta":{"_et_pb_use_builder":"","_et_pb_old_content":"","_et_gb_content_width":"","footnotes":""},"categories":[28],"tags":[],"class_list":["post-165","post","type-post","status-publish","format-standard","hentry","category-papa-francisco-y-los-judios"],"_links":{"self":[{"href":"https:\/\/cejc-madrid.org\/index.php\/wp-json\/wp\/v2\/posts\/165","targetHints":{"allow":["GET"]}}],"collection":[{"href":"https:\/\/cejc-madrid.org\/index.php\/wp-json\/wp\/v2\/posts"}],"about":[{"href":"https:\/\/cejc-madrid.org\/index.php\/wp-json\/wp\/v2\/types\/post"}],"author":[{"embeddable":true,"href":"https:\/\/cejc-madrid.org\/index.php\/wp-json\/wp\/v2\/users\/1"}],"replies":[{"embeddable":true,"href":"https:\/\/cejc-madrid.org\/index.php\/wp-json\/wp\/v2\/comments?post=165"}],"version-history":[{"count":0,"href":"https:\/\/cejc-madrid.org\/index.php\/wp-json\/wp\/v2\/posts\/165\/revisions"}],"wp:attachment":[{"href":"https:\/\/cejc-madrid.org\/index.php\/wp-json\/wp\/v2\/media?parent=165"}],"wp:term":[{"taxonomy":"category","embeddable":true,"href":"https:\/\/cejc-madrid.org\/index.php\/wp-json\/wp\/v2\/categories?post=165"},{"taxonomy":"post_tag","embeddable":true,"href":"https:\/\/cejc-madrid.org\/index.php\/wp-json\/wp\/v2\/tags?post=165"}],"curies":[{"name":"wp","href":"https:\/\/api.w.org\/{rel}","templated":true}]}}