{"id":170,"date":"2013-07-03T08:33:38","date_gmt":"2013-07-03T08:33:38","guid":{"rendered":"https:\/\/upbeat-goodall.82-223-35-84.plesk.page\/index.php\/2013\/07\/03\/circular-no-197-abril-junio-2013\/"},"modified":"2013-07-03T08:33:38","modified_gmt":"2013-07-03T08:33:38","slug":"circular-no-197-abril-junio-2013","status":"publish","type":"post","link":"https:\/\/cejc-madrid.org\/index.php\/2013\/07\/03\/circular-no-197-abril-junio-2013\/","title":{"rendered":"Circular n\u00ba 198 Abril-Junio 2013"},"content":{"rendered":"<p><a href=\"https:\/\/cejc-madrid.org\/wp-content\/uploads\/2013\/07\/Circular_junio_2013-email.pdf\">Descargar pdf<\/a><\/p>\n<p>&nbsp;<\/p>\n<p>N\u00ba 198 <strong>Extraordinario<\/strong> (Abril-Junio 2013) &nbsp;&nbsp;&nbsp;&nbsp;&nbsp;&nbsp;&nbsp;&nbsp;&nbsp;&nbsp;&nbsp;&nbsp;&nbsp;&nbsp;&nbsp;&nbsp;&nbsp;&nbsp;&nbsp;&nbsp;&nbsp;&nbsp;&nbsp;&nbsp;&nbsp;&nbsp;&nbsp;&nbsp;&nbsp;&nbsp;&nbsp;&nbsp;&nbsp;&nbsp;&nbsp;&nbsp;&nbsp;&nbsp;&nbsp;&nbsp;&nbsp;&nbsp;&nbsp;&nbsp;&nbsp;&nbsp;&nbsp;&nbsp;&nbsp;&nbsp;&nbsp;&nbsp;&nbsp;&nbsp;&nbsp;&nbsp;&nbsp;&nbsp;&nbsp;&nbsp;&nbsp;&nbsp;&nbsp;&nbsp;&nbsp;&nbsp;&nbsp;&nbsp;&nbsp;&nbsp;&nbsp;&nbsp;&nbsp;&nbsp;&nbsp;&nbsp;&nbsp;&nbsp;&nbsp;&nbsp;&nbsp;&nbsp;&nbsp;&nbsp;&nbsp;&nbsp;&nbsp;&nbsp;&nbsp;&nbsp;&nbsp;&nbsp;&nbsp;&nbsp;&nbsp;&nbsp;&nbsp;&nbsp;&nbsp;&nbsp;&nbsp;&nbsp;&nbsp;&nbsp;&nbsp;&nbsp;&nbsp;&nbsp;&nbsp;&nbsp;&nbsp;&nbsp;&nbsp;&nbsp;&nbsp;&nbsp;&nbsp;&nbsp;&nbsp;&nbsp;&nbsp;&nbsp;&nbsp;&nbsp;&nbsp;&nbsp;&nbsp;&nbsp;&nbsp;&nbsp;&nbsp;&nbsp;&nbsp;&nbsp;&nbsp;&nbsp;&nbsp;&nbsp;&nbsp;&nbsp;&nbsp;&nbsp;&nbsp;&nbsp;&nbsp;&nbsp;&nbsp;&nbsp;&nbsp;&nbsp;&nbsp;&nbsp;&nbsp;&nbsp;&nbsp; &nbsp;&nbsp;&nbsp;&nbsp;&nbsp;&nbsp;&nbsp;&nbsp;&nbsp;&nbsp;&nbsp;&nbsp;&nbsp;&nbsp;&nbsp;&nbsp;&nbsp;&nbsp;&nbsp;&nbsp;&nbsp;&nbsp;&nbsp;&nbsp;&nbsp;&nbsp;&nbsp;&nbsp;&nbsp;&nbsp; &nbsp;&nbsp;&nbsp;&nbsp;&nbsp;<\/p>\n<p align=\"center\">&nbsp;<\/p>\n<p align=\"center\"><strong>Habemus Papam Franciscum<\/strong><\/p>\n<p align=\"center\">&nbsp;<\/p>\n<p><img loading=\"lazy\" decoding=\"async\" class=\" alignleft size-full wp-image-158\" style=\"margin: 2px; float: left;\" src=\"https:\/\/cejc-madrid.org\/wp-content\/uploads\/2013\/03\/papa-francisco-balcon.jpg\" alt=\"\" width=\"174\" height=\"130\" srcset=\"https:\/\/cejc-madrid.org\/wp-content\/uploads\/2013\/03\/papa-francisco-balcon.jpg 407w, https:\/\/cejc-madrid.org\/wp-content\/uploads\/2013\/03\/papa-francisco-balcon-300x225.jpg 300w\" sizes=\"(max-width: 174px) 100vw, 174px\" \/>Durante su liderazgo en Buenos Aires, el Cardenal Bergoglio dio importantes pasos en mantener las relaciones cat\u00f3lico-jud\u00edas, siguiendo los papados transformadores de los Papas Juan XXIII, Juan Pablo II y Benedicto XVI pont\u00edfices que emprendieron la reconciliaci\u00f3n hist\u00f3rica entre la Iglesia Cat\u00f3lica y el Pueblo Jud\u00edo.<\/p>\n<p>El Cardenal Bergoglio mantuvo una cercana relaci\u00f3n con la comunidad jud\u00eda en Argentina. Celebr\u00f3 varias fiestas jud\u00edas con la comunidad jud\u00eda argentina, incluyendo Hanuka, donde encendi\u00f3 una vela en la Menor\u00e1, visit\u00f3 una sinagoga de Buenos Aires en Slichot, un servicio previo a Rosh Hashan\u00e1, el a\u00f1o nuevo jud\u00edo; conjuntamente con participar en la conmemoraci\u00f3n de la Noche de los Cristales Rotos, la ola de violencia nazi contra los jud\u00edos antes de la Segunda Guerra Mundial.<\/p>\n<p>En 2010, durante la conmemoraci\u00f3n del atentado de 1994, el Cardenal Bergolgio la llam\u00f3 como una \u201ccasa de solidaridad\u201d y agreg\u00f3 \u201cDios los bendiga y los ayude a realizar su trabajo\u201d, mostrando su dedicaci\u00f3n y su apoyo a quienes se enfrentan al extremismo.<\/p>\n<p>En 2010, junto al rabino argentino Abraham Skorka, public\u00f3 el libro \u201cSobre el Cielo y la Tierra\u201d, sobre el di\u00e1logo interreligioso. La sensibilidad del nuevo Papa respecto de los jud\u00edos se manifiesta en este trabajo, en sus ideas sobre el acercamiento entre la Iglesia y el Pueblo Jud\u00edo a partir del Concilio Vaticano II, el Holocausto y el conflicto \u00c1rabe-Israel\u00ed.<\/p>\n<p align=\"center\">&nbsp;<\/p>\n<p align=\"center\">&nbsp;<\/p>\n<table style=\"width: 100%;\" cellspacing=\"0\" cellpadding=\"0\">\n<tbody>\n<tr>\n<td>&nbsp;<\/td>\n<\/tr>\n<\/tbody>\n<\/table>\n<p align=\"center\">&nbsp;<\/p>\n<p align=\"center\">&nbsp;<\/p>\n<p><strong>Invitaci\u00f3n del Pap<\/strong><img loading=\"lazy\" decoding=\"async\" class=\" alignleft size-full wp-image-163\" style=\"margin-top: 2px; margin-right: 3px; float: left;\" src=\"https:\/\/cejc-madrid.org\/wp-content\/uploads\/2013\/04\/69fd5ea5e2.jpg\" alt=\"\" width=\"144\" height=\"144\" srcset=\"https:\/\/cejc-madrid.org\/wp-content\/uploads\/2013\/04\/69fd5ea5e2.jpg 250w, https:\/\/cejc-madrid.org\/wp-content\/uploads\/2013\/04\/69fd5ea5e2-150x150.jpg 150w\" sizes=\"(max-width: 144px) 100vw, 144px\" \/><strong>a Francisco dirigido al Gran Rabino de Roma:<\/strong><\/p>\n<p>\u00abEn el d\u00eda de mi elecci\u00f3n como Obispo de Roma y Pastor Universal de la Iglesia Cat\u00f3lica le env\u00edo mi cordial saludo, anunci\u00e1ndole que la Solemne Inauguraci\u00f3n de mi Pontificado tendr\u00e1 lugar el martes 19 de marzo.<\/p>\n<p>Confiando en la protecci\u00f3n del Alt\u00edsimo, espero vivamente poder contribuir al progreso de las relaciones entre jud\u00edos y cat\u00f3licos, conocidas a partir del Concilio Vaticano II, en un esp\u00edritu de renovada colaboraci\u00f3n y al servicio de un mundo que pueda siempre vivir m\u00e1s en armon\u00eda con la voluntad del Creador\u00bb.<\/p>\n<p><strong><i>Vaticano 13 de marzo de 2013, Franciscus PP<\/i><\/strong><\/p>\n<p>&nbsp;<\/p>\n<p align=\"center\">&nbsp;<\/p>\n<p align=\"center\"><strong>Saludos y felicitaciones de la comunidad jud\u00eda mundial<\/strong><\/p>\n<p>Recogemos diferentes expresiones de afecto con motivo de la elecci\u00f3n de Jorge Mar\u00eda Bergoglio elegido Papa Francisco:<\/p>\n<p><strong>Carta del Gran<\/strong><strong> Rabino, Riccardo Di Segni<\/strong>, dirigida al Papa Francisco con motivo de su elecci\u00f3n:<\/p>\n<p>\u00abQuiero expresar mis mejores deseos a Jorge Mario Bergoglio elegido Papa Francisco. Deseo pueda guiar con fuerza y la sabidur\u00eda a la Iglesia Cat\u00f3lica durante los pr\u00f3ximos a\u00f1os. La relaci\u00f3n de la Iglesia con la Comunidad Jud\u00eda de Roma y el di\u00e1logo con el juda\u00edsmo han dado pasos importantes. La esperanza es que podamos seguir el camino de la continuidad y las buenas relaciones.\u00bb<\/p>\n<p>&nbsp;<\/p>\n<p><strong>Carta dirigida por el<\/strong> <strong>Presidente de Israel, D. Sim\u00f3n Peres<\/strong>:<i><img loading=\"lazy\" decoding=\"async\" class=\" alignright size-full wp-image-168\" style=\"float: right;\" src=\"https:\/\/cejc-madrid.org\/wp-content\/uploads\/2013\/07\/papa-francisco-y-simon-peres-vaticano3.jpg\" alt=\"\" width=\"145\" height=\"174\" \/><\/i><\/p>\n<p><i>\u00abAll\u00ed donde los l\u00edderes pol\u00edticos pueden dividir, los l\u00edderes espirituales pueden unir. Unir alrededor de una visi\u00f3n,<\/i><i> de unos valores, de una fe que pueda hacer del mundo un lugar mejor para vivir. Que dios bendiga al nuevo Papa\u00bb.<\/i><\/p>\n<p><i>El jefe del estado israel\u00ed record\u00f3 que el antecesor de Francisco, el Papa Benedicto XVI, fue \u00abun verdadero amigo de Israel y del pueblo jud\u00edo\u00bb que \u00abcontribuy\u00f3 a acercar las relaciones entre la Iglesia Cat\u00f3lica y el pueblo jud\u00edo\u00bb.<\/i><\/p>\n<p><i>\u00abLa relaci\u00f3n entre el pueblo jud\u00edo y el Vaticano est\u00e1n en su punto m\u00e1s alto en 2000 a\u00f1os\u00bb, se\u00f1al\u00f3, y agreg\u00f3 que est\u00e1 seguro de que \u00abel Papa Francisco continuar\u00e1 promocion\u00e1ndolas\u00bb.<\/i><\/p>\n<p>Peres invit\u00f3 al Papa Francisco a visitar lo antes posible Tierra Santa, donde <i>\u00abser\u00e1 bienvenido como un hombre de inspiraci\u00f3n que puede ayudar en el intento de traer la paz a un lugar tormentoso\u00bb<\/i> y en el que le dar\u00e1 la bienvenida <i>\u00abtodo el <\/i><i>mundo sin excepci\u00f3n\u00bb<\/i>, jud\u00edos, musulmanes y cristianos.<\/p>\n<p>&nbsp;<\/p>\n<p>&nbsp;<\/p>\n<p align=\"center\"><strong>Abraham H. Foxman, Director Nacional de la Anti-Defamation League (ADL)<\/strong><\/p>\n<p>El Director Nacional de la Liga Antidifamaci\u00f3n hizo la siguiente declaraci\u00f3n:<\/p>\n<p>\u00abSaludamos al nuevo Papa con los mejores deseos ante esta nueva e importante responsabilidad. Creemos que la elecci\u00f3n del Papa Francisco es un momento de importancia en la historia de la Iglesia. Esperamos trabajar con \u00e9l para continuar promoviendo las relaciones cat\u00f3lico-jud\u00edas como hicimos con sus predecesores. Hay mucho en su historial que nos alienta acerca del futuro\u00bb.<\/p>\n<p align=\"center\">&nbsp;<\/p>\n<p><strong>Isaac Querub Caro, Presidente<\/strong> <strong>Federaci\u00f3n de Comunidades Jud\u00edas de Espa\u00f1a<\/strong><\/p>\n<p>\u00abLa Iglesia cat\u00f3lica tiene nuevo Papa, el n\u00famero 266. Y desde el mundo jud\u00edo le felicitamos y le deseamos salud y \u00e9xito en el nuevo Pontificado. Deseamos que contin\u00fae por la senda emprendida hace ya 48 a\u00f1os a partir de la declaraci\u00f3n \u00abNostra Aetate\u00bb, aprobada durante el Concilio Vaticano II promovida y desarrollada por los papas Juan XXIII, Pablo VI, Juan Pablo II y Benedicto XVI.<\/p>\n<p>Apenas ha pasado medio siglo pero la necesidad de di\u00e1logo entre cat\u00f3licos y jud\u00edos contin\u00faa siendo la misma. Los jud\u00edos hemos sufrido durante la Historia grandes injusticias motivadas por errores, prejuicios y leyendas negras basadas a menudo en dogmas religiosos. Los \u00faltimos papas han hecho un gran esfuerzo conciliador. Han tendido su mano y nosotros la hemos estrechado con fraternidad. Nuestra voluntad es que este v\u00ednculo se mantenga y se refuerce. El di\u00e1logo, el conocimiento y la educaci\u00f3n suponen la mejor terapia contra la ignorancia pero principalmente el mejor acicate para luchar contra el antisemitismo expl\u00edcito y soterrado que desgraciadamente contin\u00faa asolando al pueblo jud\u00edo y a Israel.<\/p>\n<p>Por eso invitamos a la Iglesia cat\u00f3lica, bajo el liderazgo del nuevo Papa a trabajar juntos, desde la libertad de conciencia y el respeto por nuestras respectivas identidades, a favor del aprecio mutuo y la defensa de los valores occidentales cuyos fundamentos son judeo cristianos. Juntos haremos frente al fanatismo, a los extremismos de toda \u00edndole y a las persecuciones religiosas. En Espa\u00f1a hacemos votos porque soplen los nuevos vientos de Roma y juntos, de la mano, cat\u00f3licos y jud\u00edos, avancemos en el di\u00e1logo y en la construcci\u00f3n de una nueva era de entendimiento y progreso.<\/p>\n<p>Confiamos tambi\u00e9n en que la labor de apostolado del nuevo Papa le lleve hasta Israel, donde conocer\u00e1 en primera persona la realidad de un pa\u00eds mucho m\u00e1s plural, moderno y pr\u00f3spero de lo que transmiten los medios de comunicaci\u00f3n. Y que su voluntad conciliadora llegue a los mandatarios israel\u00edes y \u00e1rabes para poder celebrar, por fin, un acuerdo de paz duradero y seguro\u00bb.<\/p>\n<p align=\"center\">&nbsp;<\/p>\n<p align=\"center\">&nbsp;<\/p>\n<p align=\"center\"><strong>Acuerdo entre Israel y el Vaticano sobre los Santos Lugares<\/strong><\/p>\n<p>El acuerdo entre el Vaticano e Israel sobre el r\u00e9gimen fiscal de las propiedades de la Iglesia y sobre la gesti\u00f3n de algunos lugares santos se acerca: faltan por definir, indican fuentes israel\u00edes, las cuestiones relativas a dos propiedades en Cesarea y en Jerusal\u00e9n. El Cen\u00e1culo, en el Monte Si\u00f3n, lugar en el que, seg\u00fan la tradici\u00f3n, Jes\u00fas celebr\u00f3 la \u00daltima Cena, volver\u00e1 a ser lugar de culto cat\u00f3lico.<\/p>\n<p>Se podr\u00e1 celebrar Misa y se ocupar\u00e1n de \u00e9l los integrantes de la Custodia Franciscana, aunque la propiedad siga estando en poder del Estado de Israel y no volver\u00e1 a los franciscanos que antiguamente lo pose\u00edan. Esto se establece en el \u00abProtocol Activity\u00bb, un protocolo permanente entre la Santa Sede y el Estado de Israel, que ambas partes ya definieron.<\/p>\n<p>Adem\u00e1s, seg\u00fan indican las mismas fuentes, se ha llegado al acuerdo sobre la exenci\u00f3n fiscal de las propiedades de la Iglesia. Los Lugares Sacros, as\u00ed como los lugares de culto y los cementerios cat\u00f3licos, estar\u00e1n completamente exentos del pago, mientras que los edificios en los que se lleven a cabo actividades comerciales (como la venta de suvenires, los bares o los restaurantes) tendr\u00e1n que pagar impuestos.<\/p>\n<p>Las delegaciones vaticana e israel\u00ed se reunieron nuevamente en Roma los d\u00edas 3 (encuentros t\u00e9cnicos bilaterales) y 4 de junio (plenaria). Tanto Israel como la Santa Sede \u00abestrenaron\u00bb a sus respectivos l\u00edderes de las delegaciones: para el Estado israel\u00ed, el nuevo viceministro del Exterior, Zeev Elken; para el Vaticano, el nuevo subsecretario para las relaciones con los Estados, Antoine Camilleri.<\/p>\n<p>Al parecer, las dos cuestiones pendientes en la mesa tienen que ver con un estacionamiento en el Monte Si\u00f3n, en el que surge el Cen\u00e1culo, y un lugar de culto en Cesarea. El estacionamiento es una zona cuya propiedad reivindica la Custodia. Pero el Estado de Israel considera que no puede aceptarlo, por lo que pretende ofrecer un terreno en otra parte a la misma Custodia.<\/p>\n<p>En cambio, la situaci\u00f3n de la zona arqueol\u00f3gica de Cesarea es muy diferente. El Patriarcado latino ten\u00eda all\u00ed una peque\u00f1a Iglesia en la que se recordaba a San Pablo, pues parti\u00f3 justamente desde Cesarea a Roma. Despu\u00e9s del nacimiento del Estado de Israel, la zona fue expropiada y la peque\u00f1a Igelsia fue demolida. Ahora, la Santa Sede pide contar con un lugar de culto en la misma zona. El \u00e1rea arqueol\u00f3gica, en la que todav\u00eda existen los restos arqueol\u00f3gicos de una antigua Iglesia de los cruzados, es un parque nacional y, como tal, no puede ser cedido. El Vaticano e Israel est\u00e1n trabajando para encontrar una soluci\u00f3n que establezca o la posibilidad de acceso y de culto en una determinada zona del parque, sin atribuir ninguna propiedad a la Iglesia, o la cesi\u00f3n de una zona fuera del parque para que la Iglesia pueda construir una casa para peregrinos.<\/p>\n<p>El viceministro de Relaciones Exteriores, Zeev Elkin se reuni\u00f3 con el Papa Francisco, al finalizar la reuni\u00f3n el funcionario israel\u00ed anunci\u00f3 al diario israel\u00ed Maariv que el acuerdo podr\u00eda \u201cfirmarse a finales de a\u00f1o\u201d. Las negociaciones se desarrollaron en un ambiente constructivo y reflexivo. La comisi\u00f3n tom\u00f3 nota de que se han logrado avances significativos y que las partes han acordado acelerar las negociaciones sobre las cuestiones pendientes, y espera una r\u00e1pida conclusi\u00f3n a corto plazo.<\/p>\n<p align=\"center\">&nbsp;<\/p>\n<p>En el encuentro con Elkin el Papa volvi\u00f3 a reiterar su promesa de visitar Tierra Santa. La fecha de la visita a\u00fan no se precis\u00f3, pero la impresi\u00f3n es que el acuerdo entre el Vaticano e Israel podr\u00eda prepararse para la llegada del Sumo Pont\u00edfice.<\/p>\n<p>&nbsp;<\/p>\n<p align=\"center\"><strong>Conferencia Internacional en Israel en honor de Angelo Roncalli <\/strong><\/p>\n<p align=\"center\"><div id=\"attachment_169\" style=\"width: 151px\" class=\"wp-caption alignleft\"><img loading=\"lazy\" decoding=\"async\" aria-describedby=\"caption-attachment-169\" class=\"caption alignleft size-full wp-image-169\" style=\"margin-top: 2px; margin-right: 3px; float: left;\" title=\"Juan XXIII\" src=\"https:\/\/cejc-madrid.org\/wp-content\/uploads\/2013\/07\/juan-23.jpg\" alt=\"\" width=\"141\" height=\"144\" \/><p id=\"caption-attachment-169\" class=\"wp-caption-text\">Juan XXIII<\/p><\/div><\/p>\n<p>El pasado 29 de abril se organiz\u00f3 una conferencia internacional en Jerusal\u00e9n con el prop\u00f3sito de redescubrir la amistad y la ayuda que Angelo Roncalli, Papa Juan XXIII, ofreci\u00f3 al pueblo jud\u00edo, en particular durante el Holocausto.<\/p>\n<p>En el encuentro, particip\u00f3 Avner Shalev, presidente de Yad Vashem, la Instituci\u00f3n creada para honrar a las v\u00edctimas del Holocausto y a los h\u00e9roes que arriesgaron su vida para salvar a jud\u00edos perseguidos durante la Segunda Guerra Mundial.<\/p>\n<p>Entre los ponentes estuvo tambi\u00e9n Baruj Tenembaum, fundador de la Fundaci\u00f3n Raoul Wallenberg, quien en febrero de 2011 present\u00f3 a Yad Vashem un dossier cient\u00edfico para respaldar la petici\u00f3n de que Juan XXIII sea reconocido como \u201cjusto entre las naciones\u201d.<\/p>\n<p>El reconocimiento de \u201cjusto entre las naciones\u201d rinde el m\u00e1ximo honor a aquellas personas que, sin ser de confesi\u00f3n o ascendencia jud\u00eda, prestaron ayuda de manera altruista y singular a las v\u00edctimas de la persecuci\u00f3n emprendida por el r\u00e9gimen nacionalsocialista del Tercer Reich alem\u00e1n y otros afines en Europa con anterioridad y durante la Segunda Guerra Mundial.<\/p>\n<p>El dossier muestra, por ejemplo, que monse\u00f1or Roncalli, siendo representante papal (delegado apost\u00f3lico) en Bulgaria, Grecia, y Turqu\u00eda, antes y durante la Segunda Guerra Mundial intercedi\u00f3 ante el rey Boris de Bulgaria a favor de jud\u00edos b\u00falgaros, y ante el gobierno turco a favor de refugiados jud\u00edos que hab\u00edan escapado a Turqu\u00eda.<\/p>\n<p>Tambi\u00e9n hizo todo lo posible para evitar la deportaci\u00f3n de jud\u00edos griegos. En 1944, organiz\u00f3 en Estambul una red de salvaci\u00f3n de jud\u00edos y otros perseguidos por el nazismo, explica el dossier de la Fundaci\u00f3n Wallenberg presentado a Yad Vashem.<\/p>\n<p>El congreso, ha servido para redescubrir la figura de Juan XXIII en Israel, y cont\u00f3 con la participaci\u00f3n de Yad Vashem, de la AJC (Global Jewish Advocacy), y de la Fundaci\u00f3n Konrad Adenauer.<\/p>\n<p>&nbsp;<\/p>\n<p align=\"center\"><strong>El Papa quiere un encuentro <\/strong><\/p>\n<p align=\"center\"><strong>entre las tres grandes religiones por la paz<\/strong><\/p>\n<p>El Papa Francisco estar\u00eda pensando convocar a un encuentro entre los l\u00edderes y creyentes de las tres grandes religiones monote\u00edstas para lanzar, desde Roma, un mensaje de paz y de convivencia, en contra de la violencia y del uso del nombre de Dios para justificar el odio y el terrorismo. Lo afirman fuentes gubernamentales israel\u00edes.<\/p>\n<p>&nbsp;<\/p>\n<p>El proyecto del Pont\u00edfice, habr\u00eda sido anunciado al presidente israel\u00ed, Simon Peres, durante la audiencia en el Vaticano del pasado 30 de abril. Aunque no fue mencionado en el comunicado oficial del encuentro que difundi\u00f3 la Santa Sede.<\/p>\n<p>El presidente Sim\u00f3n Peres \u00abdijo al Papa que hay personas que justifican el terrorismo con el nombre de Dios\u00bb y que los l\u00edderes religiosos deber\u00edan decir \u00aben voz alta que Dios no dio a nadie el permiso de matar al pr\u00f3jimo\u00bb. Seg\u00fan lo indicado al ambiente gubernamental israel\u00ed en un informe que resume el contenido de la audiencia, Francisco habr\u00eda respondido a Peres que \u00abapoya\u00bb el llamado en contra de la violencia \u00abcon todo su coraz\u00f3n\u00bb y que querr\u00eda \u00abpromover en Roma un encuentro con la participaci\u00f3n de l\u00edderes religiosos y creyentes de las tres religiones\u00bb abrah\u00e1micas, \u00abcon el objetivo de hacer ver a los ojos del mundo\u00bb que las religiones est\u00e1n \u00aben contra de la violencia y del terrorismo\u00bb.<\/p>\n<p>As\u00ed pues, el Papa estar\u00eda pensando en una iniciativa que tenga como objetivo unir a las tres religiones monote\u00edstas alrededor de la paz. No una reuni\u00f3n interreligiosa con las dem\u00e1s confesiones, como las que se llevan a cabo en As\u00eds desde que Juan Pablo II las inaugur\u00f3. Hay que recordar que en enero de 2002, a pocos meses del atentado en contra de las Torres Gemelas del 11 de septiembre, el Papa Wojtyla quiso que se llevara a cabo un encuentro especial en la ciudad de San Francisco entre las religiones para cancelar cualquier justificaci\u00f3n \u201cteol\u00f3gica\u201d del uso de la violencia y del terrorismo.<\/p>\n<p>En Israel tambi\u00e9n hay personas que pretenden que las religiones impulsen y animen a la pol\u00edtica para que encuentre soluciones practicables para el conflicto en el Medio Oriente. Un llamado al Papa para que promueva una iniciativa por la paz en la Tierra Santa, al lado de las religiones de los jud\u00edos y musulmanes, lleg\u00f3 del rabino David Rosen, presidente del International Council of Christians and Jews (iccj). Rosen, dialogando con un grupo de periodistas italianos en Jerusal\u00e9n, propuso un encuentro de l\u00edderes religiosos en Tierra Santa, convocado por el Papa, para rezar por la paz en la regi\u00f3n. \u00abUn momento adecuado podr\u00eda ser 2015 \u2013dijo Rosen\u2013, en ocasi\u00f3n del 50 aniversario de la promulgaci\u00f3n de la declaraci\u00f3n conciliar \u201cNostra Aetate\u201d sobre las relaciones de la Iglesia con las religiones no cristianas\u00bb. Seg\u00fan el rabino, una iniciativa de este tipo ser\u00eda necesaria para \u00abapoyar los esfuerzos pol\u00edticos hacia la soluci\u00f3n de los conflictos en la regi\u00f3n\u00bb &nbsp;&nbsp;&nbsp;&nbsp;&nbsp;&nbsp;&nbsp;&nbsp;&nbsp;&nbsp;&nbsp;&nbsp;&nbsp;&nbsp;&nbsp;&nbsp;&nbsp;&nbsp;&nbsp;&nbsp;&nbsp;&nbsp;&nbsp;&nbsp;&nbsp;&nbsp;&nbsp;&nbsp;&nbsp;&nbsp;&nbsp;&nbsp;&nbsp;&nbsp;&nbsp;&nbsp;&nbsp;&nbsp;&nbsp;&nbsp;&nbsp;&nbsp;&nbsp;&nbsp;&nbsp;&nbsp;&nbsp;&nbsp;&nbsp;&nbsp;&nbsp;&nbsp;&nbsp;&nbsp;&nbsp;&nbsp;&nbsp;&nbsp;&nbsp;&nbsp;&nbsp;&nbsp;&nbsp;&nbsp;&nbsp;&nbsp;&nbsp;&nbsp;&nbsp;&nbsp;&nbsp;&nbsp;&nbsp;&nbsp;&nbsp;&nbsp;&nbsp;&nbsp;&nbsp;&nbsp;&nbsp;&nbsp;&nbsp;&nbsp;&nbsp;&nbsp;&nbsp;&nbsp;&nbsp;&nbsp;&nbsp;&nbsp;&nbsp;&nbsp;&nbsp;&nbsp;&nbsp;&nbsp;&nbsp;&nbsp;&nbsp;&nbsp;&nbsp;&nbsp;&nbsp;&nbsp;&nbsp;&nbsp;&nbsp;&nbsp;&nbsp;&nbsp;&nbsp;&nbsp;&nbsp;&nbsp;&nbsp;&nbsp;&nbsp;&nbsp;&nbsp;&nbsp;&nbsp;&nbsp;&nbsp;&nbsp;&nbsp;&nbsp;&nbsp;&nbsp;&nbsp;&nbsp;&nbsp;&nbsp;&nbsp;&nbsp;&nbsp;&nbsp;&nbsp;&nbsp;&nbsp;&nbsp;&nbsp;&nbsp;&nbsp;&nbsp;&nbsp;&nbsp;&nbsp;&nbsp;&nbsp;&nbsp;&nbsp;&nbsp;&nbsp;&nbsp;&nbsp;&nbsp;&nbsp;&nbsp; &nbsp;&nbsp;&nbsp;&nbsp;&nbsp;&nbsp;&nbsp;&nbsp;&nbsp;&nbsp;&nbsp;&nbsp;&nbsp;&nbsp;&nbsp; <a href=\"http:\/\/vaticaninsider.lastampa.it\"><i>&nbsp;<\/i><\/a><i><a href=\"http:\/\/vaticaninsider.lastampa.it\">http:\/\/vaticaninsider.lastampa.it<\/a><\/i><\/p>\n<p><i>&nbsp;<\/i><\/p>\n<p>&nbsp;<\/p>\n<p align=\"center\"><strong>Encuentro de j\u00f3venes jud\u00edos, cat\u00f3licos y musulmanes en la JMJ<\/strong><\/p>\n<p>Entre las actividades oficiales de la Jornada Mundial de la Juventud que se realizar\u00e1 en R\u00edo de Janeiro, Brasil, del 23 al 28 julio, un momento in\u00e9dito en la historia de las Jornadas: j\u00f3venes jud\u00edos, cat\u00f3licos y musulmanes unidos en un encuentro el d\u00eda 21 de julio, en la Universidad Cat\u00f3lica (PUC) de R\u00edo de Janeiro. Cerca de 200 l\u00edderes de las tres principales religiones monote\u00edstas del mundo se reunir\u00e1n y presentar\u00e1n, adem\u00e1s del perfil de su religi\u00f3n, las acciones concretas que han seguido en el camino del di\u00e1logo interreligioso. Ser\u00e1 un momento in\u00e9dito en la historia de las Jornadas<\/p>\n<p>El acto contar\u00e1 con rondas de conversaci\u00f3n entre los j\u00f3venes l\u00edderes, donde se los motivar\u00e1 a pensar en acciones concretas para mejorar la sociedad. Habr\u00e1, adem\u00e1s, un video sobre los esfuerzos de di\u00e1logo en diferentes partes del mundo, el contexto juvenil en la sociedad y el compromiso de la juventud en diversos aspectos. Tambi\u00e9n est\u00e1 en la programaci\u00f3n una presentaci\u00f3n cultural de las religiones.<\/p>\n<p>La idea de un encuentro interreligioso surgi\u00f3 inspirada por el grupo que ya se re\u00fane mensualmente en R\u00edo de Janeiro, donde musulmanes, jud\u00edos y cat\u00f3licos avanzan en el respeto y entendimiento mutuo en el di\u00e1logo entre las religiones. \u201cEn el mundo vemos grandes pasos en esa direcci\u00f3n, incluso aqu\u00ed en el Brasil, y la Jornada es una posibilidad de dar una mayor visibilidad a acciones como \u00e9stas\u201d, afirm\u00f3 el Padre Arnaldo Rodrigues, uno de los directores del Sector de Preparaci\u00f3n Pastoral de la JMJ Rio2013.<\/p>\n<p>&nbsp;<\/p>\n<p align=\"center\"><strong>El periodista Odoardo Focherini ha sido beatificado<\/strong><\/p>\n<p align=\"center\"><strong> tras salvar a cien jud\u00edos<\/strong><\/p>\n<p>Odoardo Focherini italiano de 37 a\u00f1os y padre de siete hijos, fue director del diario Avvenire. Fue detenido por los nazis tras trasladar a Suiza a cien jud\u00edos. Periodista cat\u00f3lico, justo entre las naciones y a partir de ahora ser\u00e1 beato, titulo reservado para unos pocos dadas las virtudes heroicas que le ha reconocido la Iglesia Cat\u00f3lica.<\/p>\n<p>Durante la II Guerra Mundial salv\u00f3 a 100 jud\u00edos y fue encarcelado tras ser delatado. Fue enviado a un campo de concentraci\u00f3n en el que muri\u00f3 el 27 de diciembre de 1944. El viernes 14 ha sido beatificado en la ciudad de Carpi.<\/p>\n<p>Uno de los nietos de Focherini recuerda ahora que \u00abuno de los jud\u00edos a los que salv\u00f3 dijo que \u2018somos milagros de Odoardo Focherini\u2019 y siempre lo consideraron su salvador y \u00e1ngel. Su pr\u00f3jimo fue su familia y los jud\u00edos\u00bb.<\/p>\n<p>Cre\u00f3 una red clandestina para salvar jud\u00edos. Con el endurecimiento de las leyes antijud\u00edas y las deportaciones, este periodista cat\u00f3lico junto con el sacerdote Dante Sala organizaron una red clandestina que consigui\u00f3 trasladar a un centenar de jud\u00edos hasta Suiza sin el conocimiento de las autoridades nazis.<\/p>\n<p>Mientras tanto, Focherini segu\u00eda con su labor caritativa. El 11 de marzo de 1944 fue arrestado en un hospital mientras ayudaba a un paciente jud\u00edo. Primero fue interrogado ante las SS en Bolonia y m\u00e1s tarde trasladado a una prisi\u00f3n.<\/p>\n<p>Durante una visita a prisi\u00f3n de su cu\u00f1ado, \u00e9ste le dijo: \u00abTen cuidado, quiz\u00e1 te est\u00e1s exponiendo demasiado, \u00bfno piensas en tus hijos?\u00bb. Sin embargo, la respuesta de Odoardo fue la siguiente: \u00absi t\u00fa hubieras visto lo que he visto yo en esta c\u00e1rcel, todo lo que hacen padecer a los jud\u00edos, lo \u00fanico que lamentar\u00edas es no haber hecho lo suficiente por ellos, y no haberlos salvado en mayor n\u00famero\u00bb.<\/p>\n<p>De la c\u00e1rcel de San Giovanni in Monte fue trasladado al campo de concentraci\u00f3n de Gries, m\u00e1s tarde al de Flossenburg y de ah\u00ed al campo de trabajo de Hersbruck. All\u00ed sufri\u00f3 hasta la extenuaci\u00f3n con maratonianas y dur\u00edsimas jornadas de trabajo. En una de ellas sufri\u00f3 una herida en una pierna y ante la falta de atenci\u00f3n sanitaria contrajo una septicemia y muri\u00f3 el 27 de diciembre de 1944.<\/p>\n<p>El estado de Israel ha reconocido a Odoardo Focherini como <strong>\u00abjusto entre las naciones<\/strong>\u00ab, un reconocimiento por su lucha y entrega hasta la muerte por ayudar a los jud\u00edos durante la brutal persecuci\u00f3n nazi.<\/p>\n<p>El obispo de Carpi, monse\u00f1or Francesco Cavina, ha asegurado que en la vida del futuro beato \u00abno hubo separaci\u00f3n entre su vida espiritual y su vida familiar. Es un hombre completo porque el trabajo, la familia y el apostolado en la Iglesia han sido su camino para la beatificaci\u00f3n\u00bb. \u00ab\u00c9l se dej\u00f3 transformar por Jesucristo hasta que, como \u00c9l, muri\u00f3\u00bb, sentenci\u00f3.<\/p>\n<p>&nbsp;<\/p>\n<p align=\"center\"><strong>Di\u00e1logo del Rabino Garz\u00f3n y el Hermano Elio Passeto<\/strong><\/p>\n<p>El Centro de Estudios Judeo-Cristianos continuando en su labor de promover y fomentar el dialogo y la difusi\u00f3n de la cultura jud\u00eda desde el afecto y el respeto, para promover la convivencia y el conocimiento mutuo entre jud\u00edos y cristianos en colaboraci\u00f3n con el Centro Sefarad-Israel, organiz\u00f3 un coloquio el d\u00eda 11 de marzo.<\/p>\n<p>Con motivo del 50\u00ba Aniversario del Concilio Vaticano II, y la promulgaci\u00f3n de la Declaraci\u00f3n <i>Nostra Aetate<\/i>, se mantuvo un di\u00e1logo acerca de la convivencia entre culturas y entre credos entre el <strong>Rabino Baruj Garz\u00f3n<\/strong>, docente e investigador y anterior Rabino Jefe de la Comunidad Jud\u00eda de Madrid y ex Director del programa TVE \u201cShalom\u201d y el <strong>Hermano Elio Passeto<\/strong>, Delegado para Europa e Israel de la Congregaci\u00f3n de Nuestra Se\u00f1ora de Sion y Superior de esta Congregaci\u00f3n en Jerusal\u00e9n, especialista en el comentario de Rashi, literatura rab\u00ednica y los primeros escritos cristianos. Actualmente es Profesor en el Centro Cristiano de Estudios Jud\u00edos (S\u00e3o Paulo &#8211; Brasil). Director del Departamento de Espa\u00f1ol y de Franc\u00e9s en el Centro de Formaci\u00f3n B\u00edblica en Jerusal\u00e9n y miembro de la Direcci\u00f3n del Centro de Estudios Judeo-Cristianos (Madrid &#8211; Espa\u00f1a).<\/p>\n<p>&nbsp;<\/p>\n<p align=\"center\"><strong>Libro Juan Pablo II y la Sho\u00e1<\/strong><\/p>\n<p>EDUCA, la editorial de la Universidad Cat\u00f3lica Argentina (UCA) y la c\u00e1tedra que lleva el nombre del Papa polaco presentaron el libro \u201cJuan Pablo II y la Sho\u00e1: El Hololocausto de los jud\u00edos y el misterio de la iniquidad\u201d, coordinado por el profesor Marco Gallo.<\/p>\n<p>La obra re\u00fane las actas de un coloquio sobre este tema que se realiz\u00f3 en Buenos Aires en 2010, promovido por la C\u00e1tedra Juan Pablo II en colaboraci\u00f3n con instituciones jud\u00edas como la B&#8217;nai Brith Argentina, el Museo del Holocausto-Sho\u00e1 de Buenos Aires y la Confraternidad Argentina Judeo Cristiana.<\/p>\n<p>El libro es una reflexi\u00f3n sobre la Sho\u00e1 u Holocausto, desde la perspectiva del pontificado wojtyliano, que examina, a su vez, figuras que han sido canonizadas y puestas como modelo de santidad por Juan Pablo II, como Maximiliano Kolbe y Edith Stein.<\/p>\n<p align=\"center\"><strong>Nombramiento del Dr. Abraham Haim<\/strong><\/p>\n<p>Felicitamos a nuestro gran amigo y colaborador desde hace muchos a\u00f1os, el Dr. Abraham Haim, por el reciente nombramiento en Israel como <i>Presidente del Consejo de la Comunidad Sefard\u00ed de Jerusal\u00e9n.<\/i><\/p>\n<p align=\"center\"><strong>Fallecimiento de D. Vicente Serrano<\/strong><\/p>\n<p>La desaparici\u00f3n del Padre Vicente Serrano Z\u00bbL (acr\u00f3nimo hebreo de \u00abZijron\u00f3 Livraj\u00e1\u00bb, que su memoria sea bendita) es uno de esos momentos que no pueden ni deben pasar desapercibidos para todos los que hemos hecho del entendimiento judeo-cristiano una faceta integral de nuestras creencias m\u00e1s profundas.<\/p>\n<p>En efecto, am\u00e9n de Sor Esperanza y Sor Ionel, luces de las Hermanas de Sion, el desarrollo y despegue de las c\u00e1lidas relaciones de las que hoy disfrutamos en Espa\u00f1a entre nuestras dos religiones serian incomprensibles sin hacer referencia a D. Vicente.<\/p>\n<p>Entiendan y perdonen los lectores que mi admiraci\u00f3n hacia \u00e9l me impida separar lo personal de lo institucional, al glosar la figura de este sacerdote tan austero como elegante y tan fiel a su fe como abierto a la mutua comprensi\u00f3n con el juda\u00edsmo, en una \u00e9poca pre-Conciliar en la que su actitud era poco apreciada, como m\u00ednimo, en la Iglesia y el Gobierno de nuestro pa\u00eds.<\/p>\n<p>Hablamos por tanto de un hombre valiente, adelantado en los tiempos, y cuyo intelecto le hubiera hecho sin duda acreedor de mejor rango en la jerarqu\u00eda cat\u00f3lica espa\u00f1ola de no haber mediado, o porque no decirlo m\u00e1s claramente, de no haberlo impedido la incomprensi\u00f3n hacia su postura en las relaciones judeo-cristianas. Y a pesar de ello, nunca le o\u00edmos quejarse, ni tampoco ceder en esa convicci\u00f3n firme que solo saben defender las personas de creencias bien arraigadas.<\/p>\n<p>En una \u00e9poca en la que el traje de \u00abclergyman\u00bb empezaba a sustituir a las sotanas largas, el Padre Vicente Serrano exhib\u00eda la suya como prueba de su inquebrantable fe cat\u00f3lica, tal vez para demostrar que su postura pro-jud\u00eda no estaba re\u00f1ida con sus votos de obediencia.<\/p>\n<p>Armado por tanto solo de su fe y de su fina inteligencia, fue construyendo y abriendo pasos y caminos que implicaban derribar barreras hist\u00f3ricas y enfrentarse a la incomprensi\u00f3n de sus pares, y porque no decirlo, de algunos jud\u00edos que no entend\u00edan que este hombre no quisiera ni pidiera nada m\u00e1s que la mutua comprensi\u00f3n y respeto, as\u00ed como el fin de un sinsentido milenario.<\/p>\n<p>Hoy, m\u00e1s de medio siglo despu\u00e9s del inicio de su andadura hacia el mutuo entendimiento, puede ser que muchos le hayan olvidado. Me promet\u00ed a m\u00ed mismo no personalizar esta rese\u00f1a, para no caer en el mundo f\u00e1cil de la emotividad que provocan los recuerdos de una ni\u00f1ez y juventud marcadas por la admiraci\u00f3n hacia la figura de D. Vicente. Me limitar\u00e9 a pensar en que debi\u00f3 sonre\u00edr levemente, como era su estilo, al comprobar que gigantes de su fe, como el buen Papa Juan XXIII, Juan Pablo II, Benedicto XVI, y hoy el Papa Francisco avalaron las convicciones del Padre Serrano, y de tantos y tantos buenos cat\u00f3licos espa\u00f1oles como el, aunque a \u00e9l le tocara destacarse casi en solitario en nuestro pa\u00eds en \u00e9pocas oscuras y no tan lejanas.<\/p>\n<p>Descanse en Paz, querido amigo. Algunos no le hemos olvidado ni le olvidaremos.<\/p>\n<p><strong><i>Mauricio Toledano <\/i><\/strong><\/p>\n<p>El pasado 1 de mayo, el Se\u00f1or llam\u00f3 a su casa a D. Vicente Serrano, una personalidad que nadie en el Centro de Estudios Judeo-Cristianos puede olvidar. D. Vicente junto con Sor Esperanza Mary, Samuel Toledano y muchos otros amigos pusieron las primeras piedras de las relaciones judeo-cristianas en Espa\u00f1a. La lucha contra el antisemitismo fue una de las tareas bastante dif\u00edciles que la joven Amistad tuvo que afrontar. Como primer director del CEJC tuvo muchas iniciativas para establecer una amistad sincera y para el conocimiento mutuo. Gran conocedor de las Sagradas Escrituras, del tiempo de Jes\u00fas y de las ra\u00edces jud\u00edas del Cristianismo, impuls\u00f3, junto con las Hermanas de Nuestra Se\u00f1ora de Sion, la publicaci\u00f3n de una Circular, de la revista El Olivo y, con varios sacerdotes, los comentarios de ORIENTACIONES para el anuncio de la Palabra. La base solida puesta en estos primeros tiempos permiti\u00f3 el desarrollo y los \u00e9xitos del CEJC.<\/p>\n<p>Gracias, D. Vicente, y sabemos que, ahora que goza de la Paz y del Amor del Se\u00f1or, no olvidar\u00e1 pedir por este Centro y por toda la labor que usted realiz\u00f3 con tanto cari\u00f1o.<\/p>\n<p><strong><i>Sor Ionel Mihalovici<\/i><\/strong><\/p>\n<p align=\"center\"><strong>Encuentros Interreligiosos <\/strong><\/p>\n<p align=\"center\">&nbsp;<\/p>\n<p><strong>III Semana Cultural Sefard\u00ed (Murcia)<\/strong><\/p>\n<p>El Centro ha participado en la Semana Cultural Sefard\u00ed invitado por la Fundaci\u00f3n Don Juan de Borb\u00f3n y la Universidad Cat\u00f3lica de Murcia, El acto de inauguraci\u00f3n estuvo presidido por <strong>Excmo. Sr. D. Jos\u00e9 Luis Mendoza P\u00e9rez, <\/strong>Presidente de la Universidad Cat\u00f3lica San Antonio de Murcia; <strong>Emmo. y Rvdmo. Sr. D. Antonio Ca\u00f1izares Llovera, <\/strong>Cardenal Prefecto de la Congregaci\u00f3n para el Culto Divino y la Disciplina de los Sacramentos;&nbsp;<strong>Excmo. Sr. D. Shlomo Moshe Amar,<\/strong>Gran Rabino Sefardita de Israel; <strong>Excmo. Sr. D. Sadia Cohen, <\/strong>Presidente de la Fundaci\u00f3n Don Juan de Borb\u00f3n Espa\u00f1a- Israel; <strong>Excma. Sra. D\u00aa. Josefina Garc\u00eda Lozano, <\/strong>Rectora Magn\u00edfica de la Universidad Cat\u00f3lica San Antonio de Murcia; <strong>Ilma. Sra. D\u00aa. Yaff a Zilberchatz, <\/strong>Vicepresidenta de la Universidad de Bar-Ilan.<\/p>\n<p>Entre otras actividades pudimos admirar una exposici\u00f3n de biblias en ladino, piezas de la colecci\u00f3n particular de Uriel Mac\u00edas que incluye libros del siglo XVII con ediciones originales sefard\u00edes, incluidas biblias aljamiadas, con glosas y en caracteres latinos. Tambien se realizo una visita guiada a la Sinagoga de Lorca, celebr\u00e1ndose en su interior un Arvit.<\/p>\n<p>&nbsp;<\/p>\n<p align=\"center\">&nbsp;<\/p>\n<p><strong>Religiones y Derechos Humanos<\/strong><\/p>\n<p>El 12 de marzo, organizado por el <i>\u201cAula Cultural Veritatatis Splendor\u201d<\/i> de la Pastoral Universitaria de Madrid, nuestro centro colabor\u00f3 en la celebraci\u00f3n del Encuentro interreligioso en la Facultad de Filolog\u00eda de la U. Complutense. Intervinieron en el Acto, D.\u00aa Amparo S\u00e1nchez Rosell, Presidenta de la Federaci\u00f3n de Agrupaciones Isl\u00e1micas por la Convivencia en Espa\u00f1a (FAICE); Rav. Mosh\u00e9 Bendah\u00e1n, Rabino Principal de la Comunidad Jud\u00eda de Madrid y el Excmo. y Rvdmo. Sr. D. Juan Antonio Mart\u00ednez Camino, Obispo Aux. de Madrid, Secretario General y Portavoz de la Conferencia Episcopal Espa\u00f1ola. El Acto fue moderado por D.\u00aa Pilar Gonz\u00e1lez Casado, Catedr\u00e1tica de literatura \u00c1rabe Cristiana de la Univ. Eclesi\u00e1stica San D\u00e1maso.<\/p>\n<p>&nbsp;<\/p>\n<p align=\"center\"><strong>Informaci\u00f3n del CEJC<\/strong><\/p>\n<p><strong>Excursi\u00f3n a Segovia<\/strong><\/p>\n<p>El fin de semana del 25-26 de Mayo ha tenido lugar la excursi\u00f3n fin de curso, este a\u00f1o a una de las ciudades <strong>m\u00e1s bellas y monumentales de Espa\u00f1a, Segovia<\/strong>. Su ubicaci\u00f3n entre el verdor de la sierra y la parda llanura, con el Macizo de la Mujer Muerta y sus leyendas. Todo en la ciudad castellana es peculiar e inconfundible. De estructura medieval y estrechas calles, es una preciosa ciudad que necesita tiempo para conocerla, para disfrutarla, pasearla despacio y recrearse en cada barrio, en cada rinc\u00f3n&#8230; El s\u00e1bado lo dedicamos a su juder\u00eda. Un paseo por la juder\u00eda segoviana no deja indiferente a nadie, y menos si la gu\u00eda te lo hace saborear como nos ocurri\u00f3 con Ana Sundri \u00a1Gracias!<\/p>\n<p>Se ubica en el lado sur del recinto amurallado, en el sector comprendido entre la plaza de Corpus Christi y las Canonj\u00edas. La importancia que tuvo la aljama hebrea puede deducirse simplemente teniendo en cuenta las cinco sinagogas con que cont\u00f3, varias escuelas rab\u00ednicas y varias carnicer\u00edas. El domingo fue Francisco Lara quien nos hizo disfrutar con su brillante exposici\u00f3n, contemplamos la airosa y elegante Catedral, en estilo g\u00f3tico-renacentistay valoramos una vez m\u00e1s la belleza, importancia y atractivo espiritual del rom\u00e1nico segoviano visitando San Mart\u00edn, y el renacentista de San Miguel (donde, una vez muerto Enrique IV, se coron\u00f3 reina Isabel I de Castilla).<\/p>\n<p>En resumen, dos entra\u00f1ables d\u00edas, en compa\u00f1\u00eda de compa\u00f1eros de curso, donde tuvimos la oportunidad de conocernos mejor, en un ambiente, de amistad y cordialidad, \u00bfqu\u00e9 m\u00e1s pedir?. <strong> <i>L.G<\/i><\/strong><\/p>\n<p>&nbsp;<\/p>\n<p align=\"center\"><strong>Clausura de Curso 2012-2013<\/strong><\/p>\n<p>El Acto estuvo presidido por Don David Hatchwell Altares, Presidente de la Comunidad Jud\u00eda de Madrid que en su intervenci\u00f3n manifest\u00f3 su cari\u00f1o y reconocimiento por el trabajo de nuestro Centro. Entre otras personalidades nos honraron con su presencia: Sr. Ministro Consejero de la Embajada de Israel en Espa\u00f1a, D. Oren Bar-El; Por la Universidad San D\u00e1maso, D. Manuel Gonz\u00e1lez Lopez-Corps; Sr. Presidente de la &nbsp;Comunidad Jud\u00eda Masort\u00ed de Bet-El, D. Gabriel Prisiallni; D.\u00aa Sonia S\u00e1nchez, Directora del \u00e1rea de educaci\u00f3n del Centro Sefarad-Israel; D.\u00aa Alegr\u00eda Bendrahim, Presidenta de la <strong>CEMI<\/strong>, y a todos los amigos de la Comunidad Jud\u00eda que nos acompa\u00f1aron.<\/p>\n<p>El profesor Carbajosa de la Universidad San D\u00e1maso hizo una magnifica disertaci\u00f3n con el t\u00edtulo <strong><i>\u201cLa vida de los manuscritos: cuando la tradici\u00f3n de lectura se hace Escritura\u201d \u201c<\/i><\/strong><i>Uno de los momentos m\u00e1s importantes de la historia de la humanidad es cuando la palabra de Dios se hizo Escritura. Se hizo escritura en hebreo. Con el tiempo esa tradici\u00f3n de lectura empez\u00f3 a ponerse por escrito. Primero con las Matres lections o ayudas para la lectura, introducidas en los manuscritos. Luego con la vocalizaci\u00f3n masor\u00e9tica.\u201d Tanto juda\u00edsmo como cristianismo siguen poniendo por escrito su tradici\u00f3n de lectura o \u00abvocalizaci\u00f3n\u00bb de la \u00fanica Escritura con nuevos corporal&nbsp;de libros: Misn\u00e1 y Nuevo Testamento, respectivamente\u201d. <\/i>El profesor Carbajosa hizo la exposici\u00f3n mostrando el recorrido con im\u00e1genes de manuscritos hebreos y griegos.<\/p>\n<p>Despu\u00e9s del resumen de las actividades del Centro durante este curso, se hizo una breve presentaci\u00f3n del curso 2013-2014 que llevar\u00e1 por t\u00edtulo \u201c<strong>Las relaciones entre el pueblo jud\u00edo y los cat\u00f3licos despu\u00e9s del Concilio Vaticano II a la luz de la declaraci\u00f3n Nostra Aetate\u201d<\/strong><\/p>\n<p>\u00abEl 28 de Octubre de 1965, el Concilio Vaticano II promulg\u00f3 solemnemente la Declaracion \u201cNostra Aetate\u201d, que contiene un capitulo sobre el pueblo judio. Reafirmada la importancia de este texto, en el cual se recuerda que la Iglesia \u201cse nutre de la raiz del buen olivo en el que se han injertado las ramas del olivo silvestre que son los gentiles\u201d. Nuestra misi\u00f3n, como instituci\u00f3nn erigida por la Iglesia y encargada del di\u00e1logo y las realaciones con el judaismo, es manifestar el alcance actual de esta Declaracion y estudiar algunas de sus aplicaciones ya realizadas y ver cuales quedan por realizar. Entendemos que la posicion conciliar se ha de considerar mas como un comienzo, que como un punto de llegada, que nos abri\u00f3 un camino y nos permiti\u00f3 ver el alcance de nuestra tarea\u00bb.<\/p>\n<p>El periodo de matr\u00edcula para el curso estar\u00e1 abierto desde el 15 de septiembre hasta cubrir todas las plazas.<\/p>\n<p>Clases de hebreo<\/p>\n<p>El Centro de Estudios Judeo-Cristianos continua con su actividad de impartir clases de Hebreo en la que desde hace a\u00f1os es pionero.<\/p>\n<p>Las clases ser\u00e1n de dos horas semanales impartidas por una profesora israel\u00ed, Diplomada en ense\u00f1anza de Hebreo para extranjeros en la Escuela Rothberg de la Universidad Hebrea de Jerusal\u00e9n. El plazo de matr\u00edcula ser\u00e1 a partir del <strong>1 de septiembre<\/strong> y el primer d\u00eda de clase ser\u00e1 el 30 de septiembre. Habr\u00e1 varios grupos con diferentes niveles de conocimiento; los d\u00edas de clase ser\u00e1n los lunes, martes y viernes por la tarde. Est\u00e1 abierto el periodo de pre-inscripci\u00f3n:<\/p>\n<p>(tfno: <strong>91 543 12 51 o al correo <a href=\"mailto:secretaria@cejc-madrid.org\">secretaria@cejc-madrid.org<\/a>)<\/strong><\/p>\n","protected":false},"excerpt":{"rendered":"<p>Descargar pdf &nbsp; N\u00ba 198 Extraordinario (Abril-Junio 2013) &nbsp;&nbsp;&nbsp;&nbsp;&nbsp;&nbsp;&nbsp;&nbsp;&nbsp;&nbsp;&nbsp;&nbsp;&nbsp;&nbsp;&nbsp;&nbsp;&nbsp;&nbsp;&nbsp;&nbsp;&nbsp;&nbsp;&nbsp;&nbsp;&nbsp;&nbsp;&nbsp;&nbsp;&nbsp;&nbsp;&nbsp;&nbsp;&nbsp;&nbsp;&nbsp;&nbsp;&nbsp;&nbsp;&nbsp;&nbsp;&nbsp;&nbsp;&nbsp;&nbsp;&nbsp;&nbsp;&nbsp;&nbsp;&nbsp;&nbsp;&nbsp;&nbsp;&nbsp;&nbsp;&nbsp;&nbsp;&nbsp;&nbsp;&nbsp;&nbsp;&nbsp;&nbsp;&nbsp;&nbsp;&nbsp;&nbsp;&nbsp;&nbsp;&nbsp;&nbsp;&nbsp;&nbsp;&nbsp;&nbsp;&nbsp;&nbsp;&nbsp;&nbsp;&nbsp;&nbsp;&nbsp;&nbsp;&nbsp;&nbsp;&nbsp;&nbsp;&nbsp;&nbsp;&nbsp;&nbsp;&nbsp;&nbsp;&nbsp;&nbsp;&nbsp;&nbsp;&nbsp;&nbsp;&nbsp;&nbsp;&nbsp;&nbsp;&nbsp;&nbsp;&nbsp;&nbsp;&nbsp;&nbsp;&nbsp;&nbsp;&nbsp;&nbsp;&nbsp;&nbsp;&nbsp;&nbsp;&nbsp;&nbsp;&nbsp;&nbsp;&nbsp;&nbsp;&nbsp;&nbsp;&nbsp;&nbsp;&nbsp;&nbsp;&nbsp;&nbsp;&nbsp;&nbsp;&nbsp;&nbsp;&nbsp;&nbsp;&nbsp;&nbsp;&nbsp;&nbsp;&nbsp;&nbsp;&nbsp;&nbsp;&nbsp;&nbsp;&nbsp;&nbsp;&nbsp;&nbsp;&nbsp;&nbsp;&nbsp;&nbsp;&nbsp; &nbsp;&nbsp;&nbsp;&nbsp;&nbsp;&nbsp;&nbsp;&nbsp;&nbsp;&nbsp;&nbsp;&nbsp;&nbsp;&nbsp;&nbsp;&nbsp;&nbsp;&nbsp;&nbsp;&nbsp;&nbsp;&nbsp;&nbsp;&nbsp;&nbsp;&nbsp;&nbsp;&nbsp;&nbsp;&nbsp; &nbsp;&nbsp;&nbsp;&nbsp;&nbsp; &nbsp; Habemus Papam Franciscum &nbsp; Durante su liderazgo en Buenos Aires, el Cardenal Bergoglio dio importantes pasos en mantener las relaciones cat\u00f3lico-jud\u00edas, siguiendo los papados transformadores de los Papas Juan XXIII, Juan Pablo II y Benedicto XVI pont\u00edfices que emprendieron la reconciliaci\u00f3n hist\u00f3rica entre [&hellip;]<\/p>\n","protected":false},"author":1,"featured_media":158,"comment_status":"open","ping_status":"open","sticky":false,"template":"","format":"standard","meta":{"_et_pb_use_builder":"","_et_pb_old_content":"","_et_gb_content_width":"","footnotes":""},"categories":[4],"tags":[],"class_list":["post-170","post","type-post","status-publish","format-standard","has-post-thumbnail","hentry","category-circular"],"_links":{"self":[{"href":"https:\/\/cejc-madrid.org\/index.php\/wp-json\/wp\/v2\/posts\/170","targetHints":{"allow":["GET"]}}],"collection":[{"href":"https:\/\/cejc-madrid.org\/index.php\/wp-json\/wp\/v2\/posts"}],"about":[{"href":"https:\/\/cejc-madrid.org\/index.php\/wp-json\/wp\/v2\/types\/post"}],"author":[{"embeddable":true,"href":"https:\/\/cejc-madrid.org\/index.php\/wp-json\/wp\/v2\/users\/1"}],"replies":[{"embeddable":true,"href":"https:\/\/cejc-madrid.org\/index.php\/wp-json\/wp\/v2\/comments?post=170"}],"version-history":[{"count":0,"href":"https:\/\/cejc-madrid.org\/index.php\/wp-json\/wp\/v2\/posts\/170\/revisions"}],"wp:featuredmedia":[{"embeddable":true,"href":"https:\/\/cejc-madrid.org\/index.php\/wp-json\/wp\/v2\/media\/158"}],"wp:attachment":[{"href":"https:\/\/cejc-madrid.org\/index.php\/wp-json\/wp\/v2\/media?parent=170"}],"wp:term":[{"taxonomy":"category","embeddable":true,"href":"https:\/\/cejc-madrid.org\/index.php\/wp-json\/wp\/v2\/categories?post=170"},{"taxonomy":"post_tag","embeddable":true,"href":"https:\/\/cejc-madrid.org\/index.php\/wp-json\/wp\/v2\/tags?post=170"}],"curies":[{"name":"wp","href":"https:\/\/api.w.org\/{rel}","templated":true}]}}