{"id":173,"date":"2013-07-22T11:01:21","date_gmt":"2013-07-22T11:01:21","guid":{"rendered":"https:\/\/upbeat-goodall.82-223-35-84.plesk.page\/index.php\/2013\/07\/22\/juan-pablo-ii-carta-presenacion-nosotros-recordamos-1998\/"},"modified":"2013-07-22T11:01:21","modified_gmt":"2013-07-22T11:01:21","slug":"juan-pablo-ii-carta-presenacion-nosotros-recordamos-1998","status":"publish","type":"post","link":"https:\/\/cejc-madrid.org\/index.php\/2013\/07\/22\/juan-pablo-ii-carta-presenacion-nosotros-recordamos-1998\/","title":{"rendered":"Juan Pablo II &#8211; Carta presentaci\u00f3n Nosotros Recordamos 1998"},"content":{"rendered":"<p align=\"center\"><strong>CARTA DE JUAN PABLO II DE PRESENTACION<br \/> DEL DOCUMENTO \u00abNosotros Recordamos\u00bb<\/strong><\/p>\n<p align=\"center\"><strong>\u00abLa Iglesia alienta a sus hijos a purificar sus corazones<br \/> a trav\u00e9s del arrepentimiento\u00bb<\/strong><\/p>\n<p align=\"center\">Vaticano, 12 marzo, 1998<\/p>\n<p>&nbsp;<\/p>\n<p>Al Se\u00f1or Cardenal Edward Idris Cassidy<\/p>\n<p>Presidente de la Comisi\u00f3n para las Relaciones Religiosas con el Hebra\u00edsmo<\/p>\n<p>En numerosas ocasiones durante mi pontificado he recordado con profundo pesar los sufrimientos del pueblo hebreo durante la Segunda Guerra Mundial. El crimen que se ha llegado a conocer como la \u00abShoah\u00bb permanece como una mancha indeleble de la historia del siglo que est\u00e1 por concluirse. Prepar\u00e1ndonos para iniciar el tercer milenio de la era cristiana, la Iglesia es consciente de que el gozo de un Jubileo es, sobre todo, un gozo fundado sobre el perd\u00f3n de los pecados y sobre la reconciliaci\u00f3n con Dios y con el pr\u00f3jimo. Por ello, alienta a sus hijos e hijas a purificar sus corazones, a trav\u00e9s del arrepentimiento por los errores y las infidelidades del pasado. Ella tambi\u00e9n los llama a presentarse humildemente delante de Dios y a examinarse sobre la responsabilidad que tambi\u00e9n ellos tienen con respecto a los males de nuestro tiempo.<\/p>\n<p>Es mi ferviente esperanza que el documento: \u00abNosotros recordamos: una Reflexi\u00f3n sobre al \u00abShoah\u00bb\u00bb, que la Comisi\u00f3n para las Relaciones Religiosas con el Hebra\u00edsmo ha preparado bajo su direcci\u00f3n, ayude verdaderamente a curar a las heridas de la incomprensi\u00f3n e injusticias del pasado. Que ellos sirva para que la memoria pueda ejercer su papel necesario en el proceso de construcci\u00f3n de un futuro en el cual la indecible iniquidad de la \u00abShoah\u00bb no pueda volverse a repetir. Que el Se\u00f1or de la historia gu\u00ede los esfuerzos de los cat\u00f3licos y los hebreos y de todos los hombres y mujeres de buena voluntad para que trabajen juntos por un mundo de aut\u00e9ntico respeto por la vida y la dignidad de todo ser humano, ya que todos han sido creados a imagen y semejanza de Dios.<\/p>\n<p>Juan Pablo II<\/p>\n","protected":false},"excerpt":{"rendered":"<p>CARTA DE JUAN PABLO II DE PRESENTACION DEL DOCUMENTO \u00abNosotros Recordamos\u00bb \u00abLa Iglesia alienta a sus hijos a purificar sus corazones a trav\u00e9s del arrepentimiento\u00bb Vaticano, 12 marzo, 1998 &nbsp; Al Se\u00f1or Cardenal Edward Idris Cassidy Presidente de la Comisi\u00f3n para las Relaciones Religiosas con el Hebra\u00edsmo En numerosas ocasiones durante mi pontificado he recordado [&hellip;]<\/p>\n","protected":false},"author":1,"featured_media":0,"comment_status":"open","ping_status":"open","sticky":false,"template":"","format":"standard","meta":{"_et_pb_use_builder":"","_et_pb_old_content":"","_et_gb_content_width":"","footnotes":""},"categories":[30],"tags":[51,134,52],"class_list":["post-173","post","type-post","status-publish","format-standard","hentry","category-juan-pablo-ii-2","tag-hebreo","tag-juan-pablo-ii","tag-judaismo"],"_links":{"self":[{"href":"https:\/\/cejc-madrid.org\/index.php\/wp-json\/wp\/v2\/posts\/173","targetHints":{"allow":["GET"]}}],"collection":[{"href":"https:\/\/cejc-madrid.org\/index.php\/wp-json\/wp\/v2\/posts"}],"about":[{"href":"https:\/\/cejc-madrid.org\/index.php\/wp-json\/wp\/v2\/types\/post"}],"author":[{"embeddable":true,"href":"https:\/\/cejc-madrid.org\/index.php\/wp-json\/wp\/v2\/users\/1"}],"replies":[{"embeddable":true,"href":"https:\/\/cejc-madrid.org\/index.php\/wp-json\/wp\/v2\/comments?post=173"}],"version-history":[{"count":0,"href":"https:\/\/cejc-madrid.org\/index.php\/wp-json\/wp\/v2\/posts\/173\/revisions"}],"wp:attachment":[{"href":"https:\/\/cejc-madrid.org\/index.php\/wp-json\/wp\/v2\/media?parent=173"}],"wp:term":[{"taxonomy":"category","embeddable":true,"href":"https:\/\/cejc-madrid.org\/index.php\/wp-json\/wp\/v2\/categories?post=173"},{"taxonomy":"post_tag","embeddable":true,"href":"https:\/\/cejc-madrid.org\/index.php\/wp-json\/wp\/v2\/tags?post=173"}],"curies":[{"name":"wp","href":"https:\/\/api.w.org\/{rel}","templated":true}]}}