{"id":174,"date":"2013-07-22T11:03:24","date_gmt":"2013-07-22T11:03:24","guid":{"rendered":"https:\/\/upbeat-goodall.82-223-35-84.plesk.page\/index.php\/2013\/07\/22\/juan-pablo-ii-campo-de-auschwitz-junio-1979\/"},"modified":"2013-07-22T11:03:24","modified_gmt":"2013-07-22T11:03:24","slug":"juan-pablo-ii-campo-de-auschwitz-junio-1979","status":"publish","type":"post","link":"https:\/\/cejc-madrid.org\/index.php\/2013\/07\/22\/juan-pablo-ii-campo-de-auschwitz-junio-1979\/","title":{"rendered":"Juan Pablo II &#8211; Campo de Auschwitz &#8211; junio 1979"},"content":{"rendered":"<p align=\"center\"><b>PALABRAS DEL PAPA <\/b><\/p>\n<p align=\"center\"><b>EN EL CAMPO DE CONCENTRACI\u00d3N DE AUSCHWITZ <\/b><\/p>\n<p align=\"center\"><b> <\/b><\/p>\n<p align=\"center\">7 de junio 1979<\/p>\n<p align=\"center\">\u00a0<\/p>\n<p>&nbsp;&#8230; Vengo, pues, y me arrodillo en este G\u00f3lgota del mundo contempor\u00e1neo, sobre estas tumbas, en gran parte sin nombre, como la gran tumba del Soldado Desconocido. Me arrodillo delante de todas las l\u00e1pidas interminables, en las que se ha grabado la conmemoraci\u00f3n de las v\u00edctimas de Oswiecim en las siguientes lenguas: polaco, ingl\u00e9s, b\u00falgaro, c\u00edngaro, checo, dan\u00e9s, franc\u00e9s, griego, hebreo, yidis, espa\u00f1ol, flamenco, servio-croata, alem\u00e1n, noruego, ruso, rumano, h\u00fangaro, italiano.<\/p>\n<p>\u00a0<\/p>\n<p>En particular, me detengo junto a vosotros, queridos participantes en este encuentro, ante la l\u00e1pida con la inscripci\u00f3n en lengua hebrea. Esta inscripci\u00f3n suscita el recuerdo del pueblo, cuyos hijos e hijas estaban destinados al exterminio total. Este pueblo tiene su origen en Abraham, que es el padre de nuestra fe (cf. Rom 4,12), como dijo Pablo de Tarso. Precisamente este pueblo, que ha recibido de Dios el mandamiento de \u201cno matar\u201d, ha probado en s\u00ed mismo, en medida particular, lo que significa matar. A nadie le es l\u00edcito pasar delante de esta l\u00e1pida con indiferencia&#8230;<\/p>\n","protected":false},"excerpt":{"rendered":"<p>PALABRAS DEL PAPA EN EL CAMPO DE CONCENTRACI\u00d3N DE AUSCHWITZ 7 de junio 1979 \u00a0 &nbsp;&#8230; Vengo, pues, y me arrodillo en este G\u00f3lgota del mundo contempor\u00e1neo, sobre estas tumbas, en gran parte sin nombre, como la gran tumba del Soldado Desconocido. Me arrodillo delante de todas las l\u00e1pidas interminables, en las que se ha [&hellip;]<\/p>\n","protected":false},"author":1,"featured_media":0,"comment_status":"open","ping_status":"open","sticky":false,"template":"","format":"standard","meta":{"_et_pb_use_builder":"","_et_pb_old_content":"","_et_gb_content_width":"","footnotes":""},"categories":[30],"tags":[],"class_list":["post-174","post","type-post","status-publish","format-standard","hentry","category-juan-pablo-ii-2"],"_links":{"self":[{"href":"https:\/\/cejc-madrid.org\/index.php\/wp-json\/wp\/v2\/posts\/174","targetHints":{"allow":["GET"]}}],"collection":[{"href":"https:\/\/cejc-madrid.org\/index.php\/wp-json\/wp\/v2\/posts"}],"about":[{"href":"https:\/\/cejc-madrid.org\/index.php\/wp-json\/wp\/v2\/types\/post"}],"author":[{"embeddable":true,"href":"https:\/\/cejc-madrid.org\/index.php\/wp-json\/wp\/v2\/users\/1"}],"replies":[{"embeddable":true,"href":"https:\/\/cejc-madrid.org\/index.php\/wp-json\/wp\/v2\/comments?post=174"}],"version-history":[{"count":0,"href":"https:\/\/cejc-madrid.org\/index.php\/wp-json\/wp\/v2\/posts\/174\/revisions"}],"wp:attachment":[{"href":"https:\/\/cejc-madrid.org\/index.php\/wp-json\/wp\/v2\/media?parent=174"}],"wp:term":[{"taxonomy":"category","embeddable":true,"href":"https:\/\/cejc-madrid.org\/index.php\/wp-json\/wp\/v2\/categories?post=174"},{"taxonomy":"post_tag","embeddable":true,"href":"https:\/\/cejc-madrid.org\/index.php\/wp-json\/wp\/v2\/tags?post=174"}],"curies":[{"name":"wp","href":"https:\/\/api.w.org\/{rel}","templated":true}]}}