{"id":175,"date":"2013-07-22T11:04:58","date_gmt":"2013-07-22T11:04:58","guid":{"rendered":"https:\/\/upbeat-goodall.82-223-35-84.plesk.page\/index.php\/2013\/07\/22\/juan-pablo-ii-campo-de-majdanek-junio-1987\/"},"modified":"2013-07-22T11:04:58","modified_gmt":"2013-07-22T11:04:58","slug":"juan-pablo-ii-campo-de-majdanek-junio-1987","status":"publish","type":"post","link":"https:\/\/cejc-madrid.org\/index.php\/2013\/07\/22\/juan-pablo-ii-campo-de-majdanek-junio-1987\/","title":{"rendered":"Juan Pablo II &#8211; Campo de Majdanek- junio 1987"},"content":{"rendered":"<p align=\"center\"><b>JUAN PABLO II <\/b><\/p>\n<p align=\"center\"><b>EN EL CAMPO DE CONCENTRACI\u00d3N DE MAJDANEK <\/b><b><\/b><\/p>\n<p align=\"center\">Junio 1987<\/p>\n<p align=\"center\">\u00a0<\/p>\n<p>El Papa le dijo a una superviviente de Auschwitz y de Majdanek: \u201c Usted que sobrevivi\u00f3, recuerde todo y sea testigo de todo lo que sucedi\u00f3 aqu\u00ed. Tenemos que recordar la causa de este campo de muerte como una advertencia al mundo de hoy\u201d.<\/p>\n","protected":false},"excerpt":{"rendered":"<p>JUAN PABLO II EN EL CAMPO DE CONCENTRACI\u00d3N DE MAJDANEK Junio 1987 \u00a0 El Papa le dijo a una superviviente de Auschwitz y de Majdanek: \u201c Usted que sobrevivi\u00f3, recuerde todo y sea testigo de todo lo que sucedi\u00f3 aqu\u00ed. Tenemos que recordar la causa de este campo de muerte como una advertencia al mundo [&hellip;]<\/p>\n","protected":false},"author":1,"featured_media":0,"comment_status":"open","ping_status":"open","sticky":false,"template":"","format":"standard","meta":{"_et_pb_use_builder":"","_et_pb_old_content":"","_et_gb_content_width":"","footnotes":""},"categories":[30],"tags":[],"class_list":["post-175","post","type-post","status-publish","format-standard","hentry","category-juan-pablo-ii-2"],"_links":{"self":[{"href":"https:\/\/cejc-madrid.org\/index.php\/wp-json\/wp\/v2\/posts\/175","targetHints":{"allow":["GET"]}}],"collection":[{"href":"https:\/\/cejc-madrid.org\/index.php\/wp-json\/wp\/v2\/posts"}],"about":[{"href":"https:\/\/cejc-madrid.org\/index.php\/wp-json\/wp\/v2\/types\/post"}],"author":[{"embeddable":true,"href":"https:\/\/cejc-madrid.org\/index.php\/wp-json\/wp\/v2\/users\/1"}],"replies":[{"embeddable":true,"href":"https:\/\/cejc-madrid.org\/index.php\/wp-json\/wp\/v2\/comments?post=175"}],"version-history":[{"count":0,"href":"https:\/\/cejc-madrid.org\/index.php\/wp-json\/wp\/v2\/posts\/175\/revisions"}],"wp:attachment":[{"href":"https:\/\/cejc-madrid.org\/index.php\/wp-json\/wp\/v2\/media?parent=175"}],"wp:term":[{"taxonomy":"category","embeddable":true,"href":"https:\/\/cejc-madrid.org\/index.php\/wp-json\/wp\/v2\/categories?post=175"},{"taxonomy":"post_tag","embeddable":true,"href":"https:\/\/cejc-madrid.org\/index.php\/wp-json\/wp\/v2\/tags?post=175"}],"curies":[{"name":"wp","href":"https:\/\/api.w.org\/{rel}","templated":true}]}}