{"id":177,"date":"2013-07-22T11:07:47","date_gmt":"2013-07-22T11:07:47","guid":{"rendered":"https:\/\/upbeat-goodall.82-223-35-84.plesk.page\/index.php\/2013\/07\/22\/juan-pablo-ii-50-aniversario-ghetto-de-varsovia-1993\/"},"modified":"2013-07-22T11:07:47","modified_gmt":"2013-07-22T11:07:47","slug":"juan-pablo-ii-50-aniversario-ghetto-de-varsovia-1993","status":"publish","type":"post","link":"https:\/\/cejc-madrid.org\/index.php\/2013\/07\/22\/juan-pablo-ii-50-aniversario-ghetto-de-varsovia-1993\/","title":{"rendered":"Juan Pablo II &#8211; 50 Aniversario Ghetto de Varsovia 1993"},"content":{"rendered":"<p align=\"center\"><b>50 Aniversario de la Sublevaci\u00f3n del Ghetto de Varsovia<\/b><\/p>\n<p align=\"center\">\u00a0<\/p>\n<p align=\"center\">18 de abril 1993<\/p>\n<p>&#8230; Este d\u00eda no debe impedirnos dirigir nuestra atenci\u00f3n a un acontecimiento, pre\u00f1ado de sufrimientos inhumanos, acaecido hace cincuenta a\u00f1os: la sublevaci\u00f3n del ghetto de Varsovia. Siento gran necesidad de saludar hoy a los cristianos y jud\u00edos que se han reunido en esta plaza para conmemorar ese hecho y los cr\u00edmenes perpetrados contra el pueblo jud\u00edo durante la \u00faltima guerra mundial.<\/p>\n<p>\u00a0<\/p>\n<p>Con profunda solidaridad hacia ese pueblo y en comuni\u00f3n con toda la comunidad de los cat\u00f3licos, quisiera recordar aquellos terribles eventos, ya lejanos en el tiempo, pero grabados en la mente de muchos de nosotros: los d\u00edas de la Shoah han marcado una verdadera noche en la historia, registrando cr\u00edmenes inauditos contra Dios y contra el hombre. \u00bfC\u00f3mo no estar junto a vosotros, amados hermanos jud\u00edos, para recordar en la oraci\u00f3n y en la meditaci\u00f3n un aniversario tan doloroso? Tened la seguridad de que no sosten\u00e9is solos la pena de vuestro recuerdo; nosotros oramos y velamos con vosotros, bajo la mirada de Dios, santo y justo, rico en misericordia y en perd\u00f3n. Que nuestra solidaridad un\u00e1nime sea un signo que anticipe para la humanidad inquieta el d\u00eda de paz anunciado por Isa\u00edas cuando \u201cno levantar\u00e1 espada naci\u00f3n contra naci\u00f3n, ni se ejercitar\u00e1n m\u00e1s en la guerra\u201d (Is 2,4).<\/p>\n","protected":false},"excerpt":{"rendered":"<p>50 Aniversario de la Sublevaci\u00f3n del Ghetto de Varsovia \u00a0 18 de abril 1993 &#8230; Este d\u00eda no debe impedirnos dirigir nuestra atenci\u00f3n a un acontecimiento, pre\u00f1ado de sufrimientos inhumanos, acaecido hace cincuenta a\u00f1os: la sublevaci\u00f3n del ghetto de Varsovia. Siento gran necesidad de saludar hoy a los cristianos y jud\u00edos que se han reunido [&hellip;]<\/p>\n","protected":false},"author":1,"featured_media":0,"comment_status":"open","ping_status":"open","sticky":false,"template":"","format":"standard","meta":{"_et_pb_use_builder":"","_et_pb_old_content":"","_et_gb_content_width":"","footnotes":""},"categories":[30],"tags":[],"class_list":["post-177","post","type-post","status-publish","format-standard","hentry","category-juan-pablo-ii-2"],"_links":{"self":[{"href":"https:\/\/cejc-madrid.org\/index.php\/wp-json\/wp\/v2\/posts\/177","targetHints":{"allow":["GET"]}}],"collection":[{"href":"https:\/\/cejc-madrid.org\/index.php\/wp-json\/wp\/v2\/posts"}],"about":[{"href":"https:\/\/cejc-madrid.org\/index.php\/wp-json\/wp\/v2\/types\/post"}],"author":[{"embeddable":true,"href":"https:\/\/cejc-madrid.org\/index.php\/wp-json\/wp\/v2\/users\/1"}],"replies":[{"embeddable":true,"href":"https:\/\/cejc-madrid.org\/index.php\/wp-json\/wp\/v2\/comments?post=177"}],"version-history":[{"count":0,"href":"https:\/\/cejc-madrid.org\/index.php\/wp-json\/wp\/v2\/posts\/177\/revisions"}],"wp:attachment":[{"href":"https:\/\/cejc-madrid.org\/index.php\/wp-json\/wp\/v2\/media?parent=177"}],"wp:term":[{"taxonomy":"category","embeddable":true,"href":"https:\/\/cejc-madrid.org\/index.php\/wp-json\/wp\/v2\/categories?post=177"},{"taxonomy":"post_tag","embeddable":true,"href":"https:\/\/cejc-madrid.org\/index.php\/wp-json\/wp\/v2\/tags?post=177"}],"curies":[{"name":"wp","href":"https:\/\/api.w.org\/{rel}","templated":true}]}}