{"id":178,"date":"2013-07-22T11:08:59","date_gmt":"2013-07-22T11:08:59","guid":{"rendered":"https:\/\/upbeat-goodall.82-223-35-84.plesk.page\/index.php\/2013\/07\/22\/juan-pablo-ii-discruso-conmemoracion-holocausto-abril-1994\/"},"modified":"2013-07-22T11:08:59","modified_gmt":"2013-07-22T11:08:59","slug":"juan-pablo-ii-discruso-conmemoracion-holocausto-abril-1994","status":"publish","type":"post","link":"https:\/\/cejc-madrid.org\/index.php\/2013\/07\/22\/juan-pablo-ii-discruso-conmemoracion-holocausto-abril-1994\/","title":{"rendered":"Juan Pablo II &#8211; Discurso Conmemoraci\u00f3n Holocausto &#8211; abril 1994"},"content":{"rendered":"<p align=\"center\"><strong>DISCURSO DE JUAN PABLO II EN CONMEMORACI\u00d3N <\/strong><strong>&nbsp;<\/strong><\/p>\n<p align=\"center\"><strong>DEL HOLOCAUSTO DE MILLONES DE JUD\u00cdOS <\/strong><\/p>\n<p align=\"center\">&nbsp;<\/p>\n<p align=\"center\">7 de abril 1994<\/p>\n<p align=\"center\">&nbsp;<\/p>\n<p>Las melod\u00edas y los cantos que han resonado en esta aula eran expresi\u00f3n de una com\u00fan meditaci\u00f3n y de una oraci\u00f3n compartida. Voces diversas se han unido en un concierto de sonidos y de armon\u00edas que nos han llegado a la intimidad y nos han emocionado. Hemos orado sabiendo que el Se\u00f1or, si es invocado, responde para levantar el \u00e1nimo de quien est\u00e1 desesperado, romper las cadenas del oprimido, dispersar las sombras que se acumulan en los valles oscuros de la vida.<\/p>\n<p>&nbsp;<\/p>\n<p>Entre quienes est\u00e1n con nosotros esta tarde hay quien ha vivido en la propia carne una horrible experiencia, ha atravesado un oscuro desierto en el que parec\u00eda estar agotada la fuente misma del amor.<\/p>\n<p>&nbsp;<\/p>\n<p>Muchos han llorado entonces y su lloro resuena todav\u00eda. Lo escuchamos tambi\u00e9n aqu\u00ed; no ha muerto con ellos, sino que se levanta fuerte, acongojado, triste, y dice: \u201cNo olvid\u00e9is\u201d. Se dirige a todos y cada uno.<\/p>\n<p>&nbsp;<\/p>\n<p>Nos hemos reunido, pues, en esta tarde, para conmemorar el holocausto de millones de jud\u00edos. Las velas, encendidas por algunos supervivientes, quieren demostrar simb\u00f3licamente que esta sala no tiene l\u00edmites estrechos y que incluye a todas las v\u00edctimas: padres, madres, hijos, hermanos, amigos. En el recuerdo, todos est\u00e1n presentes, est\u00e1n con vosotros, est\u00e1n con nosotros.<\/p>\n<p>&nbsp;<\/p>\n<p>Tenemos un compromiso, el \u00fanico capaz, sin duda, de dar un sentido a toda l\u00e1grima derramada por el hombre por causa del hombre, y de justificarla.<\/p>\n<p>&nbsp;<\/p>\n<p>Nosotros hemos visto con nuestros ojos, hemos sido y somos testigos de la violencia y del odio que, con excesiva frecuencia, se entienden en el mundo y lo envuelven en llamas.<\/p>\n<p>&nbsp;<\/p>\n<p>Hemos visto y vemos la paz burlada, la fraternidad escarnecida, la concordia despreciada, la misericordia pisoteada.<\/p>\n<p>&nbsp;<\/p>\n<p>Ahora bien, el hombre aspira a la justicia. El es el \u00fanico ser de la creaci\u00f3n capaz de concebirla. Salvar al hombre no significa solamente no matarlo, no mutilarlo, no torturarlo. Significa tambi\u00e9n dar al hambre y sed de justicia que hay en \u00e9l la posibilidad de saciarlos.<\/p>\n<p>&nbsp;<\/p>\n<p>\u00c9ste es nuestro compromiso. Correremos el riesgo de conseguir que mueran nuevamente las v\u00edctimas de las m\u00e1s atroces muertes, si no tenemos la pasi\u00f3n de la justicia y si no nos comprometemos, cada uno de acuerdo con las propias capacidades, a conseguir que el mal no prevalezca sobre el bien, como ha sucedido en relaci\u00f3n con millones de hijos del pueblo jud\u00edo.<\/p>\n<p>&nbsp;<\/p>\n<p>Es necesario, pues, redoblar los esfuerzos para liberar al hombre de los espectros del racismo, de la exclusi\u00f3n, de la marginaci\u00f3n, de la esclavitud, de la xenofobia; para extirpar tambi\u00e9n las ra\u00edces de estos males que se ciernen sobre la sociedad y minan los fundamentos de la pac\u00edfica convivencia. El mal se presenta siempre bajo nuevas formas; sus rostros son muchos y muchas son tambi\u00e9n sus lisonjas. Corresponde a nosotros desenmascarar su peligroso poder y, con la ayuda de Dios, neutralizarlo.<\/p>\n<p>&nbsp;<\/p>\n<p>Me hubiera gustado mencionar, uno por uno, en la medida de lo posible, a todos los que han promovido y alentado esta iniciativa; a los que la han apoyado y est\u00e1n aqu\u00ed con nosotros en este momento; a los numerosos representantes de las comunidades y de las organizaciones jud\u00edas de todo el mundo; a los supervivientes de la <i>Shoah<\/i>, personajes y representantes eminentes de la esfera civil y religiosa; a todos los que han aceptado la invitaci\u00f3n para asistir a este concierto, y a quienes lo han ejecutado bajo la experta direcci\u00f3n del Maestro Gilbert Levine.<\/p>\n<p>&nbsp;<\/p>\n<p>Les doy las gracias de todo coraz\u00f3n porque han contribuido a conferir significado e importancia a este acontecimiento conmemorativo.<\/p>\n<p>&nbsp;<\/p>\n<p>Su presencia refuerza nuestro compromiso com\u00fan.<\/p>\n<p>&nbsp;<\/p>\n<p>Las melod\u00edas evocadoras que hemos escuchado reflejan la angustiada s\u00faplica al Se\u00f1or, la esperanza en Aqu\u00e9l que escucha a quienes lo buscan. En nuestros corazones permanecen esta profunda impresi\u00f3n que evoca nuevamente recuerdos y nos exhorta a orar.<\/p>\n<p>&nbsp;<\/p>\n<p>Antes de concluir este encuentro, deseo invitaros a guardar un momento de silencio, para alabar al Se\u00f1or con las palabras que sugiera a nuestros corazones y escuchar, una vez m\u00e1s, la s\u00faplica: \u201cNo os olvid\u00e9is\u201d.<\/p>\n","protected":false},"excerpt":{"rendered":"<p>DISCURSO DE JUAN PABLO II EN CONMEMORACI\u00d3N &nbsp; DEL HOLOCAUSTO DE MILLONES DE JUD\u00cdOS &nbsp; 7 de abril 1994 &nbsp; Las melod\u00edas y los cantos que han resonado en esta aula eran expresi\u00f3n de una com\u00fan meditaci\u00f3n y de una oraci\u00f3n compartida. Voces diversas se han unido en un concierto de sonidos y de armon\u00edas [&hellip;]<\/p>\n","protected":false},"author":1,"featured_media":0,"comment_status":"open","ping_status":"open","sticky":false,"template":"","format":"standard","meta":{"_et_pb_use_builder":"","_et_pb_old_content":"","_et_gb_content_width":"","footnotes":""},"categories":[30],"tags":[],"class_list":["post-178","post","type-post","status-publish","format-standard","hentry","category-juan-pablo-ii-2"],"_links":{"self":[{"href":"https:\/\/cejc-madrid.org\/index.php\/wp-json\/wp\/v2\/posts\/178","targetHints":{"allow":["GET"]}}],"collection":[{"href":"https:\/\/cejc-madrid.org\/index.php\/wp-json\/wp\/v2\/posts"}],"about":[{"href":"https:\/\/cejc-madrid.org\/index.php\/wp-json\/wp\/v2\/types\/post"}],"author":[{"embeddable":true,"href":"https:\/\/cejc-madrid.org\/index.php\/wp-json\/wp\/v2\/users\/1"}],"replies":[{"embeddable":true,"href":"https:\/\/cejc-madrid.org\/index.php\/wp-json\/wp\/v2\/comments?post=178"}],"version-history":[{"count":0,"href":"https:\/\/cejc-madrid.org\/index.php\/wp-json\/wp\/v2\/posts\/178\/revisions"}],"wp:attachment":[{"href":"https:\/\/cejc-madrid.org\/index.php\/wp-json\/wp\/v2\/media?parent=178"}],"wp:term":[{"taxonomy":"category","embeddable":true,"href":"https:\/\/cejc-madrid.org\/index.php\/wp-json\/wp\/v2\/categories?post=178"},{"taxonomy":"post_tag","embeddable":true,"href":"https:\/\/cejc-madrid.org\/index.php\/wp-json\/wp\/v2\/tags?post=178"}],"curies":[{"name":"wp","href":"https:\/\/api.w.org\/{rel}","templated":true}]}}