{"id":179,"date":"2013-07-22T11:09:59","date_gmt":"2013-07-22T11:09:59","guid":{"rendered":"https:\/\/upbeat-goodall.82-223-35-84.plesk.page\/index.php\/2013\/07\/22\/juan-pablo-ii-concierto-de-la-reconciliacion-enero-2004\/"},"modified":"2013-07-22T11:09:59","modified_gmt":"2013-07-22T11:09:59","slug":"juan-pablo-ii-concierto-de-la-reconciliacion-enero-2004","status":"publish","type":"post","link":"https:\/\/cejc-madrid.org\/index.php\/2013\/07\/22\/juan-pablo-ii-concierto-de-la-reconciliacion-enero-2004\/","title":{"rendered":"Juan Pablo II &#8211; Concierto de la Reconciliaci\u00f3n &#8211; 17 enero 2004"},"content":{"rendered":"<p align=\"center\"><b>DISCURSO DEL PAPA JUAN PABLO II<br \/> AL FINAL DEL \u00abCONCIERTO DE LA RECONCILIACI\u00d3N\u00bb <br \/> OFRECIDO EN LA SALA PABLO VI <\/b><br \/> S\u00e1bado 17 de enero de 2004<\/p>\n<p align=\"center\">\u00a0<\/p>\n<p>1.&nbsp;Con viva emoci\u00f3n he asistido al concierto de esta tarde dedicado al tema de la reconciliaci\u00f3n entre jud\u00edos, cristianos y musulmanes. He escuchado con participaci\u00f3n interior la espl\u00e9ndida ejecuci\u00f3n musical, que ha sido para todos nosotros ocasi\u00f3n de reflexi\u00f3n y oraci\u00f3n. Saludo y doy las gracias de coraz\u00f3n a los promotores de la iniciativa y a cuantos han contribuido a su realizaci\u00f3n concreta.<\/p>\n<p>Saludo a los presidentes y a los miembros de los Consejos pontificios que han organizado este acontecimiento tan significativo. Saludo a las personalidades y a los representantes de las diversas organizaciones jud\u00edas internacionales, de las Iglesias y comunidades eclesiales y del islam, que con su participaci\u00f3n hacen a\u00fan m\u00e1s sugestivo este encuentro. Expreso mi gratitud en particular a los Caballeros de Col\u00f3n, que han dado su apoyo concreto al concierto, as\u00ed como a la RAI, aqu\u00ed representada por sus dirigentes, que ha asegurado su adecuada difusi\u00f3n.<\/p>\n<p>Dirijo tambi\u00e9n mi saludo al ilustre maestro Gilbert Levine y a los miembros de la orquesta sinf\u00f3nica de Pittsburgh y de los coros de Ankara, Cracovia, Londres y Pittsburgh. La elecci\u00f3n de las piezas de esta tarde ten\u00edan como finalidad atraer nuestra atenci\u00f3n hacia dos puntos importantes que, en cierto sentido, unen a los seguidores del juda\u00edsmo, del islam y del cristianismo, aunque los respectivos textos sagrados los tratan de modo diferente. Esos dos puntos son:&nbsp; la veneraci\u00f3n al patriarca Abraham y la resurrecci\u00f3n de los muertos. Hemos escuchado un magistral comentario de esos puntos en el motete sacro \u00abAbraham\u00bb, de John Harbison, y en la sinfon\u00eda n\u00famero 2 de Gustav Malher, inspirada en el poema dram\u00e1tico \u00abDziady\u00bb, del ilustre dramaturgo polaco Adam Mickiewicz.<\/p>\n<p>2.&nbsp;La historia de las relaciones entre jud\u00edos, cristianos y musulmanes est\u00e1 marcada por luces y sombras y, por desgracia, ha conocido momentos dolorosos. Hoy, se siente la necesidad urgente de una sincera reconciliaci\u00f3n entre los creyentes en el \u00fanico Dios.<\/p>\n<p>Esta tarde nos hallamos reunidos aqu\u00ed para expresar concretamente este compromiso de reconciliaci\u00f3n a trav\u00e9s del mensaje universal de la m\u00fasica. Se nos ha recordado la exhortaci\u00f3n:&nbsp; \u00abYo soy el Dios omnipotente. Camina en mi presencia y s\u00e9 perfecto\u00bb (<i>Gn<\/i> 17, 1). Todo ser humano siente resonar en su interior esas palabras; sabe que un d\u00eda deber\u00e1 dar cuenta a Dios, que desde lo alto observa su camino en la tierra.<\/p>\n<p>Juntos expresamos el deseo de que los hombres sean purificados del odio y del mal que amenazan continuamente la paz, y se tiendan rec\u00edprocamente manos que no conozcan violencia, sino que est\u00e9n dispuestas a ofrecer ayuda y consuelo a las personas necesitadas.<\/p>\n<p>3.&nbsp;El jud\u00edo honra al Omnipotente como <i>protector de la persona humana<\/i>, y Dios <i>de las promesas de vida<\/i>. El cristiano sabe que el amor es el motivo por el que Dios entra en relaci\u00f3n con el hombre, y que el amor es la respuesta que \u00e9l espera del hombre. Para el musulm\u00e1n, Dios es bueno y sabe colmar al creyente de sus misericordias. Jud\u00edos, cristianos y musulmanes, alimentados con estas &nbsp;convicciones, no pueden aceptar que el odio aflija a la tierra y que guerras sin fin trastornen a la humanidad.<\/p>\n<p>\u00a1S\u00ed! Debemos encontrar en nosotros la valent\u00eda de la paz. Debemos implorar de Dios el don de la paz. Y esta paz se derramar\u00e1 como aceite que alivia, si recorremos sin cesar el camino de la reconciliaci\u00f3n. Entonces el desierto se convertir\u00e1 en un jard\u00edn donde reinar\u00e1 la justicia, y el efecto de la justicia ser\u00e1 la paz (cf. <i>Is<\/i> 32, 15-16).<\/p>\n<p><i>Omnia vincit amor!<\/i><\/p>\n","protected":false},"excerpt":{"rendered":"<p>DISCURSO DEL PAPA JUAN PABLO II AL FINAL DEL \u00abCONCIERTO DE LA RECONCILIACI\u00d3N\u00bb OFRECIDO EN LA SALA PABLO VI S\u00e1bado 17 de enero de 2004 \u00a0 1.&nbsp;Con viva emoci\u00f3n he asistido al concierto de esta tarde dedicado al tema de la reconciliaci\u00f3n entre jud\u00edos, cristianos y musulmanes. He escuchado con participaci\u00f3n interior la espl\u00e9ndida ejecuci\u00f3n [&hellip;]<\/p>\n","protected":false},"author":1,"featured_media":0,"comment_status":"open","ping_status":"open","sticky":false,"template":"","format":"standard","meta":{"_et_pb_use_builder":"","_et_pb_old_content":"","_et_gb_content_width":"","footnotes":""},"categories":[30],"tags":[],"class_list":["post-179","post","type-post","status-publish","format-standard","hentry","category-juan-pablo-ii-2"],"_links":{"self":[{"href":"https:\/\/cejc-madrid.org\/index.php\/wp-json\/wp\/v2\/posts\/179","targetHints":{"allow":["GET"]}}],"collection":[{"href":"https:\/\/cejc-madrid.org\/index.php\/wp-json\/wp\/v2\/posts"}],"about":[{"href":"https:\/\/cejc-madrid.org\/index.php\/wp-json\/wp\/v2\/types\/post"}],"author":[{"embeddable":true,"href":"https:\/\/cejc-madrid.org\/index.php\/wp-json\/wp\/v2\/users\/1"}],"replies":[{"embeddable":true,"href":"https:\/\/cejc-madrid.org\/index.php\/wp-json\/wp\/v2\/comments?post=179"}],"version-history":[{"count":0,"href":"https:\/\/cejc-madrid.org\/index.php\/wp-json\/wp\/v2\/posts\/179\/revisions"}],"wp:attachment":[{"href":"https:\/\/cejc-madrid.org\/index.php\/wp-json\/wp\/v2\/media?parent=179"}],"wp:term":[{"taxonomy":"category","embeddable":true,"href":"https:\/\/cejc-madrid.org\/index.php\/wp-json\/wp\/v2\/categories?post=179"},{"taxonomy":"post_tag","embeddable":true,"href":"https:\/\/cejc-madrid.org\/index.php\/wp-json\/wp\/v2\/tags?post=179"}],"curies":[{"name":"wp","href":"https:\/\/api.w.org\/{rel}","templated":true}]}}