{"id":18,"date":"2011-11-04T10:22:00","date_gmt":"2011-11-04T10:22:00","guid":{"rendered":"https:\/\/upbeat-goodall.82-223-35-84.plesk.page\/index.php\/2011\/11\/04\/el-olivo-no-9\/"},"modified":"2011-11-04T10:22:00","modified_gmt":"2011-11-04T10:22:00","slug":"el-olivo-no-9","status":"publish","type":"post","link":"https:\/\/cejc-madrid.org\/index.php\/2011\/11\/04\/el-olivo-no-9\/","title":{"rendered":"El Olivo n\u00ba 9"},"content":{"rendered":"<p align=\"center\"><b>EL OLIVO    n\u00ba 9<\/b><\/p>\n<p align=\"center\">\u00a0<\/p>\n<p align=\"center\">Enero &#8211; Junio  1979<\/p>\n<p align=\"center\">\u00a0<\/p>\n<p align=\"center\"><span style=\"text-decoration: underline;\">\u00cdndice<\/span><\/p>\n<p align=\"center\"><span style=\"text-decoration: underline;\"><br \/><\/span><\/p>\n<p style=\"text-align: justify;\" align=\"center\">\u00a0<\/p>\n<p><strong>Historia y teolog\u00eda de una muerte &#8211;<\/strong>Vicente Serrano<\/p>\n<p><strong>La naci\u00f3n jud\u00eda de la igualdad humana y sus dimensines contempor\u00e1neas &#8211; <\/strong>Nat\u00e1n Lerne<\/p>\n<p><strong>Di\u00e1logo y libertad &#8211; <\/strong>Nahud Megged<\/p>\n<p><strong>Nuevo sello hebreo de la aljama de Toro  (Zamora) &#8211; <\/strong>Carlos Carrete Parrondo<\/p>\n<p><strong>Las acusaciones de crimen ritual en Espa\u00f1a&nbsp; &#8211; <\/strong>Sor Marie Despina<\/p>\n<p><strong>Par\u00e1bola del ermita\u00f1o y el mercader &#8211; <\/strong>\u00c1ngeles Navarro Peir\u00f3<\/p>\n<p><strong>El Piyyut \u00abLeja Dodi\u00bb &#8211; <\/strong>Nejama Delmar<\/p>\n<p><strong>El ladino, lengua lit\u00fargica de los jud\u00edos espa\u00f1oles &#8211; <\/strong>Haim Vidal Saphila<\/p>\n<p><strong>El Doctor Pulido y los \u00abespa\u00f1oles sin patria\u00bb&nbsp; &#8211; <\/strong>Lemoine Martine<\/p>\n<p><strong>Isaac Bashevis Singer&nbsp; &#8211; <\/strong>Sor Esperanza Mary<\/p>\n","protected":false},"excerpt":{"rendered":"<p>EL OLIVO n\u00ba 9 \u00a0 Enero &#8211; Junio 1979 \u00a0 \u00cdndice \u00a0 Historia y teolog\u00eda de una muerte &#8211;Vicente Serrano La naci\u00f3n jud\u00eda de la igualdad humana y sus dimensines contempor\u00e1neas &#8211; Nat\u00e1n Lerne Di\u00e1logo y libertad &#8211; Nahud Megged Nuevo sello hebreo de la aljama de Toro (Zamora) &#8211; Carlos Carrete Parrondo Las acusaciones [&hellip;]<\/p>\n","protected":false},"author":1,"featured_media":0,"comment_status":"open","ping_status":"open","sticky":false,"template":"","format":"standard","meta":{"_et_pb_use_builder":"","_et_pb_old_content":"","_et_gb_content_width":"","footnotes":""},"categories":[25],"tags":[],"class_list":["post-18","post","type-post","status-publish","format-standard","hentry","category-revista-qel-olivoq"],"_links":{"self":[{"href":"https:\/\/cejc-madrid.org\/index.php\/wp-json\/wp\/v2\/posts\/18","targetHints":{"allow":["GET"]}}],"collection":[{"href":"https:\/\/cejc-madrid.org\/index.php\/wp-json\/wp\/v2\/posts"}],"about":[{"href":"https:\/\/cejc-madrid.org\/index.php\/wp-json\/wp\/v2\/types\/post"}],"author":[{"embeddable":true,"href":"https:\/\/cejc-madrid.org\/index.php\/wp-json\/wp\/v2\/users\/1"}],"replies":[{"embeddable":true,"href":"https:\/\/cejc-madrid.org\/index.php\/wp-json\/wp\/v2\/comments?post=18"}],"version-history":[{"count":0,"href":"https:\/\/cejc-madrid.org\/index.php\/wp-json\/wp\/v2\/posts\/18\/revisions"}],"wp:attachment":[{"href":"https:\/\/cejc-madrid.org\/index.php\/wp-json\/wp\/v2\/media?parent=18"}],"wp:term":[{"taxonomy":"category","embeddable":true,"href":"https:\/\/cejc-madrid.org\/index.php\/wp-json\/wp\/v2\/categories?post=18"},{"taxonomy":"post_tag","embeddable":true,"href":"https:\/\/cejc-madrid.org\/index.php\/wp-json\/wp\/v2\/tags?post=18"}],"curies":[{"name":"wp","href":"https:\/\/api.w.org\/{rel}","templated":true}]}}