{"id":180,"date":"2013-07-22T11:11:20","date_gmt":"2013-07-22T11:11:20","guid":{"rendered":"https:\/\/upbeat-goodall.82-223-35-84.plesk.page\/index.php\/2013\/07\/22\/intervencion-vaticana-en-la-onu-sexagesimo-aniversario-fin-de-auschwitz-2005\/"},"modified":"2013-07-22T11:11:20","modified_gmt":"2013-07-22T11:11:20","slug":"intervencion-vaticana-en-la-onu-sexagesimo-aniversario-fin-de-auschwitz-2005","status":"publish","type":"post","link":"https:\/\/cejc-madrid.org\/index.php\/2013\/07\/22\/intervencion-vaticana-en-la-onu-sexagesimo-aniversario-fin-de-auschwitz-2005\/","title":{"rendered":"Intervenci\u00f3n Vaticana en la ONU- Sexag\u00e9simo aniversario fin de Auschwitz -2005"},"content":{"rendered":"<p align=\"center\"><b>Intervenci\u00f3n vaticana en la ONU en el sexag\u00e9simo aniversario<\/b><\/p>\n<p align=\"center\"><b> del fin de Auschwitz<\/b><\/p>\n<p align=\"center\"><b> <\/b><\/p>\n<p align=\"center\"><b>Pronunciada por el arzobispo Migliore, observador permanente ante las Naciones Unidas<\/b><\/p>\n<p align=\"center\"><b> <\/b><\/p>\n<p>25 de enero de 2005<\/p>\n<p>\u00a0<\/p>\n<p>Se\u00f1or presidente:<\/p>\n<p>Mi delegaci\u00f3n da cordialmente la bienvenida a la iniciativa que nos ha permitido celebrar esta sesi\u00f3n especial de la Asamblea General para conmemorar el sexag\u00e9simo aniversario de la liberaci\u00f3n de los campos de concentraci\u00f3n del nazismo por las Fuerzas Aliadas.<\/p>\n<p>\u00a0<\/p>\n<p>Nos ofrece una nueva oportunidad para recordar solemnemente a las v\u00edctimas de una visi\u00f3n pol\u00edtica inhumana basada en una ideolog\u00eda extrema. Nos recuerda tambi\u00e9n las ra\u00edces mismas de esta organizaci\u00f3n, de sus nobles metas y de la voluntad pol\u00edtica que sigue siendo necesaria para prevenir que este tipo de horrores se repitan.<\/p>\n<p>\u00a0<\/p>\n<p>Hoy contemplamos las consecuencias de la intolerancia al recordar a todos aquellos que se convirtieron en objetivo de la ingenier\u00eda pol\u00edtica y social de los nazis, elaborada a tremenda escala y utilizando una brutalidad deliberada y calculada. Aquellos que eran considerados como in\u00fatiles para la sociedad &#8211;los jud\u00edos, los pueblos eslavos, los gitanos, los discapacitados, los homosexuales, entre otros&#8211; fueron destinados al exterminio; aquellos que se atrevieron a oponerse al r\u00e9gimen con sus palabras y con los hechos &#8211;pol\u00edticos, l\u00edderes religiosos, ciudadanos privados&#8211;, pagaron con frecuencia su oposici\u00f3n con sus vidas. Se estudiaron las condiciones para hacer que los seres humanos perdieran su dignidad esencial y se les despojara de toda decencia y sentimiento humano.<\/p>\n<p>Esos campos de muerte testimonian tambi\u00e9n un plan sin precedentes que buscaba la exterminaci\u00f3n sistem\u00e1tica y deliberada de un todo un pueblo, el pueblo jud\u00edo. La Santa Sede ha recordado en numerosas ocasiones con sentido de profunda tristeza los sufrimientos de los jud\u00edos a causa del crimen que ahora es conocido como Shoah. Acaecido en uno de los cap\u00edtulos m\u00e1s oscuros del siglo XX, es \u00fanico en su g\u00e9nero y sigue siendo todav\u00eda una mancha vergonzosa en la historia de la humanidad ante la conciencia de todos.<\/p>\n<p>Durante su visita a Auschwitz en 1979, Juan Pablo II afirm\u00f3 que deber\u00edamos hacer que el llanto de las personas all\u00ed martirizadas sirviera para hacer un mundo mejor, sacando las conclusiones adecuadas de la Declaraci\u00f3n Universal de los Derechos Humanos.<\/p>\n<p>\u00a0<\/p>\n<p>Se\u00f1or presidente:<\/p>\n<p>En un siglo caracterizado por cat\u00e1strofes causadas por los hombres, los campos de muerte del nazismo son un recuerdo excepcional de \u00abla inhumanidad del ser humano con sus semejantes\u00bb y de su capacidad para hacer el mal. Sin embargo, debemos recordar que la humanidad es tambi\u00e9n capaz de grandes cosas, del sacrificio personal y del altruismo. Cuando las calamidades naturales o humanas golpean, como hemos visto en las semanas recientes, las personas ofrecen la mejor cara de la sociedad humana, con solidaridad y fraternidad, en ocasiones, a expensas de los propios intereses. En el contexto de la conmemoraci\u00f3n de hoy, necesitamos pensar sobre todo en estas personas valientes de todos los \u00e1mbitos de la sociedad, muchos de los cuales han sido reconocidos como \u00abJustos entre las Naciones\u00bb. Todos los pueblos del mundo son capaces de hacer mucho bien, algo que se alcanza con frecuencia a trav\u00e9s de la educaci\u00f3n y de la gu\u00eda moral. Y a todo esto, deber\u00edamos a\u00f1adir una dimensi\u00f3n espiritual, que sin dar una falsa esperanza o explicaciones f\u00e1ciles, nos ayuda a mantener la humildad, la perspectiva y a afrontar terribles acontecimientos.<\/p>\n<p>\u00a0<\/p>\n<p>Por este motivo mi delegaci\u00f3n da la bienvenida a esta oportunidad de recordar la liberaci\u00f3n de los campos de concentraci\u00f3n del nazismo para que la humanidad no olvide el terror del que es capaz el hombre; los males del extremismo pol\u00edtico arrogante y de la ingenier\u00eda social; y recuerde la necesidad de construir un mundo m\u00e1s seguro y sano para cada hombre, mujer, y ni\u00f1o que viva en \u00e9l.<\/p>\n<p>\u00a0<\/p>\n<p>Ojal\u00e1 muchos hombres y mujeres de buena voluntad aprovechen esta ocasi\u00f3n para decir \u00abNunca m\u00e1s\u00bb a cr\u00edmenes como esos, sin importar cual sea su inspiraci\u00f3n pol\u00edtica, para que todas las naciones, as\u00ed como esta organizaci\u00f3n, respeten verdaderamente la vida, la libertad y la dignidad de cada uno de los seres humanos. Con una voluntad pol\u00edtica seria, con los recursos morales y espirituales seremos capaces de transformar una vez por todas nuestras respectivas culturas para que las personas del mundo aprendan a custodiar como un tesoro la vida y a promover la paz.<\/p>\n<p>Gracias, se\u00f1or presidente.<\/p>\n","protected":false},"excerpt":{"rendered":"<p>Intervenci\u00f3n vaticana en la ONU en el sexag\u00e9simo aniversario del fin de Auschwitz Pronunciada por el arzobispo Migliore, observador permanente ante las Naciones Unidas 25 de enero de 2005 \u00a0 Se\u00f1or presidente: Mi delegaci\u00f3n da cordialmente la bienvenida a la iniciativa que nos ha permitido celebrar esta sesi\u00f3n especial de la Asamblea General para conmemorar [&hellip;]<\/p>\n","protected":false},"author":1,"featured_media":0,"comment_status":"open","ping_status":"open","sticky":false,"template":"","format":"standard","meta":{"_et_pb_use_builder":"","_et_pb_old_content":"","_et_gb_content_width":"","footnotes":""},"categories":[31],"tags":[],"class_list":["post-180","post","type-post","status-publish","format-standard","hentry","category-documentos-eclesiales"],"_links":{"self":[{"href":"https:\/\/cejc-madrid.org\/index.php\/wp-json\/wp\/v2\/posts\/180","targetHints":{"allow":["GET"]}}],"collection":[{"href":"https:\/\/cejc-madrid.org\/index.php\/wp-json\/wp\/v2\/posts"}],"about":[{"href":"https:\/\/cejc-madrid.org\/index.php\/wp-json\/wp\/v2\/types\/post"}],"author":[{"embeddable":true,"href":"https:\/\/cejc-madrid.org\/index.php\/wp-json\/wp\/v2\/users\/1"}],"replies":[{"embeddable":true,"href":"https:\/\/cejc-madrid.org\/index.php\/wp-json\/wp\/v2\/comments?post=180"}],"version-history":[{"count":0,"href":"https:\/\/cejc-madrid.org\/index.php\/wp-json\/wp\/v2\/posts\/180\/revisions"}],"wp:attachment":[{"href":"https:\/\/cejc-madrid.org\/index.php\/wp-json\/wp\/v2\/media?parent=180"}],"wp:term":[{"taxonomy":"category","embeddable":true,"href":"https:\/\/cejc-madrid.org\/index.php\/wp-json\/wp\/v2\/categories?post=180"},{"taxonomy":"post_tag","embeddable":true,"href":"https:\/\/cejc-madrid.org\/index.php\/wp-json\/wp\/v2\/tags?post=180"}],"curies":[{"name":"wp","href":"https:\/\/api.w.org\/{rel}","templated":true}]}}