{"id":185,"date":"2013-07-22T11:25:58","date_gmt":"2013-07-22T11:25:58","guid":{"rendered":"https:\/\/upbeat-goodall.82-223-35-84.plesk.page\/index.php\/2013\/07\/22\/juan-pablo-ii-comunidad-judia-alemana-17-noviembre-1980\/"},"modified":"2013-07-22T11:25:58","modified_gmt":"2013-07-22T11:25:58","slug":"juan-pablo-ii-comunidad-judia-alemana-17-noviembre-1980","status":"publish","type":"post","link":"https:\/\/cejc-madrid.org\/index.php\/2013\/07\/22\/juan-pablo-ii-comunidad-judia-alemana-17-noviembre-1980\/","title":{"rendered":"Juan Pablo II &#8211; Comunidad Jud\u00eda Alemana &#8211; 17 noviembre 1980"},"content":{"rendered":"<p align=\"center\"><b>A LA COMUNIDAD JUD\u00cdA ALEMANA <\/b><b><\/b><\/p>\n<p align=\"center\">Maguncia, 17 noviembre 1980<\/p>\n<p align=\"center\">\u00a0<\/p>\n<p>Si los cristianos consideran a todos los hombres como hermanos y se deben de comportar seg\u00fan esta apreciaci\u00f3n, cu\u00e1nto m\u00e1s vale este sagrado deber cuando se encuentran con quienes pertenecen al pueblo jud\u00edo. En la \u201cDeclaraci\u00f3n sobre las Relaciones de la Iglesia con el Juda\u00edsmo, los obispos de la Rep\u00fablica Federal Alemana han puesto como encabezamiento esta frase: Quien se encuentra con Jesucristo se encuentra con el Juda\u00edsmo. Querr\u00eda hacer m\u00eda tambi\u00e9n esta expresi\u00f3n. La fe de la Iglesia en Jesucristo, hijo de David e hijo de Abraham (cf. Mt., 1,1) contiene de hecho lo que los obispos llaman en esta Declaraci\u00f3n la herencia espiritual de Israel para la Iglesia (parte II), una herencia viva que debe ser comprometida y conservada por nosotros, cristianos cat\u00f3licos, en toda su profundidad y riqueza.<\/p>\n","protected":false},"excerpt":{"rendered":"<p>A LA COMUNIDAD JUD\u00cdA ALEMANA Maguncia, 17 noviembre 1980 \u00a0 Si los cristianos consideran a todos los hombres como hermanos y se deben de comportar seg\u00fan esta apreciaci\u00f3n, cu\u00e1nto m\u00e1s vale este sagrado deber cuando se encuentran con quienes pertenecen al pueblo jud\u00edo. En la \u201cDeclaraci\u00f3n sobre las Relaciones de la Iglesia con el Juda\u00edsmo, [&hellip;]<\/p>\n","protected":false},"author":1,"featured_media":0,"comment_status":"open","ping_status":"open","sticky":false,"template":"","format":"standard","meta":{"_et_pb_use_builder":"","_et_pb_old_content":"","_et_gb_content_width":"","footnotes":""},"categories":[30],"tags":[],"class_list":["post-185","post","type-post","status-publish","format-standard","hentry","category-juan-pablo-ii-2"],"_links":{"self":[{"href":"https:\/\/cejc-madrid.org\/index.php\/wp-json\/wp\/v2\/posts\/185","targetHints":{"allow":["GET"]}}],"collection":[{"href":"https:\/\/cejc-madrid.org\/index.php\/wp-json\/wp\/v2\/posts"}],"about":[{"href":"https:\/\/cejc-madrid.org\/index.php\/wp-json\/wp\/v2\/types\/post"}],"author":[{"embeddable":true,"href":"https:\/\/cejc-madrid.org\/index.php\/wp-json\/wp\/v2\/users\/1"}],"replies":[{"embeddable":true,"href":"https:\/\/cejc-madrid.org\/index.php\/wp-json\/wp\/v2\/comments?post=185"}],"version-history":[{"count":0,"href":"https:\/\/cejc-madrid.org\/index.php\/wp-json\/wp\/v2\/posts\/185\/revisions"}],"wp:attachment":[{"href":"https:\/\/cejc-madrid.org\/index.php\/wp-json\/wp\/v2\/media?parent=185"}],"wp:term":[{"taxonomy":"category","embeddable":true,"href":"https:\/\/cejc-madrid.org\/index.php\/wp-json\/wp\/v2\/categories?post=185"},{"taxonomy":"post_tag","embeddable":true,"href":"https:\/\/cejc-madrid.org\/index.php\/wp-json\/wp\/v2\/tags?post=185"}],"curies":[{"name":"wp","href":"https:\/\/api.w.org\/{rel}","templated":true}]}}