{"id":186,"date":"2013-07-22T11:26:44","date_gmt":"2013-07-22T11:26:44","guid":{"rendered":"https:\/\/upbeat-goodall.82-223-35-84.plesk.page\/index.php\/2013\/07\/22\/juan-pablo-ii-comunidades-judias-de-gran-bretana-6-junio-1982\/"},"modified":"2013-07-22T11:26:44","modified_gmt":"2013-07-22T11:26:44","slug":"juan-pablo-ii-comunidades-judias-de-gran-bretana-6-junio-1982","status":"publish","type":"post","link":"https:\/\/cejc-madrid.org\/index.php\/2013\/07\/22\/juan-pablo-ii-comunidades-judias-de-gran-bretana-6-junio-1982\/","title":{"rendered":"Juan Pablo II &#8211; Comunidades Jud\u00edas de Gran Breta\u00f1a 6 junio 1982"},"content":{"rendered":"<p align=\"center\"><b>JUAN PABLO II CON LOS REPRESENTANTES DE <\/b><b>&nbsp;<\/b><\/p>\n<p align=\"center\"><b>LAS COMUNIDADES JUD\u00cdAS DE GRAN BRETA\u00d1A <\/b><\/p>\n<p align=\"center\"><b> <\/b><\/p>\n<p align=\"center\">6 de junio 1982<\/p>\n<p align=\"center\">\u00a0<\/p>\n<p>Durante su estancia en Manchester, en un convento de religiosas de Nazaret, el Papa se encontr\u00f3 con una representaci\u00f3n de los 400.000 jud\u00edos residentes en Gran Breta\u00f1a. Tras departir cordialmente con ellos y escuchar un discurso del Gran Rabino Yacobovich, improvis\u00f3 las siguientes palabras:<\/p>\n<p>\u00a0<\/p>\n<p>Debo comenzar diciendo que he seguido con sumo inter\u00e9s su discurso sopesando los temas que ha tocado en \u00e9l. Mi respuesta ser\u00e1 muy breve y no tan densa de temas como su discurso. Pero estoy muy agradecido que haya incluido todo ello en su saludo. Es un gozo para mi dirigir un saludo fraterno a ustedes miembros dirigentes de la Comunidad jud\u00eda. Saludo en especial al Gran Rabino de la comunidad, Sir Emmanuel Yacobovitch, y a sus distinguidos compa\u00f1eros. Aprovechando mi visita a Gran Breta\u00f1a deseo expresar mis sentimientos personales de estima y amistad a todos ustedes. Al mismo tiempo quiero reiterar el gran respeto de la Iglesia Cat\u00f3lica al pueblo jud\u00edo del mundo entero. Siguiendo el esp\u00edritu del concilio Vaticano II, recuerdo la voluntad de la Iglesia de colaborar complacida con ustedes por al causa de la humanidad, conscientes de que tenemos una tradici\u00f3n com\u00fan que honra la santidad de Dios y nos convoca a amar al Se\u00f1or Dios nuestro con todo el coraz\u00f3n y con toda el alma. Extiendo mi cordial saludo a cuantos vosotros represent\u00e1is.<\/p>\n<p>\u00a0<\/p>\n","protected":false},"excerpt":{"rendered":"<p>JUAN PABLO II CON LOS REPRESENTANTES DE &nbsp; LAS COMUNIDADES JUD\u00cdAS DE GRAN BRETA\u00d1A 6 de junio 1982 \u00a0 Durante su estancia en Manchester, en un convento de religiosas de Nazaret, el Papa se encontr\u00f3 con una representaci\u00f3n de los 400.000 jud\u00edos residentes en Gran Breta\u00f1a. Tras departir cordialmente con ellos y escuchar un discurso [&hellip;]<\/p>\n","protected":false},"author":1,"featured_media":0,"comment_status":"open","ping_status":"open","sticky":false,"template":"","format":"standard","meta":{"_et_pb_use_builder":"","_et_pb_old_content":"","_et_gb_content_width":"","footnotes":""},"categories":[30],"tags":[],"class_list":["post-186","post","type-post","status-publish","format-standard","hentry","category-juan-pablo-ii-2"],"_links":{"self":[{"href":"https:\/\/cejc-madrid.org\/index.php\/wp-json\/wp\/v2\/posts\/186","targetHints":{"allow":["GET"]}}],"collection":[{"href":"https:\/\/cejc-madrid.org\/index.php\/wp-json\/wp\/v2\/posts"}],"about":[{"href":"https:\/\/cejc-madrid.org\/index.php\/wp-json\/wp\/v2\/types\/post"}],"author":[{"embeddable":true,"href":"https:\/\/cejc-madrid.org\/index.php\/wp-json\/wp\/v2\/users\/1"}],"replies":[{"embeddable":true,"href":"https:\/\/cejc-madrid.org\/index.php\/wp-json\/wp\/v2\/comments?post=186"}],"version-history":[{"count":0,"href":"https:\/\/cejc-madrid.org\/index.php\/wp-json\/wp\/v2\/posts\/186\/revisions"}],"wp:attachment":[{"href":"https:\/\/cejc-madrid.org\/index.php\/wp-json\/wp\/v2\/media?parent=186"}],"wp:term":[{"taxonomy":"category","embeddable":true,"href":"https:\/\/cejc-madrid.org\/index.php\/wp-json\/wp\/v2\/categories?post=186"},{"taxonomy":"post_tag","embeddable":true,"href":"https:\/\/cejc-madrid.org\/index.php\/wp-json\/wp\/v2\/tags?post=186"}],"curies":[{"name":"wp","href":"https:\/\/api.w.org\/{rel}","templated":true}]}}