{"id":187,"date":"2013-07-22T11:27:22","date_gmt":"2013-07-22T11:27:22","guid":{"rendered":"https:\/\/upbeat-goodall.82-223-35-84.plesk.page\/index.php\/2013\/07\/22\/juan-pablo-ii-comunidad-judia-de-espana-3-noviembre-1982\/"},"modified":"2013-07-22T11:27:22","modified_gmt":"2013-07-22T11:27:22","slug":"juan-pablo-ii-comunidad-judia-de-espana-3-noviembre-1982","status":"publish","type":"post","link":"https:\/\/cejc-madrid.org\/index.php\/2013\/07\/22\/juan-pablo-ii-comunidad-judia-de-espana-3-noviembre-1982\/","title":{"rendered":"Juan Pablo II &#8211; Comunidad Jud\u00eda de Espa\u00f1a 3 noviembre 1982"},"content":{"rendered":"<p align=\"center\"><b>SALUDO DE S.S. EL PAPA A LA COMUNIDAD <\/b><b>&nbsp;<\/b><\/p>\n<p align=\"center\"><b>JUD\u00cdA DE ESPA\u00d1A <\/b><\/p>\n<p align=\"center\"><b> <\/b><\/p>\n<p align=\"center\">3 de noviembre 1982<\/p>\n<p align=\"center\">\u00a0<\/p>\n<p>Estimados Se\u00f1ores:<\/p>\n<p>\u00a0<\/p>\n<p>\u00a1Shalom! Paz a vosotros y a todos los miembros de la Comunidad religiosa jud\u00eda de Espa\u00f1a.<\/p>\n<p>\u00a0<\/p>\n<p>Deseo expresaros ante todo mi sincero aprecio por haber querido venir a encontrarme durante mi visita pastoral a esta naci\u00f3n. Vuestro significativo gesto es prueba de que el di\u00e1logo fraterno, orientado a un mejor conocimiento y estima entre hebreos y cat\u00f3licos, que el Concilio Vaticano II ha promovido y recomendado vivamente en la Declaraci\u00f3n Nostra Aetate (n.4), contin\u00faa y se difunde cada vez m\u00e1s, aun en medio de inevitables dificultades.<\/p>\n<p>\u00a0<\/p>\n<p>Tenemos un patrimonio espiritual com\u00fan; y el Pueblo del Nuevo Testamento, es decir, la Iglesia, se siente y est\u00e1 vinculada espiritualmente a la estirpe de Abraham, \u201cnuestro padre en la fe\u201d.<\/p>\n<p>\u00a0<\/p>\n<p>Pido a Dios que la tradici\u00f3n judaica y cristiana, fundada en la Palabra divina, y que tiene una profunda conciencia de la dignidad de la persona humana que es imagen de Dios (cf. Gen 1,26), nos lleve al culto y amor ferviente al \u00fanico y verdadero Dios. Y que ello se traduzca en una acci\u00f3n eficaz en favor del hombre, de cada hombre y de todo hombre.<\/p>\n<p>\u00a0<\/p>\n<p>\u00a1Shalom! Y que Dios, Creador y Salvador, bendiga a vosotros y a vuestra Comunidad.<\/p>\n","protected":false},"excerpt":{"rendered":"<p>SALUDO DE S.S. EL PAPA A LA COMUNIDAD &nbsp; JUD\u00cdA DE ESPA\u00d1A 3 de noviembre 1982 \u00a0 Estimados Se\u00f1ores: \u00a0 \u00a1Shalom! Paz a vosotros y a todos los miembros de la Comunidad religiosa jud\u00eda de Espa\u00f1a. \u00a0 Deseo expresaros ante todo mi sincero aprecio por haber querido venir a encontrarme durante mi visita pastoral a [&hellip;]<\/p>\n","protected":false},"author":1,"featured_media":0,"comment_status":"open","ping_status":"open","sticky":false,"template":"","format":"standard","meta":{"_et_pb_use_builder":"","_et_pb_old_content":"","_et_gb_content_width":"","footnotes":""},"categories":[30],"tags":[],"class_list":["post-187","post","type-post","status-publish","format-standard","hentry","category-juan-pablo-ii-2"],"_links":{"self":[{"href":"https:\/\/cejc-madrid.org\/index.php\/wp-json\/wp\/v2\/posts\/187","targetHints":{"allow":["GET"]}}],"collection":[{"href":"https:\/\/cejc-madrid.org\/index.php\/wp-json\/wp\/v2\/posts"}],"about":[{"href":"https:\/\/cejc-madrid.org\/index.php\/wp-json\/wp\/v2\/types\/post"}],"author":[{"embeddable":true,"href":"https:\/\/cejc-madrid.org\/index.php\/wp-json\/wp\/v2\/users\/1"}],"replies":[{"embeddable":true,"href":"https:\/\/cejc-madrid.org\/index.php\/wp-json\/wp\/v2\/comments?post=187"}],"version-history":[{"count":0,"href":"https:\/\/cejc-madrid.org\/index.php\/wp-json\/wp\/v2\/posts\/187\/revisions"}],"wp:attachment":[{"href":"https:\/\/cejc-madrid.org\/index.php\/wp-json\/wp\/v2\/media?parent=187"}],"wp:term":[{"taxonomy":"category","embeddable":true,"href":"https:\/\/cejc-madrid.org\/index.php\/wp-json\/wp\/v2\/categories?post=187"},{"taxonomy":"post_tag","embeddable":true,"href":"https:\/\/cejc-madrid.org\/index.php\/wp-json\/wp\/v2\/tags?post=187"}],"curies":[{"name":"wp","href":"https:\/\/api.w.org\/{rel}","templated":true}]}}