{"id":190,"date":"2013-07-22T11:30:12","date_gmt":"2013-07-22T11:30:12","guid":{"rendered":"https:\/\/upbeat-goodall.82-223-35-84.plesk.page\/index.php\/2013\/07\/22\/juan-pablo-ii-discurso-comunidad-judia-de-australia-26-diciembre-1986\/"},"modified":"2013-07-22T11:30:12","modified_gmt":"2013-07-22T11:30:12","slug":"juan-pablo-ii-discurso-comunidad-judia-de-australia-26-diciembre-1986","status":"publish","type":"post","link":"https:\/\/cejc-madrid.org\/index.php\/2013\/07\/22\/juan-pablo-ii-discurso-comunidad-judia-de-australia-26-diciembre-1986\/","title":{"rendered":"Juan Pablo II &#8211; Discurso Comunidad Jud\u00eda de Australia 26 diciembre 1986"},"content":{"rendered":"<p align=\"center\"><b>DISCURSO DEL PAPA JUAN PABLO II <\/b><b>&nbsp;<\/b><\/p>\n<p align=\"center\"><b>A LA COMUNIDAD JUD\u00cdA DE AUSTRALIA <\/b><\/p>\n<p align=\"center\"><b> <\/b><\/p>\n<p align=\"center\">Sidney, 26 de diciembre 1986<\/p>\n<p align=\"center\">\u00a0<\/p>\n<p>A principio de este a\u00f1o tuve el placer y el privilegio de visitar la Sinagoga de Roma y de hablar con los Rabinos y la asamblea congregada. En aquella ocasi\u00f3n, di \u201cgracias y alabanza al Se\u00f1or que despleg\u00f3 el cielo y ciment\u00f3 la tierra (Is 51,16), y que ha escogido a Abraham para hacerlo padre de una multitud de hijos, numerosos como las estrellas del cielo y como la arena de la playa (Gn 22,17; cf. Is 15,5)\u201d. Le doy gracias y lo alabo porque ha tenido a bien, en el misterio de su Providencia, que este encuentro se realizase. Hoy lo alabo y le doy gracias de nuevo porque me ha proporcionado, en este gran pa\u00eds meridional, el encuentro con otro grupo de los hijos de Abraham, un grupo que es representativo de muchos jud\u00edos de Australia. \u00a1Que el os bendiga y os haga fuertes en su servicio!<\/p>\n<p>\u00a0<\/p>\n<p>Tengo entendido que la experiencia de los jud\u00edos en Australia -una experiencia que se remonta a los comienzos de la colonizaci\u00f3n blanca en 1788-, aunque ha tenido su parte de dolor, prejuicios y discriminaciones, ha disfrutado de m\u00e1s libertad civil y religiosa que en otros pa\u00edses del viejo continente. Al mismo tiempo, \u00e9ste es todav\u00eda el siglo de la Shoah, el intento inhumano y despiadado de exterminar a los jud\u00edos de Europa; y s\u00e9 que Australia dio asilo y una nueva patria a miles de refugiados y supervivientes de aquella serie horrible de sucesos. A \u00e9stos en particular les digo, como dije a vuestros hermanos y hermanas, los jud\u00edos de Roma, \u201cla Iglesia, con las palabras del bien conocido Decreto Nostra Aetate (n\u00ba 4), deplora los odios, persecuciones y manifestaciones de antisemitismo de cualquier tiempo y persona contra los jud\u00edos\u201d, repito: \u201cde cualquier persona\u201d.<\/p>\n<p>\u00a0<\/p>\n<p>Espero que este encuentro ayude a consolidar y prolongar las buenas relaciones que vosotros ten\u00e9is ya con los miembros de la comunidad cat\u00f3lica de este pa\u00eds. S\u00e9 que hay hombres y mujeres por toda Australia, tanto jud\u00edos como cat\u00f3licos, que est\u00e1n trabajando, como dije en la Sinagoga de Roma, \u201cpara que se superen los viejos prejuicios y se d\u00e9 espacio al reconocimiento cada vez m\u00e1s pleno de ese v\u00ednculo, y de ese com\u00fan patrimonio espiritual que existe entre los jud\u00edos y los cristianos\u201d. Doy gracias a Dios por esto.<\/p>\n<p>\u00a0<\/p>\n<p>Interesa a los cat\u00f3licos, y esto sigue siendo una parte expl\u00edcita y verdaderamente importante de mi misi\u00f3n, de repetir y subrayar que nuestra actitud hacia la religi\u00f3n jud\u00eda debe ser de gran respeto, pues la fe cat\u00f3lica est\u00e1 enraizada en las verdades eternas, contenidas en las Escrituras Hebreas, y en la Alianza irrevocable hecha con Abraham. Nosotros conservamos tambi\u00e9n con agradecimiento esas mismas verdades de nuestra herencia jud\u00eda, y os visitamos a vosotros como hermanos y hermanas nuestras en el Se\u00f1or.<\/p>\n<p>\u00a0<\/p>\n<p>Hacia el pueblo jud\u00edo los cat\u00f3licos deben tener no solamente respeto, sino tambi\u00e9n un gran amor fraterno; porque esta es la ense\u00f1anza de ambas Escrituras, la hebrea y la cristiana: que los jud\u00edos son amados de Dios que los ha llamado con una vocaci\u00f3n irrevocable. No se puede encontrar una justificaci\u00f3n teol\u00f3gicamente v\u00e1lida para actos de discriminaci\u00f3n o persecuci\u00f3n contra los jud\u00edos. De hecho, tales actos han de ser considerados como pecados.<\/p>\n<p>\u00a0<\/p>\n<p>Siendo francos y sinceros tenemos que reconocer el hecho de que existen todav\u00eda diferencias obvias entre nosotros, diferencias en la fe y en la pr\u00e1ctica religiosa. La diferencia fundamental est\u00e1 en nuestras respectivas visiones sobre la persona y la obra de Jes\u00fas de Nazaret. Nada nos impide, sin embargo, la cooperaci\u00f3n verdadera y fraterna en muchas empresas nobles, tales como los estudios b\u00edblicos y numerosas obras de justicia y caridad. Esas acciones comunes pueden acercarnos a\u00fan m\u00e1s \u00edntimamente en la amistad y la verdad.<\/p>\n<p>\u00a0<\/p>\n<p>Mediante la Ley y los Profetas, nosotros, igual que vosotros, hemos aprendido a considerar como elevado valor la vida humana y los derechos fundamentales e inalienables del ser humano. Hoy, la vida humana, que deber\u00e1 ser tratada como sagrada desde el momento de la concepci\u00f3n, esta amenazada de muy diferentes maneras. Las violaciones de los derechos humanos son generales. Esto provoca que lo m\u00e1s importante para toda la gente de buena voluntad sea colaborar para defender la vida, para defender la libertad de fe y pr\u00e1ctica religiosa, y para defender todas las dem\u00e1s libertades humanas fundamentales.<\/p>\n<p>\u00a0<\/p>\n<p>Finalmente, estoy seguro de que nosotros estamos de acuerdo en que, en una sociedad secularizada, hay muchas cosas consideradas como valores que nosotros no podemos aceptar. En particular, el comunismo y el materialismo se presentan frecuentemente, especialmente a los j\u00f3venes, como las respuestas a los problemas humanos. Expreso mi admiraci\u00f3n por los muchos sacrificios que vosotros hab\u00e9is hecho para conseguir escuelas religiosas para vuestros hijos, en orden a ayudarles a evaluar el mundo que les rodea desde la perspectiva de la fe en Dios. Como sab\u00e9is, los cat\u00f3licos de Australia hacen tambi\u00e9n lo mismo. En una sociedad secularizada, tales instituciones son casi siempre atacadas por una raz\u00f3n u otra. Puesto que los cat\u00f3licos y los jud\u00edos las valoran por las mismas razones, trabajemos juntos, siempre que sea posible, para proteger y promover la instrucci\u00f3n religiosa de nuestros ni\u00f1os. De esta manera podemos dar un testimonio com\u00fan del Se\u00f1or de todos.<\/p>\n<p>\u00a0<\/p>\n<p>Se\u00f1or Presidente y Miembros del Consejo Ejecutivo de los jud\u00edos australianos, les doy las gracias una vez m\u00e1s por este encuentro, y doy alabanza y gracias al Se\u00f1or con las palabras del Salmista: \u201cAlabad al Se\u00f1or todas las naciones, aclamadlo todos los pueblos. Firme es su lealtad con nosotros, y su fidelidad dura por siempre. \u00a1Alabad al Se\u00f1or!\u201d.<\/p>\n","protected":false},"excerpt":{"rendered":"<p>DISCURSO DEL PAPA JUAN PABLO II &nbsp; A LA COMUNIDAD JUD\u00cdA DE AUSTRALIA Sidney, 26 de diciembre 1986 \u00a0 A principio de este a\u00f1o tuve el placer y el privilegio de visitar la Sinagoga de Roma y de hablar con los Rabinos y la asamblea congregada. En aquella ocasi\u00f3n, di \u201cgracias y alabanza al Se\u00f1or [&hellip;]<\/p>\n","protected":false},"author":1,"featured_media":0,"comment_status":"open","ping_status":"open","sticky":false,"template":"","format":"standard","meta":{"_et_pb_use_builder":"","_et_pb_old_content":"","_et_gb_content_width":"","footnotes":""},"categories":[30],"tags":[],"class_list":["post-190","post","type-post","status-publish","format-standard","hentry","category-juan-pablo-ii-2"],"_links":{"self":[{"href":"https:\/\/cejc-madrid.org\/index.php\/wp-json\/wp\/v2\/posts\/190","targetHints":{"allow":["GET"]}}],"collection":[{"href":"https:\/\/cejc-madrid.org\/index.php\/wp-json\/wp\/v2\/posts"}],"about":[{"href":"https:\/\/cejc-madrid.org\/index.php\/wp-json\/wp\/v2\/types\/post"}],"author":[{"embeddable":true,"href":"https:\/\/cejc-madrid.org\/index.php\/wp-json\/wp\/v2\/users\/1"}],"replies":[{"embeddable":true,"href":"https:\/\/cejc-madrid.org\/index.php\/wp-json\/wp\/v2\/comments?post=190"}],"version-history":[{"count":0,"href":"https:\/\/cejc-madrid.org\/index.php\/wp-json\/wp\/v2\/posts\/190\/revisions"}],"wp:attachment":[{"href":"https:\/\/cejc-madrid.org\/index.php\/wp-json\/wp\/v2\/media?parent=190"}],"wp:term":[{"taxonomy":"category","embeddable":true,"href":"https:\/\/cejc-madrid.org\/index.php\/wp-json\/wp\/v2\/categories?post=190"},{"taxonomy":"post_tag","embeddable":true,"href":"https:\/\/cejc-madrid.org\/index.php\/wp-json\/wp\/v2\/tags?post=190"}],"curies":[{"name":"wp","href":"https:\/\/api.w.org\/{rel}","templated":true}]}}