{"id":194,"date":"2013-07-22T11:33:28","date_gmt":"2013-07-22T11:33:28","guid":{"rendered":"https:\/\/upbeat-goodall.82-223-35-84.plesk.page\/index.php\/2013\/07\/22\/juan-pablo-ii-encuentro-rabino-lau-1993\/"},"modified":"2013-07-22T11:33:28","modified_gmt":"2013-07-22T11:33:28","slug":"juan-pablo-ii-encuentro-rabino-lau-1993","status":"publish","type":"post","link":"https:\/\/cejc-madrid.org\/index.php\/2013\/07\/22\/juan-pablo-ii-encuentro-rabino-lau-1993\/","title":{"rendered":"Juan Pablo II &#8211; Encuentro Rabino Lau 1993"},"content":{"rendered":"<p style=\"text-align: center;\">ENCUENTRO DEL PAPA Y EL RABINO LAU<\/p>\n<p style=\"text-align: center;\">Octubre 1993<\/p>\n<p>&#8230;\u201dSuperadas tantas y graves incomprensiones hist\u00f3ricas, veo m\u00e1s cercano el momento de mi visita a Tierra Santa. Es profundo mi deseo de que los responsables de los creyentes, de los peregrinos a la Ciudad Santa de Jerusal\u00e9n, puedan invocar contempor\u00e1neamente al Dios de la misericordia pidiendo el don de la paz, de la comprensi\u00f3n y de la colaboraci\u00f3n entre todos los creyentes de aquella regi\u00f3n y del mundo&#8230; Espero que la Providencia me conceda un d\u00eda poder peregrinar de nuevo a Tierra Santa\u201d.<\/p>\n","protected":false},"excerpt":{"rendered":"<p>ENCUENTRO DEL PAPA Y EL RABINO LAU Octubre 1993 &#8230;\u201dSuperadas tantas y graves incomprensiones hist\u00f3ricas, veo m\u00e1s cercano el momento de mi visita a Tierra Santa. Es profundo mi deseo de que los responsables de los creyentes, de los peregrinos a la Ciudad Santa de Jerusal\u00e9n, puedan invocar contempor\u00e1neamente al Dios de la misericordia pidiendo [&hellip;]<\/p>\n","protected":false},"author":1,"featured_media":0,"comment_status":"open","ping_status":"open","sticky":false,"template":"","format":"standard","meta":{"_et_pb_use_builder":"","_et_pb_old_content":"","_et_gb_content_width":"","footnotes":""},"categories":[30],"tags":[],"class_list":["post-194","post","type-post","status-publish","format-standard","hentry","category-juan-pablo-ii-2"],"_links":{"self":[{"href":"https:\/\/cejc-madrid.org\/index.php\/wp-json\/wp\/v2\/posts\/194","targetHints":{"allow":["GET"]}}],"collection":[{"href":"https:\/\/cejc-madrid.org\/index.php\/wp-json\/wp\/v2\/posts"}],"about":[{"href":"https:\/\/cejc-madrid.org\/index.php\/wp-json\/wp\/v2\/types\/post"}],"author":[{"embeddable":true,"href":"https:\/\/cejc-madrid.org\/index.php\/wp-json\/wp\/v2\/users\/1"}],"replies":[{"embeddable":true,"href":"https:\/\/cejc-madrid.org\/index.php\/wp-json\/wp\/v2\/comments?post=194"}],"version-history":[{"count":0,"href":"https:\/\/cejc-madrid.org\/index.php\/wp-json\/wp\/v2\/posts\/194\/revisions"}],"wp:attachment":[{"href":"https:\/\/cejc-madrid.org\/index.php\/wp-json\/wp\/v2\/media?parent=194"}],"wp:term":[{"taxonomy":"category","embeddable":true,"href":"https:\/\/cejc-madrid.org\/index.php\/wp-json\/wp\/v2\/categories?post=194"},{"taxonomy":"post_tag","embeddable":true,"href":"https:\/\/cejc-madrid.org\/index.php\/wp-json\/wp\/v2\/tags?post=194"}],"curies":[{"name":"wp","href":"https:\/\/api.w.org\/{rel}","templated":true}]}}