{"id":195,"date":"2013-07-22T11:34:24","date_gmt":"2013-07-22T11:34:24","guid":{"rendered":"https:\/\/upbeat-goodall.82-223-35-84.plesk.page\/index.php\/2013\/07\/22\/juan-pablo-ii-discurso-al-rabino-jefe-de-roma-13-febrero-2003\/"},"modified":"2013-07-22T11:34:24","modified_gmt":"2013-07-22T11:34:24","slug":"juan-pablo-ii-discurso-al-rabino-jefe-de-roma-13-febrero-2003","status":"publish","type":"post","link":"https:\/\/cejc-madrid.org\/index.php\/2013\/07\/22\/juan-pablo-ii-discurso-al-rabino-jefe-de-roma-13-febrero-2003\/","title":{"rendered":"Juan Pablo II &#8211; Discurso al Rabino Jefe de Roma 13 febrero 2003"},"content":{"rendered":"<p align=\"center\"><b>DISCURSO DEL PAPA JUAN PABLO II AL <\/b><\/p>\n<p align=\"center\"><b>RABINO JEFE DE ROMA<\/b> <b>DR. RICARDO DI SEGNI<\/b><\/p>\n<p align=\"center\">Vaticano, 13 de febrero de 2003<\/p>\n<p>\u00a1Estimado rabino jefe de Roma y queridos hermanos en la fe de Abraham!<\/p>\n<p>1. Celebro encontrarle, estimado doctor Riccardo Di Segni, tras su elecci\u00f3n como rabino jefe de Roma, y le saludo cordialmente junto a los representantes que le acompa\u00f1an. Renuevo mi felicitaci\u00f3n por el importante cargo que le ha sido confiado a la vez que me es grato, en esta significativa circunstancia, recordar con profunda estima a su ilustre predecesor, el profesor Elio Toaff.<\/p>\n<p>La visita de hoy me permite subrayar el vivo deseo que alimenta la Iglesia cat\u00f3lica de hacer m\u00e1s profundos los v\u00ednculos de amistad y de rec\u00edproca colaboraci\u00f3n con la Comunidad jud\u00eda. Aqu\u00ed, en Roma, la Sinagoga, s\u00edmbolo de la fe de los Hijos de Abraham, est\u00e1 muy cerca de la Bas\u00edlica de San Pedro, centro de la Iglesia, y estoy agradecido a Dios porque me concedi\u00f3, el 13 de abril de 1986, recorrer el breve trecho que separa estos dos templos. Aquella hist\u00f3rica e inolvidable visita constituy\u00f3 un don del Omnipotente y representa una etapa importante en el camino del entendimiento entre los jud\u00edos y los cat\u00f3licos. Deseo que la memoria de aquel evento contin\u00fae ejerciendo una influencia beneficiosa, y que el camino de rec\u00edproca confianza hasta ahora recorrido incremente las relaciones entre la Comunidad cat\u00f3lica y la Comunidad jud\u00eda de Roma, que es la m\u00e1s antigua de Europa occidental.<\/p>\n<p>2. Es necesario reconocer que en el pasado nuestras dos Comunidades han vivido codo a codo, escribiendo a veces \u00abuna historia atormentada\u00bb, no exenta en algunos casos de hostilidades y desconfianzas. El documento Nostra Aetate del Concilio Vaticano II, la gradual aplicaci\u00f3n del escrito conciliar, los gestos de amistad realizados por los unos y los otros, han contribuido sin embargo en estos a\u00f1os a orientar nuestras relaciones hacia una comprensi\u00f3n rec\u00edproca cada vez mayor. Deseo que este esfuerzo prosiga, caracterizado por iniciativas de provechosa colaboraci\u00f3n en el terreno social, cultural y tecnol\u00f3gico, y que crezca la conciencia de los v\u00ednculos espirituales que nos unen.<\/p>\n<p>3. Estos d\u00edas resuenan en el mundo peligrosos clamores de guerra. Nosotros, jud\u00edos y cat\u00f3licos, advertimos la urgente misi\u00f3n de implorar de Dios Creador y Eterno la paz, y de ser nosotros mismos agentes de paz.<\/p>\n<p>\u00a1Shalom! Esta bella expresi\u00f3n, muy querida entre vosotros, significa salvaci\u00f3n, felicidad, armon\u00eda, y subraya que la paz es don de Dios; don fr\u00e1gil, puesto en manos de los hombres, y que hay que proteger gracias tambi\u00e9n al empe\u00f1o de nuestras Comunidades.<\/p>\n<p>Que Dios nos haga constructores de paz, en la conciencia de que cuando el hombre trabaja por la paz, es capaz de mejorar el mundo.<\/p>\n<p>\u00a1Shalom! Este es mi cordial deseo para usted y para toda la Comunidad jud\u00eda de Roma. Que Dios, en su bondad, nos proteja y bendiga a cada uno. Que bendiga en especial a todos los que trazan un camino de amistad y de paz entre los hombres de toda raza y cultura.<\/p>\n","protected":false},"excerpt":{"rendered":"<p>DISCURSO DEL PAPA JUAN PABLO II AL RABINO JEFE DE ROMA DR. RICARDO DI SEGNI Vaticano, 13 de febrero de 2003 \u00a1Estimado rabino jefe de Roma y queridos hermanos en la fe de Abraham! 1. Celebro encontrarle, estimado doctor Riccardo Di Segni, tras su elecci\u00f3n como rabino jefe de Roma, y le saludo cordialmente junto [&hellip;]<\/p>\n","protected":false},"author":1,"featured_media":0,"comment_status":"open","ping_status":"open","sticky":false,"template":"","format":"standard","meta":{"_et_pb_use_builder":"","_et_pb_old_content":"","_et_gb_content_width":"","footnotes":""},"categories":[30],"tags":[],"class_list":["post-195","post","type-post","status-publish","format-standard","hentry","category-juan-pablo-ii-2"],"_links":{"self":[{"href":"https:\/\/cejc-madrid.org\/index.php\/wp-json\/wp\/v2\/posts\/195","targetHints":{"allow":["GET"]}}],"collection":[{"href":"https:\/\/cejc-madrid.org\/index.php\/wp-json\/wp\/v2\/posts"}],"about":[{"href":"https:\/\/cejc-madrid.org\/index.php\/wp-json\/wp\/v2\/types\/post"}],"author":[{"embeddable":true,"href":"https:\/\/cejc-madrid.org\/index.php\/wp-json\/wp\/v2\/users\/1"}],"replies":[{"embeddable":true,"href":"https:\/\/cejc-madrid.org\/index.php\/wp-json\/wp\/v2\/comments?post=195"}],"version-history":[{"count":0,"href":"https:\/\/cejc-madrid.org\/index.php\/wp-json\/wp\/v2\/posts\/195\/revisions"}],"wp:attachment":[{"href":"https:\/\/cejc-madrid.org\/index.php\/wp-json\/wp\/v2\/media?parent=195"}],"wp:term":[{"taxonomy":"category","embeddable":true,"href":"https:\/\/cejc-madrid.org\/index.php\/wp-json\/wp\/v2\/categories?post=195"},{"taxonomy":"post_tag","embeddable":true,"href":"https:\/\/cejc-madrid.org\/index.php\/wp-json\/wp\/v2\/tags?post=195"}],"curies":[{"name":"wp","href":"https:\/\/api.w.org\/{rel}","templated":true}]}}