{"id":196,"date":"2013-07-22T11:35:09","date_gmt":"2013-07-22T11:35:09","guid":{"rendered":"https:\/\/upbeat-goodall.82-223-35-84.plesk.page\/index.php\/2013\/07\/22\/juan-pablo-ii-discurso-a-los-rabinos-jefes-de-israel-16-enero-2004\/"},"modified":"2013-07-22T11:35:09","modified_gmt":"2013-07-22T11:35:09","slug":"juan-pablo-ii-discurso-a-los-rabinos-jefes-de-israel-16-enero-2004","status":"publish","type":"post","link":"https:\/\/cejc-madrid.org\/index.php\/2013\/07\/22\/juan-pablo-ii-discurso-a-los-rabinos-jefes-de-israel-16-enero-2004\/","title":{"rendered":"Juan Pablo II &#8211; Discurso a los Rabinos Jefes de Israel 16 enero 2004"},"content":{"rendered":"<p align=\"center\"><b>DISCURSO DE SU SANTIDAD JUAN PABLO II<\/b><\/p>\n<p align=\"center\"><b>a JONA METZGHER Y SLOMO AMAR, Rabinos Jefes de Israel <\/b><\/p>\n<p align=\"center\"><b>y a Oded Wiener, Director General del Consejo de Rabinos<\/b><\/p>\n<p align=\"center\">Vaticano, 16 de enero de 2004<\/p>\n<p>\u00a0<\/p>\n<p>A lo largo de mis veinticinco a\u00f1os de pontificado me he esforzado por promover el di\u00e1logo entre cat\u00f3licos y jud\u00edos y fomentar a\u00fan m\u00e1s la comprensi\u00f3n, el respeto y la cooperaci\u00f3n entre nosotros. Uno de los hitos de mi pontificado ser\u00e1 siempre mi peregrinaci\u00f3n jubilar a Tierra Santa, que comprendio momentos intensos de recuerdo, reflexi\u00f3n y oraci\u00f3n en el Memorial del Holocausto, Yad Vashem y el Muro de las Lametaciones.<\/p>\n<p>El di\u00e1logo oficial establecido entre la Iglesia Cat\u00f3lica y el Consejo Superior de Rabinos de Israel, es un signo de gran esperanza. No debemos ahorrar esfuerzos a la hora de trabajar juntos para construir un mundo de justicia, paz y reconciliaci\u00f3n para todos los pueblos. \u00a1Que la Divina Providencia bendiga nuestra tarea y la corone con \u00e9xito!<\/p>\n<p>\u00a0<\/p>\n","protected":false},"excerpt":{"rendered":"<p>DISCURSO DE SU SANTIDAD JUAN PABLO II a JONA METZGHER Y SLOMO AMAR, Rabinos Jefes de Israel y a Oded Wiener, Director General del Consejo de Rabinos Vaticano, 16 de enero de 2004 \u00a0 A lo largo de mis veinticinco a\u00f1os de pontificado me he esforzado por promover el di\u00e1logo entre cat\u00f3licos y jud\u00edos y [&hellip;]<\/p>\n","protected":false},"author":1,"featured_media":0,"comment_status":"open","ping_status":"open","sticky":false,"template":"","format":"standard","meta":{"_et_pb_use_builder":"","_et_pb_old_content":"","_et_gb_content_width":"","footnotes":""},"categories":[30],"tags":[],"class_list":["post-196","post","type-post","status-publish","format-standard","hentry","category-juan-pablo-ii-2"],"_links":{"self":[{"href":"https:\/\/cejc-madrid.org\/index.php\/wp-json\/wp\/v2\/posts\/196","targetHints":{"allow":["GET"]}}],"collection":[{"href":"https:\/\/cejc-madrid.org\/index.php\/wp-json\/wp\/v2\/posts"}],"about":[{"href":"https:\/\/cejc-madrid.org\/index.php\/wp-json\/wp\/v2\/types\/post"}],"author":[{"embeddable":true,"href":"https:\/\/cejc-madrid.org\/index.php\/wp-json\/wp\/v2\/users\/1"}],"replies":[{"embeddable":true,"href":"https:\/\/cejc-madrid.org\/index.php\/wp-json\/wp\/v2\/comments?post=196"}],"version-history":[{"count":0,"href":"https:\/\/cejc-madrid.org\/index.php\/wp-json\/wp\/v2\/posts\/196\/revisions"}],"wp:attachment":[{"href":"https:\/\/cejc-madrid.org\/index.php\/wp-json\/wp\/v2\/media?parent=196"}],"wp:term":[{"taxonomy":"category","embeddable":true,"href":"https:\/\/cejc-madrid.org\/index.php\/wp-json\/wp\/v2\/categories?post=196"},{"taxonomy":"post_tag","embeddable":true,"href":"https:\/\/cejc-madrid.org\/index.php\/wp-json\/wp\/v2\/tags?post=196"}],"curies":[{"name":"wp","href":"https:\/\/api.w.org\/{rel}","templated":true}]}}