{"id":198,"date":"2013-07-23T11:13:58","date_gmt":"2013-07-23T11:13:58","guid":{"rendered":"https:\/\/upbeat-goodall.82-223-35-84.plesk.page\/index.php\/2013\/07\/23\/juan-pablo-ii-pesame-por-atentantado-sinagoga-de-viena-29-agosto-1980\/"},"modified":"2013-07-23T11:13:58","modified_gmt":"2013-07-23T11:13:58","slug":"juan-pablo-ii-pesame-por-atentantado-sinagoga-de-viena-29-agosto-1980","status":"publish","type":"post","link":"https:\/\/cejc-madrid.org\/index.php\/2013\/07\/23\/juan-pablo-ii-pesame-por-atentantado-sinagoga-de-viena-29-agosto-1980\/","title":{"rendered":"Juan Pablo II &#8211; P\u00e9same por atentantado Sinagoga de Viena 29 agosto 1980"},"content":{"rendered":"<p align=\"center\"><b>P\u00c9SAME DEL PAPA POR LAS V\u00cdCTIMAS DEL ATENTADO <\/b><b>&nbsp;<\/b><\/p>\n<p align=\"center\"><b>A UNA SINAGOGA DE VIENA <\/b><\/p>\n<p align=\"center\"><b> <\/b><\/p>\n<p align=\"center\">29 de agosto 1980<\/p>\n<p align=\"center\">\u00a0<\/p>\n<p>En cuanto se tuvo noticia del vil atentado perpetrado el 29 de agosto en la sinagoga de Viena, el Secretario de Estado cardenal Agostino Casaroli, envi\u00f3 en nombre del Santo Padre al cardenal Franz Koenig, arzobispo de la capital austriaca, el siguiente mensaje:<\/p>\n<p>\u00a0<\/p>\n<p>Ruego a Vuestra Eminencia transmita en nombre del Santo Padre su sincero p\u00e9same a las familias de las v\u00edctimas que han perdido la vida en el atentado a la sinagoga. Su Santidad comparte en la oraci\u00f3n el dolor y sufrimientos de los heridos, y condena en\u00e9rgicamente este nuevo acto sangriento in\u00fatil que hiere a la comunidad jud\u00eda de Austria y del mundo entero.<\/p>\n","protected":false},"excerpt":{"rendered":"<p>P\u00c9SAME DEL PAPA POR LAS V\u00cdCTIMAS DEL ATENTADO &nbsp; A UNA SINAGOGA DE VIENA 29 de agosto 1980 \u00a0 En cuanto se tuvo noticia del vil atentado perpetrado el 29 de agosto en la sinagoga de Viena, el Secretario de Estado cardenal Agostino Casaroli, envi\u00f3 en nombre del Santo Padre al cardenal Franz Koenig, arzobispo [&hellip;]<\/p>\n","protected":false},"author":1,"featured_media":0,"comment_status":"open","ping_status":"open","sticky":false,"template":"","format":"standard","meta":{"_et_pb_use_builder":"","_et_pb_old_content":"","_et_gb_content_width":"","footnotes":""},"categories":[30],"tags":[],"class_list":["post-198","post","type-post","status-publish","format-standard","hentry","category-juan-pablo-ii-2"],"_links":{"self":[{"href":"https:\/\/cejc-madrid.org\/index.php\/wp-json\/wp\/v2\/posts\/198","targetHints":{"allow":["GET"]}}],"collection":[{"href":"https:\/\/cejc-madrid.org\/index.php\/wp-json\/wp\/v2\/posts"}],"about":[{"href":"https:\/\/cejc-madrid.org\/index.php\/wp-json\/wp\/v2\/types\/post"}],"author":[{"embeddable":true,"href":"https:\/\/cejc-madrid.org\/index.php\/wp-json\/wp\/v2\/users\/1"}],"replies":[{"embeddable":true,"href":"https:\/\/cejc-madrid.org\/index.php\/wp-json\/wp\/v2\/comments?post=198"}],"version-history":[{"count":0,"href":"https:\/\/cejc-madrid.org\/index.php\/wp-json\/wp\/v2\/posts\/198\/revisions"}],"wp:attachment":[{"href":"https:\/\/cejc-madrid.org\/index.php\/wp-json\/wp\/v2\/media?parent=198"}],"wp:term":[{"taxonomy":"category","embeddable":true,"href":"https:\/\/cejc-madrid.org\/index.php\/wp-json\/wp\/v2\/categories?post=198"},{"taxonomy":"post_tag","embeddable":true,"href":"https:\/\/cejc-madrid.org\/index.php\/wp-json\/wp\/v2\/tags?post=198"}],"curies":[{"name":"wp","href":"https:\/\/api.w.org\/{rel}","templated":true}]}}