{"id":200,"date":"2013-07-23T11:15:41","date_gmt":"2013-07-23T11:15:41","guid":{"rendered":"https:\/\/upbeat-goodall.82-223-35-84.plesk.page\/index.php\/2013\/07\/23\/juan-pablo-ii-alocucion-qvisperas-europeasq-10-septiembre-1983\/"},"modified":"2013-07-23T11:15:41","modified_gmt":"2013-07-23T11:15:41","slug":"juan-pablo-ii-alocucion-qvisperas-europeasq-10-septiembre-1983","status":"publish","type":"post","link":"https:\/\/cejc-madrid.org\/index.php\/2013\/07\/23\/juan-pablo-ii-alocucion-qvisperas-europeasq-10-septiembre-1983\/","title":{"rendered":"Juan Pablo II &#8211; Alocuci\u00f3n \u00abV\u00edsperas Europeas\u00bb 10 septiembre 1983"},"content":{"rendered":"<p align=\"center\"><b>ALOCUCI\u00d3N DE JUAN PABLO II <\/b><\/p>\n<p align=\"center\"><b>DURANTE LAS \u201cV\u00cdSPERAS EUROPEAS\u201d <\/b><\/p>\n<p align=\"center\"><b> <\/b><\/p>\n<p align=\"center\">Viena, 10 de septiembre 1983<\/p>\n<p align=\"center\">\u00a0<\/p>\n<p>&#8230; Si es cierto que podemos gloriarnos justamente en Nuestro Se\u00f1or Jesucristo y en su mensaje, tambi\u00e9n lo es que debemos reconocer y pedir perd\u00f3n porque nosotros, los cristianos, hemos cargado culpas sobre nosotros -de pensamiento, palabra y obra- y por nuestra actitud pasiva frente a la injusticia&#8230;<\/p>\n<p>\u00a0<\/p>\n<p>La comunidad jud\u00eda, ligada en otra \u00e9poca de forma tan fecunda con los pueblos de Europa y ahora tan tr\u00e1gicamente diezmada, nos exhorta, precisamente por ello, a aprovechar cualquier circunstancia para acercarnos unos a otros humana y espiritualmente y comparecer unidos ante Dios y desde El servir a los hombres.<\/p>\n","protected":false},"excerpt":{"rendered":"<p>ALOCUCI\u00d3N DE JUAN PABLO II DURANTE LAS \u201cV\u00cdSPERAS EUROPEAS\u201d Viena, 10 de septiembre 1983 \u00a0 &#8230; Si es cierto que podemos gloriarnos justamente en Nuestro Se\u00f1or Jesucristo y en su mensaje, tambi\u00e9n lo es que debemos reconocer y pedir perd\u00f3n porque nosotros, los cristianos, hemos cargado culpas sobre nosotros -de pensamiento, palabra y obra- y [&hellip;]<\/p>\n","protected":false},"author":1,"featured_media":0,"comment_status":"open","ping_status":"open","sticky":false,"template":"","format":"standard","meta":{"_et_pb_use_builder":"","_et_pb_old_content":"","_et_gb_content_width":"","footnotes":""},"categories":[30],"tags":[],"class_list":["post-200","post","type-post","status-publish","format-standard","hentry","category-juan-pablo-ii-2"],"_links":{"self":[{"href":"https:\/\/cejc-madrid.org\/index.php\/wp-json\/wp\/v2\/posts\/200","targetHints":{"allow":["GET"]}}],"collection":[{"href":"https:\/\/cejc-madrid.org\/index.php\/wp-json\/wp\/v2\/posts"}],"about":[{"href":"https:\/\/cejc-madrid.org\/index.php\/wp-json\/wp\/v2\/types\/post"}],"author":[{"embeddable":true,"href":"https:\/\/cejc-madrid.org\/index.php\/wp-json\/wp\/v2\/users\/1"}],"replies":[{"embeddable":true,"href":"https:\/\/cejc-madrid.org\/index.php\/wp-json\/wp\/v2\/comments?post=200"}],"version-history":[{"count":0,"href":"https:\/\/cejc-madrid.org\/index.php\/wp-json\/wp\/v2\/posts\/200\/revisions"}],"wp:attachment":[{"href":"https:\/\/cejc-madrid.org\/index.php\/wp-json\/wp\/v2\/media?parent=200"}],"wp:term":[{"taxonomy":"category","embeddable":true,"href":"https:\/\/cejc-madrid.org\/index.php\/wp-json\/wp\/v2\/categories?post=200"},{"taxonomy":"post_tag","embeddable":true,"href":"https:\/\/cejc-madrid.org\/index.php\/wp-json\/wp\/v2\/tags?post=200"}],"curies":[{"name":"wp","href":"https:\/\/api.w.org\/{rel}","templated":true}]}}