{"id":201,"date":"2013-07-23T11:16:47","date_gmt":"2013-07-23T11:16:47","guid":{"rendered":"https:\/\/upbeat-goodall.82-223-35-84.plesk.page\/index.php\/2013\/07\/23\/juan-pablo-ii-al-consejo-internacional-de-judios-y-cristianos-julio-1984\/"},"modified":"2013-07-23T11:16:47","modified_gmt":"2013-07-23T11:16:47","slug":"juan-pablo-ii-al-consejo-internacional-de-judios-y-cristianos-julio-1984","status":"publish","type":"post","link":"https:\/\/cejc-madrid.org\/index.php\/2013\/07\/23\/juan-pablo-ii-al-consejo-internacional-de-judios-y-cristianos-julio-1984\/","title":{"rendered":"Juan Pablo II &#8211; Al Consejo Internacional de Jud\u00edos y Cristianos julio 1984"},"content":{"rendered":"<p align=\"center\"><b>PALABRAS DE JUAN PABLO II <\/b><\/p>\n<p align=\"center\"><b>AL CONSEJO INTERNACIONAL DE JUD\u00cdOS Y CRISTIANOS <\/b><\/p>\n<p align=\"center\"><b> <\/b><\/p>\n<p align=\"center\">Julio 1984<\/p>\n<p align=\"center\">\u00a0<\/p>\n<p>Queridos amigos, Se\u00f1or Presidente y miembros del Comit\u00e9 Ejecutivo del Consejo Internacional de Cristianos y Jud\u00edos:<\/p>\n<p>\u00a0<\/p>\n<p>1. Le doy las gracias, Se\u00f1or Presidente, por sus afectuosas palabras de saludo, en las cuales me acaba de presentar los prop\u00f3sitos, trabajos y competencias del Consejo Internacional de Cristianos y Jud\u00edos. Y doy tambi\u00e9n las gracias a ustedes, miembros del Comit\u00e9 Ejecutivo, por su cortes\u00eda al visitar al Papa con ocasi\u00f3n de su Coloquio Internacional, que tendr\u00e1 lugar en Vallambrosa la pr\u00f3xima semana. Bienvenidos a esta casa, donde las actividades de quienes promueven el di\u00e1logo entre cristianos y jud\u00edos y est\u00e1n personalmente comprometidos en \u00e9l, son seguidas de cerca y apoyadas calurosamente. Verdaderamente, es s\u00f3lo por medio de un tal encuentro de mentes y corazones, extendido fuera de nuestras respectivas comunidades de fe, y tambi\u00e9n quiz\u00e1 a otras comunidades de fe, como ustedes intentan hacer con el Islam, como tanto jud\u00edos como cristianos pueden aprovechar su \u201cgran patrimonio com\u00fan espiritual\u201d (cf. Nostra Aetate, 4) y hacerlo fruct\u00edfero para su propio bien y para el bien del mundo.<\/p>\n<p>\u00a0<\/p>\n<p>2. Si, un \u201cgran patrimonio com\u00fan espiritual\u201d que ser\u00eda, en primer lugar, tra\u00eddo al conocimiento de todos los cristianos y jud\u00edos y que abarca no solamente tal o cual aislado elemento, sino una s\u00f3lida, fruct\u00edfera, rica herencia religiosa com\u00fan: en monote\u00edsmo; en fe en un Dios que como un padre amoroso cuida del genero humano y escogi\u00f3 a Abraham y a los profetas y envi\u00f3 a Jes\u00fas al mundo; en un com\u00fan patr\u00f3n lit\u00fargico b\u00e1sico y en una conciencia de nuestro compromiso, fundado en la fe, hacia todos los hombres y mujeres necesitados, que son nuestros \u201cpr\u00f3jimos\u201d (Cf. Lv 19,18 a; Mc 12,31 y paralelos).<\/p>\n<p>\u00a0<\/p>\n<p>A causa de estar tan comprometidos en la educaci\u00f3n religiosa de ambas partes, las im\u00e1genes que cada uno de nosotros se forma del otro deber\u00edan estar realmente libres de estereotipos y prejuicios, deber\u00edan respetar la identidad del otro y deber\u00edan, de hecho, preparar a la gente para los encuentros de mentes y corazones reci\u00e9n mencionados. La adecuada ense\u00f1anza de la historia es tambi\u00e9n una tarea de ustedes. Tal tarea es muy comprensible dada la triste y enredada historia com\u00fan de jud\u00edos y cristianos (historia que no es siempre ense\u00f1ada o transmitida correctamente).<\/p>\n<p>\u00a0<\/p>\n<p>3. Existe de nuevo el peligro de una siempre activa y a veces incluso renovada tendencia a hacer discriminaci\u00f3n entre personas y grupos humanos, supervalorando unos y despreciando otros. Tendencia que no duda en ocasiones en usar m\u00e9todos violentos.<\/p>\n<p>\u00a0<\/p>\n<p>Detectar y denunciar tales hechos y permanecer juntos contra ellos es una doble acci\u00f3n y una prueba de nuestro mutuo compromiso fraternal. Pero es necesario ir hasta las ra\u00edces de tal mal, por medio de la educaci\u00f3n, especialmente educaci\u00f3n para el di\u00e1logo. Esto, sin embargo, no ser\u00eda suficiente si no fuese conectado con un profundo cambio en nuestro coraz\u00f3n, una verdadera conversi\u00f3n espiritual. Esto significa tambi\u00e9n un constante reafirmar los valores religiosos comunes y trabajar en orden a un personal compromiso religioso de amor a Dios, nuestro Padre, y de amor a todos los hombres y mujeres ( cf Dt 6,5; Lv 19,18; Mc 12,28-34). La regla de oro, estamos bien enterados, es com\u00fan a jud\u00edos y cristianos igualmente.<\/p>\n<p>\u00a0<\/p>\n<p>En este contexto debe verse su importante trabajo con la juventud. Posibilitando reunirse a j\u00f3venes cristianos y jud\u00edos, y capacit\u00e1ndoles a vivir, charlar, cantar y rezar juntos, ustedes contribuyen grandemente a la creaci\u00f3n de una nueva generaci\u00f3n de hombres y mujeres, mutuamente comprometidos por cualquier otro y por todos, preparados a servir a quienes lo necesitan, sea cual sea su profesi\u00f3n religiosa, origen \u00e9tnico o color.<\/p>\n<p>\u00a0<\/p>\n<p>La paz del mundo se construye en esta modesta, aparentemente insignificante manera. Y estamos todos comprometidos por la paz en todas partes, entre las naciones y dentro de ellas, en particular en el Oriente Medio.<\/p>\n<p>\u00a0<\/p>\n<p>4. El com\u00fan estudio de nuestras fuentes religiosas es de nuevo uno de los puntos de su agenda. Les animo a una buena aplicaci\u00f3n de la importante recomendaci\u00f3n hecha por el Concilio Vaticano Segundo en su declaraci\u00f3n Nostra Aetate, n.4, sobre \u201cestudios b\u00edblicos y teol\u00f3gicos\u201d que son fuente de \u201cmutuo conocimiento y aprecio\u201d. De hecho tales estudios realizados en com\u00fan, y totalmente diferentes de las antiguas \u201ccontroversias\u201d, favorecen el verdadero conocimiento de cada religi\u00f3n, y tambi\u00e9n el alegre descubrimiento del \u201ccom\u00fan patrimonio\u201d del que hablaba al comienzo, siempre en una cuidadosa observancia de la dignidad del otro.<\/p>\n<p>\u00a0<\/p>\n<p>Que el Se\u00f1or bendiga todos sus esfuerzos y les recompense con la bienaventuranza que Jes\u00fas proclam\u00f3 en la tradici\u00f3n del Antiguo Testamento, para aquellos que trabajan por la paz (cf Mt 5,9; Sal 37 (36), 37).<\/p>\n","protected":false},"excerpt":{"rendered":"<p>PALABRAS DE JUAN PABLO II AL CONSEJO INTERNACIONAL DE JUD\u00cdOS Y CRISTIANOS Julio 1984 \u00a0 Queridos amigos, Se\u00f1or Presidente y miembros del Comit\u00e9 Ejecutivo del Consejo Internacional de Cristianos y Jud\u00edos: \u00a0 1. Le doy las gracias, Se\u00f1or Presidente, por sus afectuosas palabras de saludo, en las cuales me acaba de presentar los prop\u00f3sitos, trabajos [&hellip;]<\/p>\n","protected":false},"author":1,"featured_media":0,"comment_status":"open","ping_status":"open","sticky":false,"template":"","format":"standard","meta":{"_et_pb_use_builder":"","_et_pb_old_content":"","_et_gb_content_width":"","footnotes":""},"categories":[30],"tags":[],"class_list":["post-201","post","type-post","status-publish","format-standard","hentry","category-juan-pablo-ii-2"],"_links":{"self":[{"href":"https:\/\/cejc-madrid.org\/index.php\/wp-json\/wp\/v2\/posts\/201","targetHints":{"allow":["GET"]}}],"collection":[{"href":"https:\/\/cejc-madrid.org\/index.php\/wp-json\/wp\/v2\/posts"}],"about":[{"href":"https:\/\/cejc-madrid.org\/index.php\/wp-json\/wp\/v2\/types\/post"}],"author":[{"embeddable":true,"href":"https:\/\/cejc-madrid.org\/index.php\/wp-json\/wp\/v2\/users\/1"}],"replies":[{"embeddable":true,"href":"https:\/\/cejc-madrid.org\/index.php\/wp-json\/wp\/v2\/comments?post=201"}],"version-history":[{"count":0,"href":"https:\/\/cejc-madrid.org\/index.php\/wp-json\/wp\/v2\/posts\/201\/revisions"}],"wp:attachment":[{"href":"https:\/\/cejc-madrid.org\/index.php\/wp-json\/wp\/v2\/media?parent=201"}],"wp:term":[{"taxonomy":"category","embeddable":true,"href":"https:\/\/cejc-madrid.org\/index.php\/wp-json\/wp\/v2\/categories?post=201"},{"taxonomy":"post_tag","embeddable":true,"href":"https:\/\/cejc-madrid.org\/index.php\/wp-json\/wp\/v2\/tags?post=201"}],"curies":[{"name":"wp","href":"https:\/\/api.w.org\/{rel}","templated":true}]}}