{"id":204,"date":"2013-07-23T11:18:59","date_gmt":"2013-07-23T11:18:59","guid":{"rendered":"https:\/\/upbeat-goodall.82-223-35-84.plesk.page\/index.php\/2013\/07\/23\/juan-pablo-ii-consejo-britanico-para-los-cristianos-y-los-judios-16-noviembre-1990\/"},"modified":"2013-07-23T11:18:59","modified_gmt":"2013-07-23T11:18:59","slug":"juan-pablo-ii-consejo-britanico-para-los-cristianos-y-los-judios-16-noviembre-1990","status":"publish","type":"post","link":"https:\/\/cejc-madrid.org\/index.php\/2013\/07\/23\/juan-pablo-ii-consejo-britanico-para-los-cristianos-y-los-judios-16-noviembre-1990\/","title":{"rendered":"Juan Pablo II &#8211; Consejo Brit\u00e1nico para los cristianos y los jud\u00edos 16 noviembre 1990"},"content":{"rendered":"<p align=\"center\"><b>ENCUENTRO DEL PAPA CON EL CONSEJO BRIT\u00c1NICO <\/b><b>&nbsp;<\/b><\/p>\n<p align=\"center\"><b>PARA LOS CRISTIANOS Y LOS JUD\u00cdOS <\/b><\/p>\n<p align=\"center\"><b> <\/b><\/p>\n<p align=\"center\">Vaticano, 16 de noviembre 1990<\/p>\n<p align=\"center\">\u00a0<\/p>\n<p>Me complace dar la bienvenida al Vaticano a los miembros del Consejo Brit\u00e1nico para los Cristianos y los Jud\u00edos; os recibo con una palabra llena de gozo, que encierra un significado profundo: \u00a1Shalom!.<\/p>\n<p>\u00a0<\/p>\n<p>La paz es, por encima de todo un don de Dios, la plenitud de la redenci\u00f3n para la humanidad y para toda la creaci\u00f3n. Esta paz, que hoy est\u00e1 seriamente amenazada, es al mismo tiempo algo que forma parte de la naturaleza racional y moral del hombre y la mujer, creados a imagen y semejanza de Dios. En el orden humano, la paz exige e implica justicia y misericordia, y culmina en el amor a Dios y al pr\u00f3jimo, que representa la culminaci\u00f3n de la ense\u00f1anza de la Ley y de los Profetas.<\/p>\n<p>\u00a0<\/p>\n<p>Jes\u00fas mismo afirma sobre esto: \u201cNo pens\u00e9is que he venido a abolir la Ley y los Profetas. No he venido a abolir, sino a dar cumplimiento\u201d (Mt 5,17). \u00a1El patrimonio espiritual que comparten los cristianos y el pueblo jud\u00edo es realmente grande! (cf. Nostra Aetate n\u00ba 4). Por esta raz\u00f3n, durante el periodo que sigui\u00f3 al Concilio Vaticano II, la cooperaci\u00f3n entre los cristianos y los jud\u00edos se hizo cada vez m\u00e1s intensa, y me siento muy satisfecho de que estos importantes contactos sigan adelante, como por ejemplo el reciente encuentro que tuvo lugar en Praga.<\/p>\n<p>\u00a0<\/p>\n<p>Durante el decimotercer encuentro del Comit\u00e9 Coordinador Internacional Cat\u00f3lico-Jud\u00edo se abordaron los temas del antisemitismo y de la Shoah, al tiempo que la cuesti\u00f3n m\u00e1s vasta de los derechos humanos. Se reconoci\u00f3 justamente que el antisemitismo y todas las formas de racismo son un \u201cpecado contra Dios y la humanidad\u201d y que como tales se deben rechazar y condenar&#8230; Aliento de todo coraz\u00f3n al Consejo Brit\u00e1nico para los Cristianos y los Jud\u00edos a proseguir activamente la intensificaci\u00f3n del di\u00e1logo amistoso, la comprensi\u00f3n fraterna y el intercambio de los valores espirituales&#8230;<\/p>\n<p>\u00a0<\/p>\n<p>Con vosotros y con todos los herederos de la fe de Abraham&#8230; elevo la oraci\u00f3n del salmista: \u201cPedid la paz para Jerusalem\u201d&#8230;<\/p>\n<p>\u00a0<\/p>\n","protected":false},"excerpt":{"rendered":"<p>ENCUENTRO DEL PAPA CON EL CONSEJO BRIT\u00c1NICO &nbsp; PARA LOS CRISTIANOS Y LOS JUD\u00cdOS Vaticano, 16 de noviembre 1990 \u00a0 Me complace dar la bienvenida al Vaticano a los miembros del Consejo Brit\u00e1nico para los Cristianos y los Jud\u00edos; os recibo con una palabra llena de gozo, que encierra un significado profundo: \u00a1Shalom!. \u00a0 La [&hellip;]<\/p>\n","protected":false},"author":1,"featured_media":0,"comment_status":"open","ping_status":"open","sticky":false,"template":"","format":"standard","meta":{"_et_pb_use_builder":"","_et_pb_old_content":"","_et_gb_content_width":"","footnotes":""},"categories":[30],"tags":[],"class_list":["post-204","post","type-post","status-publish","format-standard","hentry","category-juan-pablo-ii-2"],"_links":{"self":[{"href":"https:\/\/cejc-madrid.org\/index.php\/wp-json\/wp\/v2\/posts\/204","targetHints":{"allow":["GET"]}}],"collection":[{"href":"https:\/\/cejc-madrid.org\/index.php\/wp-json\/wp\/v2\/posts"}],"about":[{"href":"https:\/\/cejc-madrid.org\/index.php\/wp-json\/wp\/v2\/types\/post"}],"author":[{"embeddable":true,"href":"https:\/\/cejc-madrid.org\/index.php\/wp-json\/wp\/v2\/users\/1"}],"replies":[{"embeddable":true,"href":"https:\/\/cejc-madrid.org\/index.php\/wp-json\/wp\/v2\/comments?post=204"}],"version-history":[{"count":0,"href":"https:\/\/cejc-madrid.org\/index.php\/wp-json\/wp\/v2\/posts\/204\/revisions"}],"wp:attachment":[{"href":"https:\/\/cejc-madrid.org\/index.php\/wp-json\/wp\/v2\/media?parent=204"}],"wp:term":[{"taxonomy":"category","embeddable":true,"href":"https:\/\/cejc-madrid.org\/index.php\/wp-json\/wp\/v2\/categories?post=204"},{"taxonomy":"post_tag","embeddable":true,"href":"https:\/\/cejc-madrid.org\/index.php\/wp-json\/wp\/v2\/tags?post=204"}],"curies":[{"name":"wp","href":"https:\/\/api.w.org\/{rel}","templated":true}]}}