{"id":205,"date":"2013-07-23T11:19:48","date_gmt":"2013-07-23T11:19:48","guid":{"rendered":"https:\/\/upbeat-goodall.82-223-35-84.plesk.page\/index.php\/2013\/07\/23\/juan-pablo-ii-discurso-a-los-obispos-alemanes-diciembre-1992\/"},"modified":"2013-07-23T11:19:48","modified_gmt":"2013-07-23T11:19:48","slug":"juan-pablo-ii-discurso-a-los-obispos-alemanes-diciembre-1992","status":"publish","type":"post","link":"https:\/\/cejc-madrid.org\/index.php\/2013\/07\/23\/juan-pablo-ii-discurso-a-los-obispos-alemanes-diciembre-1992\/","title":{"rendered":"Juan Pablo II &#8211; Discurso a los Obispos Alemanes diciembre 1992"},"content":{"rendered":"<p align=\"center\"><b>DISCURSO DE JUAN PABLO II <\/b><\/p>\n<p align=\"center\"><b>A LOS OBISPOS ALEMANES <\/b><\/p>\n<p align=\"center\"><b> <\/b><\/p>\n<p align=\"center\">Diciembre 1992<\/p>\n<p align=\"center\">\u00a0<\/p>\n<p align=\"center\">\u00a0<\/p>\n<p><span style=\"text-decoration: underline;\">Defender a los jud\u00edos:<\/span> Deseo exhortaros a comprometeros de modo particular en la protecci\u00f3n de nuestros hermanos jud\u00edos. La violaci\u00f3n de sinagogas y los ataques contra los monumentos conmemorativos que, vista su historia dolorosa, son de gran importancia para los jud\u00edos, no pueden tolerarse de ning\u00fan modo.<\/p>\n<p>\u00a0<\/p>\n<p>Los padres del Concilio Vaticano II eran conscientes de la particular relaci\u00f3n que debe existir entre cristianos y jud\u00edos, cuando afirmaron en la Declaraci\u00f3n sobre las Relaciones de la Iglesia con las religiones no cristianas: \u201cComo es, por consiguiente, tan grande el patrimonio espiritual com\u00fan a cristianos y jud\u00edos, este sagrado concilio quiere fomentar y recomendar el mutuo conocimiento y aprecio entre ellos, que se consigue, sobre todo, por medio de los estudios b\u00edblicos y teol\u00f3gicos y con el di\u00e1logo fraterno\u201d (Nostra Aetate, 4). Deb\u00e9is, por tanto esforzaros para lograr que vuestros compatriotas jud\u00edos no se desalienten, sino que permanezcan en vuestra patria, que es tambi\u00e9n su patria, y sigan participando de su vida religiosa, cultural y cient\u00edfica.<\/p>\n<p>\u00a0<\/p>\n","protected":false},"excerpt":{"rendered":"<p>DISCURSO DE JUAN PABLO II A LOS OBISPOS ALEMANES Diciembre 1992 \u00a0 \u00a0 Defender a los jud\u00edos: Deseo exhortaros a comprometeros de modo particular en la protecci\u00f3n de nuestros hermanos jud\u00edos. La violaci\u00f3n de sinagogas y los ataques contra los monumentos conmemorativos que, vista su historia dolorosa, son de gran importancia para los jud\u00edos, no [&hellip;]<\/p>\n","protected":false},"author":1,"featured_media":0,"comment_status":"open","ping_status":"open","sticky":false,"template":"","format":"standard","meta":{"_et_pb_use_builder":"","_et_pb_old_content":"","_et_gb_content_width":"","footnotes":""},"categories":[30],"tags":[],"class_list":["post-205","post","type-post","status-publish","format-standard","hentry","category-juan-pablo-ii-2"],"_links":{"self":[{"href":"https:\/\/cejc-madrid.org\/index.php\/wp-json\/wp\/v2\/posts\/205","targetHints":{"allow":["GET"]}}],"collection":[{"href":"https:\/\/cejc-madrid.org\/index.php\/wp-json\/wp\/v2\/posts"}],"about":[{"href":"https:\/\/cejc-madrid.org\/index.php\/wp-json\/wp\/v2\/types\/post"}],"author":[{"embeddable":true,"href":"https:\/\/cejc-madrid.org\/index.php\/wp-json\/wp\/v2\/users\/1"}],"replies":[{"embeddable":true,"href":"https:\/\/cejc-madrid.org\/index.php\/wp-json\/wp\/v2\/comments?post=205"}],"version-history":[{"count":0,"href":"https:\/\/cejc-madrid.org\/index.php\/wp-json\/wp\/v2\/posts\/205\/revisions"}],"wp:attachment":[{"href":"https:\/\/cejc-madrid.org\/index.php\/wp-json\/wp\/v2\/media?parent=205"}],"wp:term":[{"taxonomy":"category","embeddable":true,"href":"https:\/\/cejc-madrid.org\/index.php\/wp-json\/wp\/v2\/categories?post=205"},{"taxonomy":"post_tag","embeddable":true,"href":"https:\/\/cejc-madrid.org\/index.php\/wp-json\/wp\/v2\/tags?post=205"}],"curies":[{"name":"wp","href":"https:\/\/api.w.org\/{rel}","templated":true}]}}