{"id":209,"date":"2013-07-23T11:23:50","date_gmt":"2013-07-23T11:23:50","guid":{"rendered":"https:\/\/upbeat-goodall.82-223-35-84.plesk.page\/index.php\/2013\/07\/23\/juan-pablo-ii-discurso-al-congreso-judio-mundial-22-mayo-2003\/"},"modified":"2013-07-23T11:23:50","modified_gmt":"2013-07-23T11:23:50","slug":"juan-pablo-ii-discurso-al-congreso-judio-mundial-22-mayo-2003","status":"publish","type":"post","link":"https:\/\/cejc-madrid.org\/index.php\/2013\/07\/23\/juan-pablo-ii-discurso-al-congreso-judio-mundial-22-mayo-2003\/","title":{"rendered":"Juan Pablo II &#8211; Discurso al Congreso Jud\u00edo Mundial 22 mayo 2003"},"content":{"rendered":"<p>DISCURSO DE SU SANTIDAD JUAN PABLO II <br \/>al CONGRESO MUNDIAL JUD\u00cdO <br \/>Vaticano, 22 de mayo de 2003<\/p>\n<p>Mensaje del Santo Padre al recibir a quince representantes del Congreso Mundial Jud\u00edo y del Comit\u00e9 Internacional Jud\u00edo para las Relaciones Interreligiosas:<br \/> \u00abSiento un gran placer al recibir en el Vaticano a distinguidos representantes del Congreso Mundial Jud\u00edo y del Comit\u00e9 Internacional Jud\u00edo para las Relaciones Interreligiosas. Vuestra visita me trae a la memoria los lazos de amistad que se han desarrollado desde que el Concilio Vaticano II emiti\u00f3 la Declaraci\u00f3n Nostra Aetate y puso nuevas y positivas bases a las relaciones entre jud\u00edos y cat\u00f3licos.<br \/> La Palabra de Dios es una l\u00e1mpara y una luz en nuestro camino; nos mantiene vivos y nos da nueva vida (Ps 119,105-107). La Palabra fue dada a nuestros hermanos y hermanas jud\u00edos especialmente en la Tor\u00e1. Para los cristianos esta Palabra encuentra su cumplimiento en Jesucristo. Aunque mantenemos e interpretamos esta herencia de forma diferente, las dos comunidades nos sentimos obligadas a dar testimonio de la paternidad de Dios y de su amor hacia todas las criaturas.<br \/> Aunque el mundo de hoy est\u00e1 con frecuencia marcado por la violencia, la represi\u00f3n y la explotaci\u00f3n, estas realidades no representan la \u00faltima palabra sobre el destino humano. Dios promete un Nuevo Cielo y una Nueva Tierra (Is 65,17; Apoc 21,1). Sabemos que Dios enjugar\u00e1 todas las l\u00e1grimas (Is 25,28) y que desaparecer\u00e1 toda aflicci\u00f3n y todo dolor (Apoc 21,4). Jud\u00edos y cristianos creemos que nuestras vidas son un viaje hacia el cumplimiento de las promesas de Dios.<br \/> A la luz de la herencia religiosa com\u00fan que compartimos, podemos considerar esta oportunidad como un desaf\u00edo para realizar esfuerzos conjuntos por la paz y la justicia en nuestro mundo. La defensa de la dignidad de cada ser humano, hecho a imagen y semejanza de Dios, es una causa que debe comprometer a todos los creyentes. Este modo de colaboraci\u00f3n pr\u00e1ctica entre cristianos y jud\u00edos requiere valor y visi\u00f3n, y tambi\u00e9n confianza en que es Dios quien saca el bien a partir de nuestros esfuerzos: \u00abSi el Se\u00f1or no construye la casa, los que la construyen trabajan en vano\u00bb (Ps 127,1). Queridos amigos, quiero infundiros \u00e1nimo en vuestro compromiso para ayudar a los ni\u00f1os que sufren en Argentina. Es mi ferviente esperanza y oraci\u00f3n que el Todopoderoso bendiga todos vuestros proyectos. Que \u00c9l os acompa\u00f1e y gu\u00ede vuestros pasos en el camino de la paz\u00bb (Lc 1,79)<\/p>\n","protected":false},"excerpt":{"rendered":"<p>DISCURSO DE SU SANTIDAD JUAN PABLO II al CONGRESO MUNDIAL JUD\u00cdO Vaticano, 22 de mayo de 2003 Mensaje del Santo Padre al recibir a quince representantes del Congreso Mundial Jud\u00edo y del Comit\u00e9 Internacional Jud\u00edo para las Relaciones Interreligiosas: \u00abSiento un gran placer al recibir en el Vaticano a distinguidos representantes del Congreso Mundial Jud\u00edo [&hellip;]<\/p>\n","protected":false},"author":1,"featured_media":0,"comment_status":"open","ping_status":"open","sticky":false,"template":"","format":"standard","meta":{"_et_pb_use_builder":"","_et_pb_old_content":"","_et_gb_content_width":"","footnotes":""},"categories":[30],"tags":[],"class_list":["post-209","post","type-post","status-publish","format-standard","hentry","category-juan-pablo-ii-2"],"_links":{"self":[{"href":"https:\/\/cejc-madrid.org\/index.php\/wp-json\/wp\/v2\/posts\/209","targetHints":{"allow":["GET"]}}],"collection":[{"href":"https:\/\/cejc-madrid.org\/index.php\/wp-json\/wp\/v2\/posts"}],"about":[{"href":"https:\/\/cejc-madrid.org\/index.php\/wp-json\/wp\/v2\/types\/post"}],"author":[{"embeddable":true,"href":"https:\/\/cejc-madrid.org\/index.php\/wp-json\/wp\/v2\/users\/1"}],"replies":[{"embeddable":true,"href":"https:\/\/cejc-madrid.org\/index.php\/wp-json\/wp\/v2\/comments?post=209"}],"version-history":[{"count":0,"href":"https:\/\/cejc-madrid.org\/index.php\/wp-json\/wp\/v2\/posts\/209\/revisions"}],"wp:attachment":[{"href":"https:\/\/cejc-madrid.org\/index.php\/wp-json\/wp\/v2\/media?parent=209"}],"wp:term":[{"taxonomy":"category","embeddable":true,"href":"https:\/\/cejc-madrid.org\/index.php\/wp-json\/wp\/v2\/categories?post=209"},{"taxonomy":"post_tag","embeddable":true,"href":"https:\/\/cejc-madrid.org\/index.php\/wp-json\/wp\/v2\/tags?post=209"}],"curies":[{"name":"wp","href":"https:\/\/api.w.org\/{rel}","templated":true}]}}