{"id":210,"date":"2013-07-23T11:24:40","date_gmt":"2013-07-23T11:24:40","guid":{"rendered":"https:\/\/upbeat-goodall.82-223-35-84.plesk.page\/index.php\/2013\/07\/23\/juan-pablo-ii-ecclesia-in-europa-28-junio-2003\/"},"modified":"2013-07-23T11:24:40","modified_gmt":"2013-07-23T11:24:40","slug":"juan-pablo-ii-ecclesia-in-europa-28-junio-2003","status":"publish","type":"post","link":"https:\/\/cejc-madrid.org\/index.php\/2013\/07\/23\/juan-pablo-ii-ecclesia-in-europa-28-junio-2003\/","title":{"rendered":"Juan Pablo II &#8211; Ecclesia in Europa 28 junio 2003"},"content":{"rendered":"<p>ECCLESIA IN EUROPA<\/p>\n<p>Exhortaci\u00f3n apost\u00f3lica postsinodal de Juan Pablo II a los Obispos, a los presb\u00edteros y di\u00e1conos, a los consagrados y a todos los fieles laicos sobre Jesucristo vivo en su Iglesia, fuente de esperanza para Europa.<br \/> 28 de junio de 2003<br \/>&#8212;&#8212;<br \/>56. Se trata m\u00e1s bien de tomar mayor conciencia de la relaci\u00f3n que une a la Iglesia con el pueblo jud\u00edo y del papel singular desempe\u00f1ado por Israel en la historia de la salvaci\u00f3n. Como ya se hizo notar en la I Asamblea Especial para Europa del S\u00ednodo de los Obispos y se ha reiterado tambi\u00e9n en este S\u00ednodo, se han de reconocer las ra\u00edces comunes existentes entre el cristianismo y el pueblo jud\u00edo, llamado por Dios a una alianza que sigue siendo irrevocable (cf. Rm 11,29)[101] y que ha alcanzado su plenitud definitiva en Cristo.<br \/> Es necesario, pues, favorecer el di\u00e1logo con el hebra\u00edsmo, sabiendo que \u00e9ste tiene una importancia fundamental para la conciencia cristiana de s\u00ed misma y para superar las divisiones entre las Iglesias, y esforzarse para que florezca una nueva primavera en las relaciones rec\u00edprocas. Esto comporta que cada comunidad eclesial debe ejercitarse, en cuanto las circunstancias lo permitan, en el di\u00e1logo y la colaboraci\u00f3n con los creyentes de religi\u00f3n hebrea. Dicho ejercicio implica, entre otras cosas, que \u00abse recuerde la parte que hayan podido desempe\u00f1ar los hijos de la Iglesia en el nacimiento y difusi\u00f3n de una actitud antisemita en la historia, y que pida perd\u00f3n a Dios por ello, favoreciendo toda suerte de encuentros de reconciliaci\u00f3n y de amistad con los hijos de Israel\u00bb[102]. En este contexto, por lo dem\u00e1s, habr\u00e1 que recordar tambi\u00e9n a los numerosos cristianos que, a veces a costa de la propia vida, sobre todo en periodos de persecuci\u00f3n, han ayudado y salvado a estos \u00abhermanos mayores\u00bb suyos<\/p>\n<p>________________________________________<br \/>[100] Carta enc. Redemptoris missio (7 diciembre 1990), 36 l.c., 281<br \/>[101] Declaraci\u00f3n Final (13 diciembre 1991) II Asamblea especial para Europa del S\u00ednodo de los Obispos, Instrumentum laboris, 62; Propositio, 10.<br \/>[102] Propositio 10 ; cf. Comisi\u00f3n para las Relaciones religiosas con el hebra\u00edsmo; Nosotros recordamos: una reflexi\u00f3n sobre la Shoah, 17 marzo 1998.<br \/>[103] I Asamblea especial para Europa del S\u00ednodo de Obispos, Declaraci\u00f3n final (13 diciembre 1991)<br \/>[104] Cf. Propositio 11.<br \/>[105] Cf. ib\u00edd.<br \/>[106] Discurso al Cuerpo Diplom\u00e1tico (12 enero 1985), 3<br \/>[107] Conc. Ecum. Vat. II, Decl. Dignitatis humanae, sobre la libertad religiosa, 2.<\/p>\n","protected":false},"excerpt":{"rendered":"<p>ECCLESIA IN EUROPA Exhortaci\u00f3n apost\u00f3lica postsinodal de Juan Pablo II a los Obispos, a los presb\u00edteros y di\u00e1conos, a los consagrados y a todos los fieles laicos sobre Jesucristo vivo en su Iglesia, fuente de esperanza para Europa. 28 de junio de 2003&#8212;&#8212;56. Se trata m\u00e1s bien de tomar mayor conciencia de la relaci\u00f3n que [&hellip;]<\/p>\n","protected":false},"author":1,"featured_media":0,"comment_status":"open","ping_status":"open","sticky":false,"template":"","format":"standard","meta":{"_et_pb_use_builder":"","_et_pb_old_content":"","_et_gb_content_width":"","footnotes":""},"categories":[30],"tags":[],"class_list":["post-210","post","type-post","status-publish","format-standard","hentry","category-juan-pablo-ii-2"],"_links":{"self":[{"href":"https:\/\/cejc-madrid.org\/index.php\/wp-json\/wp\/v2\/posts\/210","targetHints":{"allow":["GET"]}}],"collection":[{"href":"https:\/\/cejc-madrid.org\/index.php\/wp-json\/wp\/v2\/posts"}],"about":[{"href":"https:\/\/cejc-madrid.org\/index.php\/wp-json\/wp\/v2\/types\/post"}],"author":[{"embeddable":true,"href":"https:\/\/cejc-madrid.org\/index.php\/wp-json\/wp\/v2\/users\/1"}],"replies":[{"embeddable":true,"href":"https:\/\/cejc-madrid.org\/index.php\/wp-json\/wp\/v2\/comments?post=210"}],"version-history":[{"count":0,"href":"https:\/\/cejc-madrid.org\/index.php\/wp-json\/wp\/v2\/posts\/210\/revisions"}],"wp:attachment":[{"href":"https:\/\/cejc-madrid.org\/index.php\/wp-json\/wp\/v2\/media?parent=210"}],"wp:term":[{"taxonomy":"category","embeddable":true,"href":"https:\/\/cejc-madrid.org\/index.php\/wp-json\/wp\/v2\/categories?post=210"},{"taxonomy":"post_tag","embeddable":true,"href":"https:\/\/cejc-madrid.org\/index.php\/wp-json\/wp\/v2\/tags?post=210"}],"curies":[{"name":"wp","href":"https:\/\/api.w.org\/{rel}","templated":true}]}}