{"id":214,"date":"2013-09-04T15:31:40","date_gmt":"2013-09-04T15:31:40","guid":{"rendered":"https:\/\/upbeat-goodall.82-223-35-84.plesk.page\/index.php\/2013\/09\/04\/papa-francisco-y-el-congreso-judio-mundial-ano-nuevo-judia-5774\/"},"modified":"2013-09-04T15:31:40","modified_gmt":"2013-09-04T15:31:40","slug":"papa-francisco-y-el-congreso-judio-mundial-ano-nuevo-judia-5774","status":"publish","type":"post","link":"https:\/\/cejc-madrid.org\/index.php\/2013\/09\/04\/papa-francisco-y-el-congreso-judio-mundial-ano-nuevo-judia-5774\/","title":{"rendered":"Papa Francisco y el Congreso Jud\u00edo Mundial- A\u00f1o Nuevo Jud\u00edo 5774"},"content":{"rendered":"<p style=\"text-align: justify;\"><img loading=\"lazy\" decoding=\"async\" class=\" alignright size-full wp-image-212\" style=\"margin-right: 2px; margin-bottom: 1px; margin-left: 4px; float: right;\" src=\"https:\/\/cejc-madrid.org\/wp-content\/uploads\/2013\/09\/papajudi_270x250.jpg\" alt=\"papajudi 270x250\" width=\"226\" height=\"209\" \/>El pasado lunes 2 de septiembre, el Papa Francisco recibi\u00f3 en Audiencia a los representantes del Congreso Jud\u00edo Mundial, encabezados por su presidnete, Ronald Lauder, a qui\u00e9n felicit\u00f3 por el A\u00f1o Nuevo Jud\u00edo.<\/p>\n<p style=\"text-align: justify;\">El Papa Francisco dese\u00f3 un buen y pac\u00edfico A\u00f1o Nuevo 5774 a todos los jud\u00edos del mundo y pidi\u00f3 que haya un mayor di\u00e1logo entre las comunidades religiosas del mundo, en su primer encuentro privado con el presidente del Congreso Jud\u00edo Mundial, Ronald Lauder. Adem\u00e1s se opuso al fundamentalismo y pidi\u00f3 al dirigente jud\u00edo que entregue su mensaje a todas las comunidades jud\u00eda del mundo.<\/p>\n<p style=\"text-align: justify;\">Francisco tambi\u00e9n agreg\u00f3 que \u00e9l necesitaba un a\u00f1o dulce debido a las decisiones importantes que se encuentran por delante. Usando las palabras hebreas para decir \u00abFeliz a\u00f1o nuevo\u00bb, \u00e9l dese\u00f3 \u00abShana Tova\u00bb y pidi\u00f3 al CJM que comparta el mensaje con los jud\u00edos de todo el mundo. Por su parte, Lauder le entreg\u00f3 una copa de Kidush &#8211; bendici\u00f3n al vino &#8211; y una torta de miel.<\/p>\n<p style=\"text-align: justify;\">En su encuentro, que se llev\u00f3 a cabo en un ambiente informal en el Vaticano, Lauder y el pont\u00edfice cat\u00f3lico hablaron sobre la situaci\u00f3n en Siria y condenaron los ataques a las minor\u00edas, como a los cristianos coptos en Egipto, y contra las tendencias de restringir pr\u00e1cticas religiosas bien establecidas, como la circuncisi\u00f3n.<\/p>\n<p style=\"text-align: justify;\">&nbsp;<img loading=\"lazy\" decoding=\"async\" class=\" alignleft size-full wp-image-213\" style=\"margin-right: 3px; margin-bottom: 1px; margin-top: 3px; float: left;\" src=\"https:\/\/cejc-madrid.org\/wp-content\/uploads\/2013\/09\/RSL-PopeFrancis-3.jpg\" alt=\"RSL-PopeFrancis-3\" width=\"306\" height=\"184\" \/><\/p>\n<p style=\"text-align: justify;\">El Papa se mostr\u00f3 espec\u00edficamente preocupado sobre las prohibiciones a los sacrificios kosher en Polonia e indic\u00f3 al Cardenal Kart Koch, presidente de la Comisi\u00f3n de Relaciones con los Jud\u00edos del Vaticano, que investigue y organice un encuentro de seguimiento para la semana que viene.<\/p>\n<p style=\"text-align: justify;\">Francisco reiter\u00f3 una declaraci\u00f3n que hizo en junio donde dijo que \u00abun cristiano no puede ser antisemita\u00bb y destac\u00f3 que \u00abpara ser un buen cristiano es necesario entender la historia y tradiciones jud\u00edas\u00bb. Tambi\u00e9n agreg\u00f3 que jud\u00edos y cristianos comparten las mismas ra\u00edces y que el di\u00e1logo es la clave para construir un futuro com\u00fan.<\/p>\n<p>En referencia al conflicto de Siria, el Papa dijo que el asesinato de seres humanos es inaceptable y destac\u00f3 que \u00ablos l\u00edderes mundiales deben hacer todo lo posible para evitar la guerra\u00bb.<\/p>\n<p>Tras el encuentro Lauder elogi\u00f3 al pont\u00edfice por su compromiso con el di\u00e1logo y dijo que su liderazgo no solo hab\u00eda revigorizado a la Iglesia Cat\u00f3lica, sino que le hab\u00eda dado un nuevo momento con las relaciones con el juda\u00edsmo.<\/p>\n","protected":false},"excerpt":{"rendered":"<p>El pasado lunes 2 de septiembre, el Papa Francisco recibi\u00f3 en Audiencia a los representantes del Congreso Jud\u00edo Mundial, encabezados por su presidnete, Ronald Lauder, a qui\u00e9n felicit\u00f3 por el A\u00f1o Nuevo Jud\u00edo. El Papa Francisco dese\u00f3 un buen y pac\u00edfico A\u00f1o Nuevo 5774 a todos los jud\u00edos del mundo y pidi\u00f3 que haya un [&hellip;]<\/p>\n","protected":false},"author":1,"featured_media":212,"comment_status":"open","ping_status":"open","sticky":false,"template":"","format":"standard","meta":{"_et_pb_use_builder":"","_et_pb_old_content":"","_et_gb_content_width":"","footnotes":""},"categories":[28],"tags":[],"class_list":["post-214","post","type-post","status-publish","format-standard","has-post-thumbnail","hentry","category-papa-francisco-y-los-judios"],"_links":{"self":[{"href":"https:\/\/cejc-madrid.org\/index.php\/wp-json\/wp\/v2\/posts\/214","targetHints":{"allow":["GET"]}}],"collection":[{"href":"https:\/\/cejc-madrid.org\/index.php\/wp-json\/wp\/v2\/posts"}],"about":[{"href":"https:\/\/cejc-madrid.org\/index.php\/wp-json\/wp\/v2\/types\/post"}],"author":[{"embeddable":true,"href":"https:\/\/cejc-madrid.org\/index.php\/wp-json\/wp\/v2\/users\/1"}],"replies":[{"embeddable":true,"href":"https:\/\/cejc-madrid.org\/index.php\/wp-json\/wp\/v2\/comments?post=214"}],"version-history":[{"count":0,"href":"https:\/\/cejc-madrid.org\/index.php\/wp-json\/wp\/v2\/posts\/214\/revisions"}],"wp:featuredmedia":[{"embeddable":true,"href":"https:\/\/cejc-madrid.org\/index.php\/wp-json\/wp\/v2\/media\/212"}],"wp:attachment":[{"href":"https:\/\/cejc-madrid.org\/index.php\/wp-json\/wp\/v2\/media?parent=214"}],"wp:term":[{"taxonomy":"category","embeddable":true,"href":"https:\/\/cejc-madrid.org\/index.php\/wp-json\/wp\/v2\/categories?post=214"},{"taxonomy":"post_tag","embeddable":true,"href":"https:\/\/cejc-madrid.org\/index.php\/wp-json\/wp\/v2\/tags?post=214"}],"curies":[{"name":"wp","href":"https:\/\/api.w.org\/{rel}","templated":true}]}}