{"id":22,"date":"2011-11-04T10:44:30","date_gmt":"2011-11-04T10:44:30","guid":{"rendered":"https:\/\/upbeat-goodall.82-223-35-84.plesk.page\/index.php\/2011\/11\/04\/el-olivo-no-13\/"},"modified":"2011-11-04T10:44:30","modified_gmt":"2011-11-04T10:44:30","slug":"el-olivo-no-13","status":"publish","type":"post","link":"https:\/\/cejc-madrid.org\/index.php\/2011\/11\/04\/el-olivo-no-13\/","title":{"rendered":"El Olivo n\u00ba 13"},"content":{"rendered":"<p align=\"center\"><b>EL OLIVO    n\u00ba 13<\/b><\/p>\n<p align=\"center\">\u00a0<\/p>\n<p align=\"center\">Enero &#8211; Junio 1981<\/p>\n<p align=\"center\">\u00a0<\/p>\n<p align=\"center\"><span style=\"text-decoration: underline;\">\u00cdndice<\/span><\/p>\n<p align=\"center\"><span style=\"text-decoration: underline;\"><br \/><\/span><\/p>\n<p align=\"center\">\u00a0<\/p>\n<p><strong>La tradici\u00f3n mesi\u00e1nica de la noche de Pascua &#8211;<\/strong>Miguel P\u00e9rez Fern\u00e1ndez<\/p>\n<p><strong>El nuevo \u00e9xodo &#8211; <\/strong>Gabriel Ca\u00f1ellas<\/p>\n<p><strong>La ex\u00e9gesis rab\u00ednica postb\u00edblica reflejada en la versi\u00f3n aramea &#8211; <\/strong>Josep Ribera Florit<\/p>\n<p><strong>La natalidad en el antiguo Israel &#8211; <\/strong>Carlos Alonso Fontela<\/p>\n<p><strong>Vida musical del pueblo hebreo. Su evoluci\u00f3n del G\u00e9nesis al libro de Daniel &#8211; <\/strong>T. Calders i Art\u00eds<\/p>\n<p><strong>Los jud\u00edos en la obra de Quevedo&nbsp; &#8211;<\/strong>Sor Esperanza Mary<\/p>\n","protected":false},"excerpt":{"rendered":"<p>EL OLIVO n\u00ba 13 \u00a0 Enero &#8211; Junio 1981 \u00a0 \u00cdndice \u00a0 La tradici\u00f3n mesi\u00e1nica de la noche de Pascua &#8211;Miguel P\u00e9rez Fern\u00e1ndez El nuevo \u00e9xodo &#8211; Gabriel Ca\u00f1ellas La ex\u00e9gesis rab\u00ednica postb\u00edblica reflejada en la versi\u00f3n aramea &#8211; Josep Ribera Florit La natalidad en el antiguo Israel &#8211; Carlos Alonso Fontela Vida musical del [&hellip;]<\/p>\n","protected":false},"author":1,"featured_media":0,"comment_status":"open","ping_status":"open","sticky":false,"template":"","format":"standard","meta":{"_et_pb_use_builder":"","_et_pb_old_content":"","_et_gb_content_width":"","footnotes":""},"categories":[25],"tags":[],"class_list":["post-22","post","type-post","status-publish","format-standard","hentry","category-revista-qel-olivoq"],"_links":{"self":[{"href":"https:\/\/cejc-madrid.org\/index.php\/wp-json\/wp\/v2\/posts\/22","targetHints":{"allow":["GET"]}}],"collection":[{"href":"https:\/\/cejc-madrid.org\/index.php\/wp-json\/wp\/v2\/posts"}],"about":[{"href":"https:\/\/cejc-madrid.org\/index.php\/wp-json\/wp\/v2\/types\/post"}],"author":[{"embeddable":true,"href":"https:\/\/cejc-madrid.org\/index.php\/wp-json\/wp\/v2\/users\/1"}],"replies":[{"embeddable":true,"href":"https:\/\/cejc-madrid.org\/index.php\/wp-json\/wp\/v2\/comments?post=22"}],"version-history":[{"count":0,"href":"https:\/\/cejc-madrid.org\/index.php\/wp-json\/wp\/v2\/posts\/22\/revisions"}],"wp:attachment":[{"href":"https:\/\/cejc-madrid.org\/index.php\/wp-json\/wp\/v2\/media?parent=22"}],"wp:term":[{"taxonomy":"category","embeddable":true,"href":"https:\/\/cejc-madrid.org\/index.php\/wp-json\/wp\/v2\/categories?post=22"},{"taxonomy":"post_tag","embeddable":true,"href":"https:\/\/cejc-madrid.org\/index.php\/wp-json\/wp\/v2\/tags?post=22"}],"curies":[{"name":"wp","href":"https:\/\/api.w.org\/{rel}","templated":true}]}}