{"id":230,"date":"2013-12-19T16:52:04","date_gmt":"2013-12-19T16:52:04","guid":{"rendered":"https:\/\/upbeat-goodall.82-223-35-84.plesk.page\/index.php\/2013\/12\/19\/excursion-a-cordoba-2014\/"},"modified":"2024-11-14T11:39:17","modified_gmt":"2024-11-14T11:39:17","slug":"excursion-a-cordoba-2014","status":"publish","type":"post","link":"https:\/\/cejc-madrid.org\/index.php\/2013\/12\/19\/excursion-a-cordoba-2014\/","title":{"rendered":"Excursi\u00f3n a C\u00f3rdoba-2014"},"content":{"rendered":"<p style=\"margin-bottom: 0.0001pt; text-align: right;\" align=\"center\"><span style=\"font-size: 10pt; font-family: arial,helvetica,sans-serif; color: #3366ff;\">S\u00edguenos en <a href=\"https:\/\/www.facebook.com\/centrodeestudios.judeocristianos\"><img loading=\"lazy\" decoding=\"async\" class=\" size-full wp-image-223\" src=\"https:\/\/cejc-madrid.org\/wp-content\/uploads\/2015\/07\/FB.jpg\" alt=\"\" width=\"22\" height=\"22\" srcset=\"https:\/\/cejc-madrid.org\/wp-content\/uploads\/2015\/07\/FB.jpg 160w, https:\/\/cejc-madrid.org\/wp-content\/uploads\/2015\/07\/FB-150x150.jpg 150w\" sizes=\"(max-width: 22px) 100vw, 22px\" \/><\/a><\/span><\/p>\n<p style=\"margin-bottom: 0.0001pt; text-align: justify;\" align=\"center\"><span style=\"font-size: 10pt; font-family: 'Bernard MT Condensed','serif'; color: #ff0000;\">EXCURSI\u00d3N ANUAL<\/span><\/p>\n<p style=\"margin-bottom: 0.0001pt; text-align: center;\" align=\"center\"><span style=\"font-size: 12pt; font-family: 'Bernard MT Condensed','serif';\">Madrid-C\u00f3rdoba-Medina Azahara- C\u00f3rdoba-Madrid<\/span><\/p>\n<p style=\"margin-bottom: 0.0001pt; text-align: center;\" align=\"center\"><span style=\"font-size: 12pt; font-family: 'Bernard MT Condensed','serif';\">1 y 2 de Marzo 2014<\/span><\/p>\n<p style=\"margin-bottom: 3pt;\"><span style=\"font-family: arial,helvetica,sans-serif; font-size: 8pt;\"><strong>S\u00e1bado 1 de Marzo<\/strong><\/span><\/p>\n<p>Salida de Madrid a las 7.30 de la ma\u00f1ana con destino a C\u00f3rdoba. Una vez en destino, reparto de habitaciones y sobre las 13.00 almuerzo en el hotel. Una vez repuesto fuerzas comenzaremos nuestra visita en La Casa de Sefarad, casa-museo sobre la cultura, historia y tradici\u00f3n sefard\u00ed, consta de la sala de la vida dom\u00e9stica que contiene objetos referentes a la vida dom\u00e9stica: artesan\u00eda, cocina, bodas, circuncisi\u00f3n&#8230;La sala de m\u00fasica sefard\u00ed; La sala de la Juder\u00eda de C\u00f3rdoba; La sala de los ciclos festivos que contiene objetos utilizados en las festividades sefard\u00edes; La sala de las mujeres de Al-Andalus que contiene una colecci\u00f3n pict\u00f3rica del cordob\u00e9s Jos\u00e9 Luis Mu\u00f1oz dedicada a las mujeres jud\u00edas, musulmanas y cristianas de al-\u00c1ndalus. Se encuentra en pleno coraz\u00f3n de la juder\u00eda y justo enfrente de la <a title=\"Sinagoga de C\u00f3rdoba\" href=\"http:\/\/es.wikipedia.org\/wiki\/Sinagoga_de_C%C3%B3rdoba\">Sinagoga de C\u00f3rdoba<\/a><\/p>\n<p>Visitaremos la Sinagoga de C\u00f3rdoba, que pronto cumplir\u00e1 700 a\u00f1os de antig\u00fcedad donde nos esperara nuestra gu\u00eda para continuar nuestra visita hacia la Mezquita-Catedral.<\/p>\n<p>&nbsp;<\/p>\n<p><img loading=\"lazy\" decoding=\"async\" class=\" alignleft size-full wp-image-227\" style=\"margin-right: 3px; float: left;\" title=\"Mezquita de C\u00f3rdoba\" src=\"https:\/\/cejc-madrid.org\/wp-content\/uploads\/2013\/12\/Cordoba-mezquita.jpg\" alt=\"\" width=\"206\" height=\"137\" \/>La Mezquita, hoy Catedral, es sin duda uno de los monumentos m\u00e1s asombrosos del mundo y la principal atracci\u00f3n de la ciudad. El viajero al entrar en el edificio, siente retroceder en el tiempo y al instante est\u00e1 rodeado por un bosque de columnas, es imprescindible su visita para poder comprender la historia de C\u00f3rdoba.<\/p>\n<p>Finalizada la visita continuaremos nuestra visita guiada por el Barrio de la Juder\u00eda, el Alminar de San Juan y los Ba\u00f1os \u00c1rabes. Camino del hotel continuaremos el recorrido por el casco antiguo de la ciudad., con tiempo libre. Cena en el hotel.<\/p>\n<p>Salida del hotel a las 10.30 para encaminarnos al Alc\u00e1zar de los Reyes Cristianos. Fortaleza militar y residencia real levantada por orden de Alfonso XI, donde uno de los principales atractivos son sus magn\u00edficos jardines y fuentes donde podremos disfrutar de un espect\u00e1culo de Luz y Sonido.<\/p>\n<p>&nbsp;<\/p>\n<p align=\"center\">\u00a0Domingo 2 de Marzo:<\/p>\n<p>Desayuno en el Hotel, saliendo a continuaci\u00f3n con nuestra gu\u00eda a visitar Medina Azahara. Esta ciudad palaciega, se encuentra a solo ocho kil\u00f3metros de la capital, siendo uno de los monumentos m\u00e1s emblem\u00e1ticos de la regi\u00f3n. Su visita, es fundamental para la comprensi\u00f3n de la historia de Al \u00c1ndalus.<\/p>\n<p><img loading=\"lazy\" decoding=\"async\" class=\" alignright size-full wp-image-228\" style=\"margin-left: 3px; float: right;\" title=\"Medina Azahara\" src=\"https:\/\/cejc-madrid.org\/wp-content\/uploads\/2013\/12\/P4270208.jpg\" alt=\"\" width=\"198\" height=\"148\" \/>Finalizada esta visita, regresaremos al hotel para almorzar y al acabar, ya con las maletas en nuestro autocar, pasaremos a la otra orilla del rio para visitar La Torre Calahorra fortaleza de origen <a title=\"Islam\" href=\"http:\/\/es.wikipedia.org\/wiki\/Islam\">isl\u00e1mico<\/a> concebida como entrada y protecci\u00f3n del <a title=\"Puente Romano de C\u00f3rdoba\" href=\"http:\/\/es.wikipedia.org\/wiki\/Puente_Romano_de_C%C3%B3rdoba\">Puente Romano<\/a> de <a title=\"C\u00f3rdoba (Espa\u00f1a)\" href=\"http:\/\/es.wikipedia.org\/wiki\/C%C3%B3rdoba_(Espa%C3%B1a)\">C\u00f3rdoba<\/a>, en su interior se encuentra instalado un museo audiovisual. El Museo Vivo de al-\u00c1ndalus presenta una panor\u00e1mica cultural del apogeo medieval de la C\u00f3rdoba del <a title=\"Siglo IX\" href=\"http:\/\/es.wikipedia.org\/wiki\/Siglo_IX\">siglo IX<\/a> al <a title=\"Siglo XIII\" href=\"http:\/\/es.wikipedia.org\/wiki\/Siglo_XIII\">siglo XIII<\/a>, basado en la convivencia de las culturas <a title=\"Cristianismo\" href=\"http:\/\/es.wikipedia.org\/wiki\/Cristianismo\">cristiana<\/a>, <a title=\"Juda\u00edsmo\" href=\"http:\/\/es.wikipedia.org\/wiki\/Juda%C3%ADsmo\">jud\u00eda<\/a> y <a title=\"Islam\" href=\"http:\/\/es.wikipedia.org\/wiki\/Islam\">musulmana<\/a>. fue declarado <a title=\"Patrimonio de la Humanidad\" href=\"http:\/\/es.wikipedia.org\/wiki\/Patrimonio_de_la_Humanidad\">Patrimonio de la Humanidad<\/a> por la <a title=\"Unesco\" href=\"http:\/\/es.wikipedia.org\/wiki\/Unesco\">Unesco<\/a> en <a title=\"1994\" href=\"http:\/\/es.wikipedia.org\/wiki\/1994\">1994<\/a>., junto con el <a title=\"Puente romano de C\u00f3rdoba\" href=\"http:\/\/es.wikipedia.org\/wiki\/Puente_romano_de_C%C3%B3rdoba\">puente romano<\/a> y la <a title=\"Puerta del puente\" href=\"http:\/\/es.wikipedia.org\/wiki\/Puerta_del_puente\">puerta del puente<\/a> y el centro hist\u00f3rico de C\u00f3rdoba.<\/p>\n<p>Salida para Madrid sobre las 17. 00<\/p>\n<p>El precio incluye:<\/p>\n<p>Traslado en Autocar; Hotel en r\u00e9gimen de pensi\u00f3n completa; Gu\u00eda Tur\u00edstica oficial; Entradas incluidas a los monumentos<\/p>\n<p>Plazo m\u00e1ximo de Inscripci\u00f3n: 3 de febrero de 2014<\/p>\n<p><span style=\"font-size: 8pt;\">Dirigirse a: \u00a0\u00a0\u00a0\u00a0\u00a0\u00a0\u00a0 Secretar\u00eda<\/span><\/p>\n<p><span style=\"font-size: 8pt;\">\u00a0\u00a0\u00a0\u00a0\u00a0\u00a0\u00a0\u00a0\u00a0\u00a0\u00a0\u00a0\u00a0\u00a0 \u00a0\u00a0\u00a0\u00a0\u00a0\u00a0\u00a0\u00a0\u00a0\u00a0\u00a0\u00a0\u00a0\u00a0\u00a0 Tfno: 91 543 12 51<\/span><\/p>\n<p><span style=\"font-size: 8pt;\">\u00a0\u00a0\u00a0\u00a0\u00a0\u00a0\u00a0\u00a0\u00a0\u00a0\u00a0\u00a0\u00a0\u00a0\u00a0 \u00a0\u00a0\u00a0\u00a0\u00a0\u00a0\u00a0\u00a0\u00a0\u00a0\u00a0\u00a0\u00a0\u00a0\u00a0 secretaria@cejc-madrid.org<\/span><\/p>\n<p><span style=\"font-size: 8pt;\">Hilari\u00f3n Eslava, 50 6\u00ba izda. 28015 Madrid<\/span><\/p>\n<div id=\"attachment_229\" style=\"width: 217px\" class=\"wp-caption alignnone\"><img loading=\"lazy\" decoding=\"async\" aria-describedby=\"caption-attachment-229\" class=\"caption size-full wp-image-229\" style=\"margin-bottom: 3px; vertical-align: middle;\" title=\"Patio cordobes\" src=\"https:\/\/cejc-madrid.org\/wp-content\/uploads\/2013\/12\/Patio-cordobes.jpg\" alt=\"\" width=\"207\" height=\"138\" \/><p id=\"caption-attachment-229\" class=\"wp-caption-text\">Patio cordobes<\/p><\/div>\n","protected":false},"excerpt":{"rendered":"<p>S\u00edguenos en EXCURSI\u00d3N ANUAL Madrid-C\u00f3rdoba-Medina Azahara- C\u00f3rdoba-Madrid 1 y 2 de Marzo 2014 S\u00e1bado 1 de Marzo Salida de Madrid a las 7.30 de la ma\u00f1ana con destino a C\u00f3rdoba. Una vez en destino, reparto de habitaciones y sobre las 13.00 almuerzo en el hotel. Una vez repuesto fuerzas comenzaremos nuestra visita en La Casa [&hellip;]<\/p>\n","protected":false},"author":1,"featured_media":1435,"comment_status":"open","ping_status":"open","sticky":false,"template":"","format":"standard","meta":{"_et_pb_use_builder":"","_et_pb_old_content":"","_et_gb_content_width":"","footnotes":""},"categories":[6],"tags":[],"class_list":["post-230","post","type-post","status-publish","format-standard","has-post-thumbnail","hentry","category-viajes-a-juderias"],"_links":{"self":[{"href":"https:\/\/cejc-madrid.org\/index.php\/wp-json\/wp\/v2\/posts\/230","targetHints":{"allow":["GET"]}}],"collection":[{"href":"https:\/\/cejc-madrid.org\/index.php\/wp-json\/wp\/v2\/posts"}],"about":[{"href":"https:\/\/cejc-madrid.org\/index.php\/wp-json\/wp\/v2\/types\/post"}],"author":[{"embeddable":true,"href":"https:\/\/cejc-madrid.org\/index.php\/wp-json\/wp\/v2\/users\/1"}],"replies":[{"embeddable":true,"href":"https:\/\/cejc-madrid.org\/index.php\/wp-json\/wp\/v2\/comments?post=230"}],"version-history":[{"count":1,"href":"https:\/\/cejc-madrid.org\/index.php\/wp-json\/wp\/v2\/posts\/230\/revisions"}],"predecessor-version":[{"id":2454,"href":"https:\/\/cejc-madrid.org\/index.php\/wp-json\/wp\/v2\/posts\/230\/revisions\/2454"}],"wp:featuredmedia":[{"embeddable":true,"href":"https:\/\/cejc-madrid.org\/index.php\/wp-json\/wp\/v2\/media\/1435"}],"wp:attachment":[{"href":"https:\/\/cejc-madrid.org\/index.php\/wp-json\/wp\/v2\/media?parent=230"}],"wp:term":[{"taxonomy":"category","embeddable":true,"href":"https:\/\/cejc-madrid.org\/index.php\/wp-json\/wp\/v2\/categories?post=230"},{"taxonomy":"post_tag","embeddable":true,"href":"https:\/\/cejc-madrid.org\/index.php\/wp-json\/wp\/v2\/tags?post=230"}],"curies":[{"name":"wp","href":"https:\/\/api.w.org\/{rel}","templated":true}]}}