{"id":231,"date":"2014-01-07T07:48:49","date_gmt":"2014-01-07T07:48:49","guid":{"rendered":"https:\/\/upbeat-goodall.82-223-35-84.plesk.page\/index.php\/2014\/01\/07\/el-papa-en-tierra-santa\/"},"modified":"2014-01-07T07:48:49","modified_gmt":"2014-01-07T07:48:49","slug":"el-papa-en-tierra-santa","status":"publish","type":"post","link":"https:\/\/cejc-madrid.org\/index.php\/2014\/01\/07\/el-papa-en-tierra-santa\/","title":{"rendered":"El Papa en Tierra Santa-Rabino Skorka"},"content":{"rendered":"<p style=\"text-align: justify;\"><strong>El Papa en Israel. Para el Rabino Skorka, la visita de Francisco llevar\u00e1 un mensaje de paz al mundo<\/strong><\/p>\n<p style=\"text-align: justify;\"><span>El Rabino Abraham Skorka expres\u00f3 que la visita del Papa Francisco a Israel llevar\u00e1 un mensaje de paz al mundo, seg\u00fan dijo hoy a la Agencia Jud\u00eda de Noticias, luego de que se confirmara el viaje del pont\u00edfice al Estado Jud\u00edo, Cisjordania y Jordania del 24 al 26 de mayo, por primera vez. <\/span><\/p>\n<p style=\"text-align: justify;\"><span>\u00abEs una noticia que he recibido con much\u00edsima alegr\u00eda y la primera vez que nos encontramos en Roma con \u00e9l hablamos de este tema. So\u00f1amos esta visita a la Tierra Santa, a Israel en particular, desde la profunda amistad y con un mensaje de paz para todos los ciudadanos de la regi\u00f3n, el cual sabe proyectarse a todo el mundo\u00bb, destac\u00f3 Skorka.&nbsp;<\/span><\/p>\n<p style=\"text-align: justify;\">&nbsp;<\/p>\n<p style=\"text-align: justify;\"><span>El rabino de la comunidad Benei Tikv\u00e1 y rector del Seminario Rab\u00ednico Latinoamericano tambi\u00e9n expres\u00f3: \u00bb Conversamos acerca del aporte que \u00e9l puede hacer desde su lugar para, de alguna manera, si Dios quiere, comenzar a materializar esta visi\u00f3n o, por lo menos, darle una dimensi\u00f3n mucho m\u00e1s acentuada en la realidad humana. Seg\u00fan los profetas, habiendo paz sincera, honesta y profunda en Tzion habr\u00e1 un mensaje de paz s\u00f3lido que se materializar\u00e1 en todo el mundo. Recordemos la visi\u00f3n del profeta Isias, capitulo 2: \u2018Trocar\u00e1n sus espadas en hojas de arado\u2019. Ya nadie se ejercitar\u00e1 para la guerra\u00bb.<\/span><\/p>\n<p style=\"text-align: justify;\"><span>El papa dijo hoy a los reunidos para su bendici\u00f3n semanal de los domingos en el Vaticano que visitar\u00e1 Am\u00e1n, Bel\u00e9n y Jerusal\u00e9n. Su objetivo ser\u00e1 conmemorar el 50to aniversario de la hist\u00f3rica reuni\u00f3n en Jerusal\u00e9n entre el papa Paulo VI y el entonces gu\u00eda espiritual de los cristianos ortodoxos del mundo, el patriarca ecum\u00e9nico Aten\u00e1goras.<\/span><\/p>\n<p style=\"text-align: justify;\"><span>\u00abSi este viaje se da de esta manera ser\u00eda algo muy grande, porque el sue\u00f1o es abrazarlo delante del Kotel. Seria un s\u00edmbolo para intentar terminar con 2000 a\u00f1os de &nbsp;desavenencias entre jud\u00edos y cristianos, y empezar una etapa nueva. El catolicismo es sumamente importante en este proyecto. Esto no significa olvidar la historia, siempre tenemos que tenerla presente, pero no podemos vivir en los c\u00edrculos viciosos del pasado. Debemos quebrarlos y empezar un tiempo nuevo\u00bb, dijo.<\/span><\/p>\n<p style=\"text-align: justify;\"><span>Skorka y el ex cardenal Jorge Bergoglio, ahora Papa Francisco, se reunieron mensualmente durante los \u00faltimos tres a\u00f1os, donde profundizaron el di\u00e1logo interreligioso y un v\u00ednculo personal. De esos encuentros nacieron el libro \u00abSobre el cielo y la tierra\u00bb (2010) y el programa televisivo \u00abBiblia: di\u00e1logo vigente\u00bb.&nbsp;<\/span><\/p>\n<p style=\"text-align: justify;\"><span>\u00abEl sue\u00f1o de dejar una impronta en la historia es lo que venimos haciendo con Bergoglio desde principios del 2000. Ah\u00ed empezamos una qu\u00edmica espiritual que nos uni\u00f3 y comenzamos a hacer cosas. La verdad es que \u00e9l llevaba la delantera, siempre con sorpresas dirigidas a c\u00f3mo podemos hacer para dejar un mensaje para la posteridad. Y, como a \u00e9l le gusta decir: \u2018Se puede\u2019\u00bb, destac\u00f3 el rabino.<\/span><\/p>\n<p style=\"text-align: justify;\"><span>Esta ser\u00e1 la primera visita del pont\u00edfice a Tierra Santa.<\/span><\/p>\n<p style=\"text-align: justify;\"><span style=\"font-size: 10pt;\">(Iton Gadol)<\/span><\/p>\n","protected":false},"excerpt":{"rendered":"<p style=\"text-align: justify;\"><strong>El Papa en Israel. Para el Rabino Skorka, la visita de Francisco llevar\u00e1 un mensaje de paz al mundo<\/strong><\/p>\n<p style=\"text-align: justify;\"><span>El Rabino Abraham Skorka expres\u00f3 que la visita del Papa Francisco a Israel llevar\u00e1 un mensaje de paz al mundo, seg\u00fan dijo hoy a la Agencia Jud\u00eda de Noticias, luego de que se confirmara el viaje del pont\u00edfice al Estado Jud\u00edo, Cisjordania y Jordania del 24 al 26 de mayo, por primera vez. <\/span><\/p>\n<p style=\"text-align: justify;\"><span>\u00abEs una noticia que he recibido con much\u00edsima alegr\u00eda y la primera vez que nos encontramos en Roma con \u00e9l hablamos de este tema. So\u00f1amos esta visita a la Tierra Santa, a Israel en particular, desde la profunda amistad y con un mensaje de paz para todos los ciudadanos de la regi\u00f3n, el cual sabe proyectarse a todo el mundo\u00bb, destac\u00f3 Skorka.&nbsp;<\/span><\/p>\n","protected":false},"author":1,"featured_media":0,"comment_status":"open","ping_status":"open","sticky":false,"template":"","format":"standard","meta":{"_et_pb_use_builder":"","_et_pb_old_content":"","_et_gb_content_width":"","footnotes":""},"categories":[43],"tags":[],"class_list":["post-231","post","type-post","status-publish","format-standard","hentry","category-viaje-del-papa-francisco-tierra-santa"],"_links":{"self":[{"href":"https:\/\/cejc-madrid.org\/index.php\/wp-json\/wp\/v2\/posts\/231","targetHints":{"allow":["GET"]}}],"collection":[{"href":"https:\/\/cejc-madrid.org\/index.php\/wp-json\/wp\/v2\/posts"}],"about":[{"href":"https:\/\/cejc-madrid.org\/index.php\/wp-json\/wp\/v2\/types\/post"}],"author":[{"embeddable":true,"href":"https:\/\/cejc-madrid.org\/index.php\/wp-json\/wp\/v2\/users\/1"}],"replies":[{"embeddable":true,"href":"https:\/\/cejc-madrid.org\/index.php\/wp-json\/wp\/v2\/comments?post=231"}],"version-history":[{"count":0,"href":"https:\/\/cejc-madrid.org\/index.php\/wp-json\/wp\/v2\/posts\/231\/revisions"}],"wp:attachment":[{"href":"https:\/\/cejc-madrid.org\/index.php\/wp-json\/wp\/v2\/media?parent=231"}],"wp:term":[{"taxonomy":"category","embeddable":true,"href":"https:\/\/cejc-madrid.org\/index.php\/wp-json\/wp\/v2\/categories?post=231"},{"taxonomy":"post_tag","embeddable":true,"href":"https:\/\/cejc-madrid.org\/index.php\/wp-json\/wp\/v2\/tags?post=231"}],"curies":[{"name":"wp","href":"https:\/\/api.w.org\/{rel}","templated":true}]}}