{"id":238,"date":"2014-05-21T10:52:08","date_gmt":"2014-05-21T10:52:08","guid":{"rendered":"https:\/\/upbeat-goodall.82-223-35-84.plesk.page\/index.php\/2014\/05\/21\/programa-viaje-papa-francisco\/"},"modified":"2014-05-21T10:52:08","modified_gmt":"2014-05-21T10:52:08","slug":"programa-viaje-papa-francisco","status":"publish","type":"post","link":"https:\/\/cejc-madrid.org\/index.php\/2014\/05\/21\/programa-viaje-papa-francisco\/","title":{"rendered":"Programa Viaje Papa Francisco"},"content":{"rendered":"<p style=\"margin: 0cm 0cm 0.0001pt; text-align: justify;\"><strong><span style=\"font-size: 11pt;\">PROGRAMA DE LA PEREGRINACI\u00d3N DEL PAPA A TIERRA SANTA<\/span><\/strong><\/p>\n<p style=\"margin: 0cm 0cm 0.0001pt; text-align: justify;\"><span style=\"font-size: 11pt;\">Ciudad del Vaticano, 27 marzo 2014 (VIS).-Se ha publicado hoy el programa de la peregrinaci\u00f3n del Santo Padre a Tierra Santa con motivo del 50 aniversario del encuentro en Jerusal\u00e9n entre Pablo VI y el Patriarca Aten\u00e1goras que tendr\u00e1 lugar del 24 al 26 de mayo.<\/span><\/p>\n<p style=\"margin: 0cm 0cm 0.0001pt; text-align: justify;\"><span style=\"font-size: 11pt;\">El Papa saldr\u00e1 el 24 de mayo del aeropuerto romano de Fiumicino a las 8,15 y llegar\u00e1 a Amman (Jordania) a las 13,15. Despu\u00e9s de la ceremonia de bienvenida en el aeropuerto Reina Alia, se desplazar\u00e1 al Palacio Real Al-Husseini donde ser\u00e1 recibido por el rey Abdal\u00e1 II y la reina Rania y pronunciar\u00e1 un discurso ante las autoridades del reino de Jordania. A las 16,00 celebrar\u00e1 una misa en el Estadio Internacional de Amman y esa misma tarde, a las 19,00 visitar\u00e1 el lugar del bautismo de Jes\u00fas en Betania ante el Jord\u00e1n. Poco despu\u00e9s se encontrar\u00e1 en la iglesia latina de ese lugar con los refugiados y los j\u00f3venes discapacitados.<\/span><\/p>\n<p style=\"margin: 0cm 0cm 0.0001pt; text-align: justify;\"><span style=\"font-size: 11pt;\"><\/span><\/p>\n<p style=\"margin: 0cm 0cm 0.0001pt; text-align: justify;\"><span style=\"font-size: 11pt;\">El domingo, 25 de mayo, a las 8,15 se despedir\u00e1 de Jordania para dirigirse en helic\u00f3ptero a Bel\u00e9n. En el palacio presidencial, despu\u00e9s de saludar al presidente del Estado de Palestina, Mahmoud Abbas, pronunciar\u00e1 un discurso ante las autoridades palestinas. A las 11,00 celebrar\u00e1 misa y rezar\u00e1 el \u00c1ngelus en la Plaza del Pesebre en Bel\u00e9n. El Santo Padre almorzar\u00e1 con diversas familias palestinas en el convento franciscano de Casa Nova y a las 15,00 visitar\u00e1 de forma privada la Gruta de la Natividad. Despu\u00e9s saludar\u00e1 a los ni\u00f1os de los campos de pr\u00f3fugos de Dheisheh, Aida y Beit Jibrin en el Centro F\u00e9nix del campo de pr\u00f3fugos de Dheisheh y, a las 15,45, dejar\u00e1 el Estado de Palestina para viajar en helic\u00f3ptero al aeropuerto internacional Ben Gurion de Tel Aviv (Israel) donde llegar\u00e1 a las 16,30. Tras la ceremonia de bienvenida se desplazar\u00e1, siempre en helic\u00f3ptero, a Jerusal\u00e9n, donde a las 18,15 en la delegaci\u00f3n apost\u00f3lica se encontrar\u00e1 de forma privada con el Patriarca ecum\u00e9nico de Constantinopla, Bartolom\u00e9 I para firmar una declaraci\u00f3n conjunta. A las 19,00 en la bas\u00edlica del Santo Sepulcro habr\u00e1 un encuentro ecum\u00e9nico con motivo del 50 aniversario del encuentro en Jerusal\u00e9n de Pablo VI con el Patriarca Aten\u00e1goras, finalizado el cual, Francisco cenar\u00e1 con los patriarcas y obispos y con el s\u00e9quito papal en el Patriarcado Latino de Jerusal\u00e9n.<\/span><\/p>\n<p><span style=\"font-size: 11pt;\">El lunes, 26 de mayo, a las 8,15 el Santo Padre visitar\u00e1 al Gran Mufti de Jerusal\u00e9n en el edificio del Gran Consejo en la Explanada de las Mezquitas y pronunciar\u00e1 un discurso. Despu\u00e9s ir\u00e1 al Muro Occidental y desde all\u00ed al Monte Herzi donde depositar\u00e1 una corona de flores. A las 10,00 visitar\u00e1 el Memorial de Yad Vashem en Jerusal\u00e9n, y pronunciar\u00e1 un discurso y, a las 10,45, efectuar\u00e1 una visita de cortes\u00eda a los dos Grandes Rabinos de Israel en el Centro Heichal Schlomo, cerca de la Gran Sinagoga de Jerusal\u00e9n. A las 11,45 ir\u00e1 al Palacio Presidencial donde encontrar\u00e1 en visita de cortes\u00eda, al presidente del Estado de Israel, Simon Peres. A las 13, 00, en el Centro de Nuestra Se\u00f1ora de Jerusal\u00e9n tendr\u00e1 una audiencia privada con el primer ministro de Israel, Benjamin Netanyahu. A las 15,30 se encontrar\u00e1 con el Patriarca Ecum\u00e9nico de Constantinopla, Bartolom\u00e9 I, en privado, en el Monte de los Olivos, cerca de la iglesia ortodoxa de los Viri Galileai A las 16,00 en la iglesia de Getseman\u00ed, al lado del Huerto de los Olivos, hablar\u00e1 ante los sacerdotes, religiosos, religiosas y seminaristas. A las 17.20 celebrar\u00e1 una misa con los Ordinarios de Tierra Santa y el s\u00e9quito papal en la sala del Cen\u00e1culo en Jerusal\u00e9n. A las 19,30 se trasladar\u00e1 en helic\u00f3ptero al helipuerto del Monte Scopus y desde all\u00ed al aeropuerto Ben Gurion de Tel Aviv donde se despedir\u00e1 del Estado de Israel para emprender a las 20,15 el vuelo de regreso a Roma donde aterrizar\u00e1 a las 23,00.<\/span><\/p>\n","protected":false},"excerpt":{"rendered":"<p style=\"margin: 0cm 0cm 0.0001pt; text-align: justify;\"><strong><span style=\"font-size: 11pt;\">PROGRAMA DE LA PEREGRINACI\u00d3N DEL PAPA A TIERRA SANTA<\/span><\/strong><\/p>\n<p style=\"margin: 0cm 0cm 0.0001pt; text-align: justify;\"><span style=\"font-size: 11pt;\">Ciudad del Vaticano, 27 marzo 2014 (VIS).-Se ha publicado hoy el programa de la peregrinaci\u00f3n del Santo Padre a Tierra Santa con motivo del 50 aniversario del encuentro en Jerusal\u00e9n entre Pablo VI y el Patriarca Aten\u00e1goras que tendr\u00e1 lugar del 24 al 26 de mayo.<\/span><\/p>\n<p style=\"margin: 0cm 0cm 0.0001pt; text-align: justify;\"><span style=\"font-size: 11pt;\">El Papa saldr\u00e1 el 24 de mayo del aeropuerto romano de Fiumicino a las 8,15 y llegar\u00e1 a Amman (Jordania) a las 13,15. Despu\u00e9s de la ceremonia de bienvenida en el aeropuerto Reina Alia, se desplazar\u00e1 al Palacio Real Al-Husseini donde ser\u00e1 recibido por el rey Abdal\u00e1 II y la reina Rania y pronunciar\u00e1 un discurso ante las autoridades del reino de Jordania. A las 16,00 celebrar\u00e1 una misa en el Estadio Internacional de Amman y esa misma tarde, a las 19,00 visitar\u00e1 el lugar del bautismo de Jes\u00fas en Betania ante el Jord\u00e1n. Poco despu\u00e9s se encontrar\u00e1 en la iglesia latina de ese lugar con los refugiados y los j\u00f3venes discapacitados.<\/span><\/p>\n","protected":false},"author":1,"featured_media":0,"comment_status":"open","ping_status":"open","sticky":false,"template":"","format":"standard","meta":{"_et_pb_use_builder":"","_et_pb_old_content":"","_et_gb_content_width":"","footnotes":""},"categories":[43],"tags":[],"class_list":["post-238","post","type-post","status-publish","format-standard","hentry","category-viaje-del-papa-francisco-tierra-santa"],"_links":{"self":[{"href":"https:\/\/cejc-madrid.org\/index.php\/wp-json\/wp\/v2\/posts\/238","targetHints":{"allow":["GET"]}}],"collection":[{"href":"https:\/\/cejc-madrid.org\/index.php\/wp-json\/wp\/v2\/posts"}],"about":[{"href":"https:\/\/cejc-madrid.org\/index.php\/wp-json\/wp\/v2\/types\/post"}],"author":[{"embeddable":true,"href":"https:\/\/cejc-madrid.org\/index.php\/wp-json\/wp\/v2\/users\/1"}],"replies":[{"embeddable":true,"href":"https:\/\/cejc-madrid.org\/index.php\/wp-json\/wp\/v2\/comments?post=238"}],"version-history":[{"count":0,"href":"https:\/\/cejc-madrid.org\/index.php\/wp-json\/wp\/v2\/posts\/238\/revisions"}],"wp:attachment":[{"href":"https:\/\/cejc-madrid.org\/index.php\/wp-json\/wp\/v2\/media?parent=238"}],"wp:term":[{"taxonomy":"category","embeddable":true,"href":"https:\/\/cejc-madrid.org\/index.php\/wp-json\/wp\/v2\/categories?post=238"},{"taxonomy":"post_tag","embeddable":true,"href":"https:\/\/cejc-madrid.org\/index.php\/wp-json\/wp\/v2\/tags?post=238"}],"curies":[{"name":"wp","href":"https:\/\/api.w.org\/{rel}","templated":true}]}}