{"id":244,"date":"2014-05-29T07:54:27","date_gmt":"2014-05-29T07:54:27","guid":{"rendered":"https:\/\/upbeat-goodall.82-223-35-84.plesk.page\/index.php\/2014\/05\/29\/visita-del-papa-francisco-a-yad-vashem\/"},"modified":"2014-05-29T07:54:27","modified_gmt":"2014-05-29T07:54:27","slug":"visita-del-papa-francisco-a-yad-vashem","status":"publish","type":"post","link":"https:\/\/cejc-madrid.org\/index.php\/2014\/05\/29\/visita-del-papa-francisco-a-yad-vashem\/","title":{"rendered":"Visita del  Papa Francisco a Yad Vashem"},"content":{"rendered":"<div style=\"text-align: center;\"><span style=\"font-size: 10pt;\"><strong>VISITA AL MEMORIAL DEL YAD VASHEM<\/strong><\/span><\/div>\n<div style=\"text-align: center;\"><span style=\"font-size: 10pt;\"><strong>Jerusal\u00e9n 26 de mayo de 2014<\/strong><\/span><\/div>\n<div><span style=\"font-family: 'Times New Roman','serif'; font-size: 10pt;\">Quisiera, con mucha humildad, decir que el terrorismo es malo. Es malo en su origen y es malo en sus resultados. Es malo porque nace del odio. Es malo en sus resultados porque no construye, destruye. Que nuestros pueblos comprendan que el camino del terrorismo no ayuda. El camino del terrorismo es fundamental<\/span><span style=\"font-family: 'Times New Roman','serif'; font-size: 10pt;\"><img loading=\"lazy\" decoding=\"async\" class=\" alignleft size-full wp-image-242\" style=\"margin-right: 4px; margin-bottom: 2px; margin-left: 2px; float: left;\" title=\"Papa Francisco en Yad Vashem\" src=\"https:\/\/cejc-madrid.org\/wp-content\/uploads\/2014\/05\/El-Papa-en-Yad-Vashem-flores.png\" alt=\"Papa Francisco en Yad Vashem\" width=\"308\" height=\"235\" srcset=\"https:\/\/cejc-madrid.org\/wp-content\/uploads\/2014\/05\/El-Papa-en-Yad-Vashem-flores.png 379w, https:\/\/cejc-madrid.org\/wp-content\/uploads\/2014\/05\/El-Papa-en-Yad-Vashem-flores-300x229.png 300w\" sizes=\"(max-width: 308px) 100vw, 308px\" \/><\/span><span style=\"font-family: 'Times New Roman','serif'; font-size: 10pt;\">mente criminal. Rezo por todas esas v\u00edctimas, y por todas las v\u00edctimas del terrorismo en el mundo, por favor nunca m\u00e1s terrorismo, es una calle sin salida.<\/span><\/div>\n<div><span style=\"font-family: 'Times New Roman','serif'; font-size: 10pt;\">Ad\u00e1n, \u00bfd\u00f3nde est\u00e1s?\u201d (cf. <i>Gn<\/i> 3,9).<\/span><\/div>\n<div><span style=\"font-family: 'Times New Roman','serif'; font-size: 10pt;\">\u00bfD\u00f3nde est\u00e1s, hombre? \u00bfD\u00f3nde te has metido?<\/span><\/div>\n<div><span style=\"font-family: 'Times New Roman','serif'; font-size: 10pt;\">En este lugar, memorial de la Shoah, resuena esta pregunta de Dios: \u201cAd\u00e1n, \u00bfd\u00f3nde est\u00e1s?<\/span><\/div>\n<div><span style=\"font-family: 'Times New Roman','serif'; font-size: 10pt;\">Esta pregunta contiene el dolor del Padre que h<\/span><span style=\"font-family: 'Times New Roman','serif'; font-size: 10pt;\">a perdido a su hijo.<\/span><\/div>\n<div><span style=\"font-family: 'Times New Roman','serif'; font-size: 10pt;\">El Padre conoc\u00eda el riesgo de la libertad; sab\u00eda que el hijo podr\u00eda perderse\u2026 pero quiz\u00e1s ni siquiera el Padre pod\u00eda imaginar una ca\u00edda como \u00e9sta, un abismo tan grande.<\/span><\/div>\n<div><span style=\"font-family: 'Times New Roman','serif'; font-size: 10pt;\">Este grito: \u00bfD\u00f3nde est\u00e1s?, aqu\u00ed, ante la tragedia inconmensurable del Holocausto, resuena como una voz que se pierde en un abismo de fondo\u2026<\/span><\/div>\n<div><span style=\"font-family: 'Times New Roman','serif'; font-size: 10pt;\"><span style=\"font-family: 'Times New Roman','serif'; font-size: 10pt;\">Hombre, \u00bfqui\u00e9n eres? Ya no te conozco.<\/span><\/span><br \/>\n<span style=\"font-family: 'Times New Roman','serif'; font-size: 10pt;\"><\/span><\/div>\n<div><span style=\"font-family: 'Times New Roman','serif'; font-size: 10pt;\">\u00bfQui\u00e9n eres, hombre? \u00bfEn qu\u00e9 te has convertido?<\/span><\/div>\n<div><span style=\"font-family: 'Times New Roman','serif'; font-size: 10pt;\">\u00bfC\u00f3mo has sido capaz de este horror?<\/span><\/div>\n<div><span style=\"font-family: 'Times New Roman','serif'; font-size: 10pt;\">\u00bfQu\u00e9 te ha hecho caer tan bajo?<\/span><\/div>\n<div><span style=\"font-family: 'Times New Roman','serif'; font-size: 10pt;\"><span style=\"font-family: 'Times New Roman','serif'; font-size: 10pt;\">No ha sido el polvo de la tierra, del que est\u00e1s hecho. El polvo de la tierra es bueno, obra de mis manos.<\/span><\/span><span style=\"font-family: 'Times New Roman','serif'; font-size: 10pt;\"><\/span><\/div>\n<div><span style=\"font-family: 'Times New Roman','serif'; font-size: 10pt;\">No ha sido el aliento de vida que sopl\u00e9 en tu nariz. Ese soplo viene de m\u00ed; es muy bueno (cf. <i>Gn 2,7)<\/i>.<\/span><\/div>\n<div><span style=\"font-family: 'Times New Roman','serif'; font-size: 10pt;\">No este abismo no puede ser s\u00f3lo obra tuya, de tus mano, de tu coraz\u00f3n\u2026 \u00bfQui\u00e9n te ha corrompido? \u00bfQui\u00e9n te ha desfigurado?<\/span><\/div>\n<div><span style=\"font-family: 'Times New Roman','serif'; font-size: 10pt;\"><img loading=\"lazy\" decoding=\"async\" class=\" alignleft size-full wp-image-243\" style=\"margin: 4px; float: left;\" title=\"Papa en Yad Vashem-3\" src=\"https:\/\/cejc-madrid.org\/wp-content\/uploads\/2014\/05\/el-papa-en-yad-vashem_270x250.jpg\" alt=\"Papa en Yad Vashem-3\" width=\"194\" height=\"180\" \/>\u00bfQui\u00e9n te ha contagiado la presunci\u00f3n de apropiarte del bien y del mal?<\/span><\/div>\n<div><span style=\"font-family: 'Times New Roman','serif'; font-size: 10pt;\">\u00bfQui\u00e9n te ha convencido de que eres dios? No s\u00f3lo has torturado y asesinado a tus hermanos, sino que te lo has ofrecido en sacrificio a ti mismo, porque te has erigido en dios.<\/span><\/div>\n<div><span style=\"font-family: 'Times New Roman','serif'; font-size: 10pt;\">Hoy volvemos a escuchar aqu\u00ed la voz de Dios: \u201cAd\u00e1n \u00bfd\u00f3nde est\u00e1s?\u201d.<\/span><\/div>\n<div><span style=\"font-family: 'Times New Roman','serif'; font-size: 10pt;\">De la tierra se levanta un t\u00edmido gemido: Ten piedad de nosotros, Se\u00f1or.<\/span><\/div>\n<div><span style=\"font-family: 'Times New Roman','serif'; font-size: 10pt;\">A ti, Se\u00f1or Dios nuestro, la justicia; nosotros llevamos al deshonra en el rostro, la verg\u00fcenza (cf. Ba 1,15).<\/span><\/div>\n<div><span style=\"font-family: 'Times New Roman','serif'; font-size: 10pt;\">Se nos ha venido encima un mal como jam\u00e1s sucedi\u00f3 bajo el cielo (cf. Ba 2,2). Se\u00f1or, escucha nuestra oraci\u00f3n, escucha nuestra s\u00faplica, s\u00e1lvanos por tu misericordia. S\u00e1lvanos de esta monstruosidad.<\/span><\/div>\n<div><span style=\"font-family: 'Times New Roman','serif'; font-size: 10pt;\">Se\u00f1or omnipotente, un alma afligida clama a ti, Escucha, Se\u00f1or, ten piedad.<\/span><\/div>\n<div><span style=\"font-family: 'Times New Roman','serif'; font-size: 10pt;\">Hemos pecado contra ti. T\u00fa reinas por siempre (cf. BA 3,1-2)-<\/span><\/div>\n<div><span style=\"font-family: 'Times New Roman','serif'; font-size: 10pt;\">Acu\u00e9rdate de nosotros en tu misericordia. Danos la gracia de avergonzarnos de lo que, como hombres, hemos sido capaces de hacer, de avergonzarnos de esta m\u00e1xima idolatr\u00eda de haber despreciado y destruido nuestra carne, esa carne que t\u00fa modelaste del barro, que t\u00fa vivificaste con tu aliento de vida.<\/span><\/div>\n<div><span style=\"font-family: 'Times New Roman','serif'; font-size: 10pt;\">\u00a1Nunca m\u00e1s, Se\u00f1or, nunca m\u00e1s!<\/span><\/div>\n<div><span style=\"font-family: 'Times New Roman','serif'; font-size: 10pt;\">\u201cAd\u00e1n, \u00bfd\u00f3nde est\u00e1s?\u201d Aqu\u00ed estoy, Se\u00f1or, con la verg\u00fcenza de lo que el hombre, creado a tu imagen y semejanza, ha sido capaz de hacer.<\/span><\/div>\n<div><span style=\"font-family: 'Times New Roman','serif'; font-size: 10pt;\">Acu\u00e9rdate de nosotros en tu misericordia.<\/span><\/div>\n<div><span style=\"font-family: 'Times New Roman','serif'; font-size: 10pt;\"><\/span><\/div>\n","protected":false},"excerpt":{"rendered":"<div style=\"text-align: center;\"><span style=\"font-size: 10pt;\"><strong>VISITA AL MEMORIAL DEL YAD VASHEM<\/strong><\/span><\/div>\n<div style=\"text-align: center;\"><span style=\"font-size: 10pt;\"><strong>Jerusal\u00e9n 26 de mayo de 2014<\/strong><\/span><\/div>\n<div><span style=\"font-family: 'Times New Roman','serif'; font-size: 10pt;\">Quisiera, con mucha humildad, decir que el terrorismo es malo. Es malo en su origen y es malo en sus resultados. Es malo porque nace del odio. Es malo en sus resultados porque no construye, destruye. Que nuestros pueblos comprendan que el camino del terrorismo no ayuda. El camino del terrorismo es fundamental<\/span><span style=\"font-family: 'Times New Roman','serif'; font-size: 10pt;\"><img loading=\"lazy\" decoding=\"async\" class=\" alignleft size-full wp-image-242\" style=\"margin-right: 4px; margin-bottom: 2px; margin-left: 2px; float: left;\" title=\"Papa Francisco en Yad Vashem\" src=\"https:\/\/cejc-madrid.org\/wp-content\/uploads\/2014\/05\/El-Papa-en-Yad-Vashem-flores.png\" alt=\"Papa Francisco en Yad Vashem\" width=\"308\" height=\"235\" srcset=\"https:\/\/cejc-madrid.org\/wp-content\/uploads\/2014\/05\/El-Papa-en-Yad-Vashem-flores.png 379w, https:\/\/cejc-madrid.org\/wp-content\/uploads\/2014\/05\/El-Papa-en-Yad-Vashem-flores-300x229.png 300w\" sizes=\"(max-width: 308px) 100vw, 308px\" \/><\/span><span style=\"font-family: 'Times New Roman','serif'; font-size: 10pt;\">mente criminal. Rezo por todas esas v\u00edctimas, y por todas las v\u00edctimas del terrorismo en el mundo, por favor nunca m\u00e1s terrorismo, es una calle sin salida.<\/span><\/div>\n<div><span style=\"font-family: 'Times New Roman','serif'; font-size: 10pt;\">Ad\u00e1n, \u00bfd\u00f3nde est\u00e1s?\u201d (cf. <i>Gn<\/i> 3,9).<\/span><\/div>\n<div><span style=\"font-family: 'Times New Roman','serif'; font-size: 10pt;\">\u00bfD\u00f3nde est\u00e1s, hombre? \u00bfD\u00f3nde te has metido?<\/span><\/div>\n<div><span style=\"font-family: 'Times New Roman','serif'; font-size: 10pt;\">En este lugar, memorial de la Shoah, resuena esta pregunta de Dios: \u201cAd\u00e1n, \u00bfd\u00f3nde est\u00e1s?<\/span><\/div>\n<div><span style=\"font-family: 'Times New Roman','serif'; font-size: 10pt;\">Esta pregunta contiene el dolor del Padre que h<\/span><span style=\"font-family: 'Times New Roman','serif'; font-size: 10pt;\">a perdido a su hijo.<\/span><\/div>\n<div><span style=\"font-family: 'Times New Roman','serif'; font-size: 10pt;\">El Padre conoc\u00eda el riesgo de la libertad; sab\u00eda que el hijo podr\u00eda perderse\u2026 pero quiz\u00e1s ni siquiera el Padre pod\u00eda imaginar una ca\u00edda como \u00e9sta, un abismo tan grande.<\/span><\/div>\n<div><span style=\"font-family: 'Times New Roman','serif'; font-size: 10pt;\">Este grito: \u00bfD\u00f3nde est\u00e1s?, aqu\u00ed, ante la tragedia inconmensurable del Holocausto, resuena como una voz que se pierde en un abismo de fondo\u2026<\/span><\/div>\n<div><span style=\"font-family: 'Times New Roman','serif'; font-size: 10pt;\"><span style=\"font-family: 'Times New Roman','serif'; font-size: 10pt;\">Hombre, \u00bfqui\u00e9n eres? Ya no te conozco.<\/span><\/span><\/p>\n","protected":false},"author":1,"featured_media":242,"comment_status":"open","ping_status":"open","sticky":false,"template":"","format":"standard","meta":{"_et_pb_use_builder":"","_et_pb_old_content":"","_et_gb_content_width":"","footnotes":""},"categories":[43],"tags":[],"class_list":["post-244","post","type-post","status-publish","format-standard","has-post-thumbnail","hentry","category-viaje-del-papa-francisco-tierra-santa"],"_links":{"self":[{"href":"https:\/\/cejc-madrid.org\/index.php\/wp-json\/wp\/v2\/posts\/244","targetHints":{"allow":["GET"]}}],"collection":[{"href":"https:\/\/cejc-madrid.org\/index.php\/wp-json\/wp\/v2\/posts"}],"about":[{"href":"https:\/\/cejc-madrid.org\/index.php\/wp-json\/wp\/v2\/types\/post"}],"author":[{"embeddable":true,"href":"https:\/\/cejc-madrid.org\/index.php\/wp-json\/wp\/v2\/users\/1"}],"replies":[{"embeddable":true,"href":"https:\/\/cejc-madrid.org\/index.php\/wp-json\/wp\/v2\/comments?post=244"}],"version-history":[{"count":0,"href":"https:\/\/cejc-madrid.org\/index.php\/wp-json\/wp\/v2\/posts\/244\/revisions"}],"wp:featuredmedia":[{"embeddable":true,"href":"https:\/\/cejc-madrid.org\/index.php\/wp-json\/wp\/v2\/media\/242"}],"wp:attachment":[{"href":"https:\/\/cejc-madrid.org\/index.php\/wp-json\/wp\/v2\/media?parent=244"}],"wp:term":[{"taxonomy":"category","embeddable":true,"href":"https:\/\/cejc-madrid.org\/index.php\/wp-json\/wp\/v2\/categories?post=244"},{"taxonomy":"post_tag","embeddable":true,"href":"https:\/\/cejc-madrid.org\/index.php\/wp-json\/wp\/v2\/tags?post=244"}],"curies":[{"name":"wp","href":"https:\/\/api.w.org\/{rel}","templated":true}]}}