{"id":2460,"date":"2024-11-14T11:54:38","date_gmt":"2024-11-14T11:54:38","guid":{"rendered":"https:\/\/cejc-madrid.org\/?p=2460"},"modified":"2024-11-15T12:04:03","modified_gmt":"2024-11-15T12:04:03","slug":"ciclo-de-conferencias-curso-2016-2017","status":"publish","type":"post","link":"https:\/\/cejc-madrid.org\/index.php\/2024\/11\/14\/ciclo-de-conferencias-curso-2016-2017\/","title":{"rendered":"Ciclo de Conferencias Curso 2016\/2017"},"content":{"rendered":"<p>\u00abLos desaf\u00edos del di\u00e1logo Judeo-Cristiano en el siglo XXI\u201d<\/p>\n<p><strong>Apertura de Curso<\/strong>:<\/p>\n<p><strong>JUEVES 3 de noviembre<\/strong>, a las 7,30 de la tarde<\/p>\n<p><strong>\u00bfC\u00f3mo ense\u00f1ar la afirmaci\u00f3n de la Iglesia: Jud\u00edos y Cristianos en sus diferencias forman el Pueblo de Dios?<\/strong><\/p>\n<p><strong>Monse\u00f1or Pier Francesco Fumagalli \u2013 <\/strong><strong>Director Academia Ambrosiana de Mil\u00e1n <\/strong><\/p>\n<p>Lugar: ser\u00e1 anunciado oportunamente<\/p>\n<p><strong><u>NOVIEMBRE<\/u><\/strong><\/p>\n<p>Mi\u00e9rcoles 16:<\/p>\n<p><strong>La Vocaci\u00f3n de Israel y las Naciones. <\/strong><\/p>\n<p><em>Dr. Jos\u00e9 Ram\u00f3n Busto -Universidad Pontificia Comillas<\/em><\/p>\n<p>Mi\u00e9rcoles 23:<\/p>\n<p><strong>Israel no sin las naciones. <\/strong><\/p>\n<ol>\n<li><em> Mario Stofenmacher \u2013 Comunidad Jud\u00eda Bet-El<\/em><\/li>\n<\/ol>\n<p>Mi\u00e9rcoles 30:<\/p>\n<p><strong>El Dios de Abraham, de Isaac, de Jacob y de Jesucristo. <\/strong><\/p>\n<p><em>Dr. Efrem Yildiz \u2013 Universidad de Salamanca<\/em><\/p>\n<p><strong><u>DICIEMBRE<\/u><\/strong><\/p>\n<p>Mi\u00e9rcoles 14:<\/p>\n<p><strong>Los Padres de la Iglesia y los Sabios de Israel como reveladores dela Palabra de Dios. <\/strong><\/p>\n<p><em>Dr. Manuel Ar\u00f3rztegui Esnaola \u2013 Universidad Eclesi\u00e1stica San D\u00e1maso<\/em><\/p>\n<p>Mi\u00e9rcoles 21:<\/p>\n<p><strong>La interpretaci\u00f3n de la tradici\u00f3n vetero-testamentaria en el Nuevo Testamento.<\/strong><\/p>\n<p><em>Dr. Agust\u00edn del Agua \u2013 Universidad Eclesi\u00e1stica San D\u00e1maso<\/em><\/p>\n<p><strong><u>ENERO<\/u><\/strong><\/p>\n<p>Mi\u00e9rcoles 11:<\/p>\n<p><strong>Pablo y las Naciones.<\/strong><\/p>\n<p><em>Dr. Francisco Ram\u00edrez Fueyo &#8211; Universidad Pontificia Comillas<\/em><\/p>\n<p>Mi\u00e9rcoles 18:<\/p>\n<p><strong>Israel, Pueblo elegido: Particularismo y Universalismo.<\/strong><\/p>\n<p><em>Dra. Elisa Est\u00e9vez &#8211; Universidad Pontificia Comillas<\/em><\/p>\n<p>Mi\u00e9rcoles 25:<\/p>\n<p><strong>La oralidad como medio de interpretaci\u00f3n de las Escrituras para la Sinagoga y la Iglesia. <\/strong><\/p>\n<p><em>Dra. Amparo Alba \u2013 Universidad Complutense<\/em><\/p>\n<p><strong><u>FEBRERO<\/u><\/strong><\/p>\n<p>Mi\u00e9rcoles 1:<\/p>\n<p><strong>La divergencia del Mes\u00edas como raz\u00f3n de unidad entre jud\u00edos y cristianos. <\/strong><\/p>\n<p><em>Dra. Mar\u00eda Fuencisla Garc\u00eda Casar \u2013 Universidad de Salamanca<\/em><\/p>\n<p>Mi\u00e9rcoles 8:<\/p>\n<p><strong>La falsa idea de ruptura entre la Iglesia y la Sinagoga. <\/strong><\/p>\n<p><em>Dr<\/em>. <em>Jos\u00e9 Mar\u00eda Magaz \u2013 Universidad Eclesi\u00e1stica San D\u00e1maso<\/em><\/p>\n<p>Mi\u00e9rcoles 15:<\/p>\n<p><strong>Teolog\u00eda de la Sustituci\u00f3n: el <em>Verus Israel.<\/em><\/strong><\/p>\n<p><em>Dr. Elio Passeto, nds \u2013 Director Instituto Ratisbonne &#8211; Jerusalem<\/em><\/p>\n<p>Mi\u00e9rcoles 22:<\/p>\n<p><strong>\u00bfCu\u00e1l es la nueva teolog\u00eda cristiana del juda\u00edsmo?<\/strong><\/p>\n<p><em>Dr. Donizeti Ribero \u2013 Superior Religiosos Sion- Brasil<\/em><\/p>\n<p><strong><u>MARZO<\/u><\/strong><\/p>\n<p>Mi\u00e9rcoles 1:<\/p>\n<p><strong>Jes\u00fas, un jud\u00edo en el juda\u00edsmo de su \u00e9poca. <\/strong><\/p>\n<p><em>D\u00aa. Martina Granizo Aranda \u2013 Centro de Estudios Judeo-Cristianos<\/em><\/p>\n<p>Mi\u00e9rcoles 8:<\/p>\n<p><strong>Documentos de la Iglesia acerca del juda\u00edsmo despu\u00e9s del Concilio Vaticano II.<\/strong><\/p>\n<p><em>D\u00aa. Marina Lara Rodr\u00edguez \u00a0&#8211; Centro de Estudios Judeo-Cristianos<\/em><\/p>\n<p>Mi\u00e9rcoles 16:<\/p>\n<p><strong>Los jud\u00edos y el Concilio Vaticano II.<\/strong><\/p>\n<ol>\n<li><em> Mauricio Toledano Marqu\u00e9s \u2013 Centro de Estudios Judeo-Cristianos<\/em><\/li>\n<\/ol>\n<p>Mi\u00e9rcoles 22:<\/p>\n<p><strong>Influencias mutuas entre la Iglesia y la Sinagoga a lo largo de la historia.<\/strong><\/p>\n<p><em>Rav. Yerahmiel Barylka \u00a0&#8211; Sinagoga Rambam, Madrid<\/em><\/p>\n<p>Mi\u00e9rcoles 29:<\/p>\n<p><strong>La teolog\u00eda del Papa Juan Pablo II sobre los jud\u00edos<\/strong><\/p>\n<p><em>Dr. Pedro Rodr\u00edguez Panizo \u00a0&#8211; Universidad Pontificia Comillas<\/em><\/p>\n<p><strong><u>ABRIL<\/u><\/strong><\/p>\n<p>Mi\u00e9rcoles 5:<\/p>\n<p><strong>Cambios en la perspectiva jud\u00eda sobre el cristianismo.<\/strong><\/p>\n<p><em>D\u00aa. Ver\u00f3nica Nehama\u00a0&#8211; Comunidad Jud\u00eda de Madrid<\/em><\/p>\n<p>Mi\u00e9rcoles 26:<\/p>\n<p><strong>\u00bfCu\u00e1l ser\u00eda un esfuerzo conjunto entre la Iglesia y la Sinagoga? <\/strong><\/p>\n<p><em>Dra. Ethel Barylka &#8211; Universidad Hebrea de Jerusalem<\/em><\/p>\n<p><strong><u>MAYO<\/u><\/strong><\/p>\n<p>Mi\u00e9rcoles 3:<\/p>\n<p><strong>La tradici\u00f3n judeo-cristiana en la interpretaci\u00f3n de la Escritura.<\/strong><\/p>\n<p><em>Dr. Manuel Gonz\u00e1lez Corps &#8211; \u00a0Universidad Eclesi\u00e1stica San D\u00e1maso<\/em><\/p>\n<p>Mi\u00e9rcoles 10:<\/p>\n<p><strong>Una nueva formulaci\u00f3n soteriol\u00f3gica de la Iglesia.<\/strong><\/p>\n<p><em>Dr. \u00c1ngel Cordovilla &#8211; Universidad Pontifiicia Comillas<\/em><\/p>\n<p>Mi\u00e9rcoles 17:<\/p>\n<p><strong>El Mes\u00edas b\u00edblico y las Naciones.<\/strong><\/p>\n<p><em>Dr. Elio Passeto, nds &#8211; Director Instituto Ratisbonne &#8211; Jerusalem<\/em><\/p>\n<p><strong>Clausura de Curso<\/strong>:<\/p>\n<p><strong>MI\u00c9RCOLES 25 de Mayo, <\/strong>a las 7,30 de la tarde<\/p>\n<p><strong>Consecuencias teol\u00f3gicas para los cristianos de los avances de la ense\u00f1anza de la Iglesia sobre el juda\u00edsmo.<\/strong><\/p>\n<p><em>Dr. Elio Passeto, nds &#8211; Director Instituto Ratisbonne &#8211; Jerusalem<\/em><\/p>\n","protected":false},"excerpt":{"rendered":"<p>\u00abLos desaf\u00edos del di\u00e1logo Judeo-Cristiano en el siglo XXI\u201d Apertura de Curso: JUEVES 3 de noviembre, a las 7,30 de la tarde \u00bfC\u00f3mo ense\u00f1ar la afirmaci\u00f3n de la Iglesia: Jud\u00edos y Cristianos en sus diferencias forman el Pueblo de Dios? Monse\u00f1or Pier Francesco Fumagalli \u2013 Director Academia Ambrosiana de Mil\u00e1n Lugar: ser\u00e1 anunciado oportunamente NOVIEMBRE [&hellip;]<\/p>\n","protected":false},"author":2,"featured_media":0,"comment_status":"closed","ping_status":"closed","sticky":false,"template":"","format":"standard","meta":{"_et_pb_use_builder":"","_et_pb_old_content":"","_et_gb_content_width":"","footnotes":""},"categories":[1],"tags":[],"class_list":["post-2460","post","type-post","status-publish","format-standard","hentry","category-uncategorized"],"_links":{"self":[{"href":"https:\/\/cejc-madrid.org\/index.php\/wp-json\/wp\/v2\/posts\/2460","targetHints":{"allow":["GET"]}}],"collection":[{"href":"https:\/\/cejc-madrid.org\/index.php\/wp-json\/wp\/v2\/posts"}],"about":[{"href":"https:\/\/cejc-madrid.org\/index.php\/wp-json\/wp\/v2\/types\/post"}],"author":[{"embeddable":true,"href":"https:\/\/cejc-madrid.org\/index.php\/wp-json\/wp\/v2\/users\/2"}],"replies":[{"embeddable":true,"href":"https:\/\/cejc-madrid.org\/index.php\/wp-json\/wp\/v2\/comments?post=2460"}],"version-history":[{"count":1,"href":"https:\/\/cejc-madrid.org\/index.php\/wp-json\/wp\/v2\/posts\/2460\/revisions"}],"predecessor-version":[{"id":2461,"href":"https:\/\/cejc-madrid.org\/index.php\/wp-json\/wp\/v2\/posts\/2460\/revisions\/2461"}],"wp:attachment":[{"href":"https:\/\/cejc-madrid.org\/index.php\/wp-json\/wp\/v2\/media?parent=2460"}],"wp:term":[{"taxonomy":"category","embeddable":true,"href":"https:\/\/cejc-madrid.org\/index.php\/wp-json\/wp\/v2\/categories?post=2460"},{"taxonomy":"post_tag","embeddable":true,"href":"https:\/\/cejc-madrid.org\/index.php\/wp-json\/wp\/v2\/tags?post=2460"}],"curies":[{"name":"wp","href":"https:\/\/api.w.org\/{rel}","templated":true}]}}