{"id":2465,"date":"2024-11-14T12:45:42","date_gmt":"2024-11-14T12:45:42","guid":{"rendered":"https:\/\/cejc-madrid.org\/?p=2465"},"modified":"2024-11-26T12:01:32","modified_gmt":"2024-11-26T12:01:32","slug":"ciclo-de-conferencias-curso-2024-2025","status":"publish","type":"post","link":"https:\/\/cejc-madrid.org\/index.php\/2024\/11\/14\/ciclo-de-conferencias-curso-2024-2025\/","title":{"rendered":"Ciclo de Conferencias Curso 2024\/2025"},"content":{"rendered":"<p>Ciclo de Conferencias Curso 2024\/2025<\/p>\n<p><strong>\u00abAntisemitismo: un mal que nunca muere\u00bb<\/strong><\/p>\n<p>Octubre<\/p>\n<p>30-10-2024 Apertura del Curso: \u201cAntisemitismo: un mal que nunca muere\u201d Dr. Florentino Portero &#8211; Fundaci\u00f3n Civismo<\/p>\n<p>Noviembre<\/p>\n<p>6-11-2024 ONLINE \u00abEl Pueblo elegido por Dios\u00bb MA Ethel Barylka &#8211; Mujer y Juda\u00edsmo<\/p>\n<p>13-11-2024 \u00abExilio babil\u00f3nico y comienzo de la Di\u00e1spora\u00bb Dra. Cayetana H. Johnson &#8211; Universidad San D\u00e1maso<\/p>\n<p>20-11-2024 \u00abDios se revela a Israel\u00bb Rab. Moshe Bendahan &#8211; Pdte. Consejo Rab\u00ednico de Espa\u00f1a<\/p>\n<p>27-11-2024 \u00abEl pueblo jud\u00edo en el contexto hel\u00e9nico: asimilaci\u00f3n o persecuci\u00f3n\u00bb Dr. David Villar Vegas &#8211; Universidad Complutense<\/p>\n<p>Diciembre<\/p>\n<p>4-12-2024 \u00abAntisemitismo pagano en los primeros siglos: la ra\u00edz de todos los antisemitismos\u00bb Dr. Carlos Levy &#8211; Profesor em\u00e9rito Universidad Sorbona<\/p>\n<p>11-12-2024 \u00abEl pueblo jud\u00edo tras la desaparici\u00f3n del Templo\u00bb Rab. Pinhas Punturello &#8211; Ibn Gabirol &#8211; Estrella Toledano<\/p>\n<p>18-12-2025 \u00abLas naciones descubren al Dios de Israel, pero sin Israel\u00bb Dr. Elio Passeto, NDS &#8211; Instituto Ratisbonne Jerusalem<\/p>\n<p>Enero<\/p>\n<p>15-1-2025 ONLINE \u00abSan Juan Cris\u00f3stomo &#8211; San Agust\u00edn\u00bb Dr. Elio Passeto, NDS &#8211; Instituto Ratisbonne Jerusalem<\/p>\n<p>22-1-2025 \u00abTeolog\u00eda de la sustituci\u00f3n y sus consecuencias para el pueblo jud\u00edo\u00bb Dr. Mauricio Toledano Marqu\u00e9s &#8211; Miembro de CJM<\/p>\n<p>29-1-2025 \u00abLa posici\u00f3n de los cristianos durante la Shoah\u00bb Dr. Manuel Reyes Mate &#8211; Prof. investigaci\u00f3n ad honorem CSIC<\/p>\n<p>Febrero<\/p>\n<p>5-2-2025 ONLINE a las 20:30 \u00abEl jud\u00edo a los ojos de la sociedad ib\u00e9rica (siglos XIV-XVI)\u00bb Dra. Aliza Moreno Goldschmidt &#8211; Biblioteca Nacional de Israel &#8211; 20:30h.<\/p>\n<p>12-2-2025 \u00abFalsas acusaciones contra los jud\u00edos en la Edad Media &#8211; estereotipos\u00bb Dra. Amparo Alba &#8211; Universidad Complutense<\/p>\n<p>19-2-2025 \u00abLa Ilustraci\u00f3n y la Haskala: un lugar para el jud\u00edo pero no para su fe\u00bb D. Jos\u00e9 Mar\u00eda Leite, NDS &#8211; CCDEJ de S\u00e4o Paulo<\/p>\n<p>26-2-2025 ONLINE \u00abIsrael: una tierra sin su pueblo bajo el Imperio Otomano\u00bb Dr. Mois\u00e9s Orfali &#8211; Universidad Bar &#8211; Ilan<\/p>\n<p>Marzo<\/p>\n<p>5-3-2025 \u00abLa creaci\u00f3n del Estado de Israel: la realizaci\u00f3n de un sue\u00f1o doblemente milenario\u00bb D. Samuel Bengio &#8211; Yad Vashem &#8211; Espa\u00f1a<\/p>\n<p>12-3-2025 \u00abLas mentiras que matan: los Protocolos de los Sabios de Sion\u00bb Dra. Ver\u00f3nica Nehama &#8211; Miembro de CJM<\/p>\n<p>19-3-2025 \u00abLa \u201cperfidia\u201d jud\u00eda en la liturgia del Viernes Santo\u00bb Dr. Manuel Gonz\u00e1lez &#8211; Presb\u00edtero. Di\u00f3cesis de Madrid<\/p>\n<p>26-3-2025 \u00abLa lucha de la Iglesia contra el antisemitismo. Enc\u00edclica Pio XI\u00bb D. Carlos Vasconcelos, NDS &#8211; CEJC<\/p>\n<p>Abril<\/p>\n<p>2-4-2025 \u00abLa proclamaci\u00f3n del Estado de Israel como identidad del pueblo jud\u00edo\u00bb D\u00f1a. Tal Itzhakov &#8211; Embajada de Israel en Espa\u00f1a<\/p>\n<p>9-4-2025 \u00abSer antisionista para ser antisemita\u00bb Dr. Gabriel Albiac &#8211; Universidad Complutense<\/p>\n<p>30-4-2025 \u00abIntereses internacionales sobre la causa palestina\u00bb Dr. Florentino Portero &#8211; Fundaci\u00f3n Civismo<\/p>\n<p>Mayo<\/p>\n<p>7-5-2025 ONLINE \u00abLos pa\u00edses \u00e1rabes en el conflicto Israel-Palestina\u00bb Dr. Gabriel Ben Tasgal &#8211; Especialista radicalismo isl\u00e1mico<\/p>\n<p>14-5-2025 ONLINE \u00abHamas y el Nazismo\u00bb Dr. Gustavo Perednik &#8211; Herzog College<\/p>\n<p>21-5-2025 Clausura Curso 2024\/2025<\/p>\n<p>\u00abEl antisemitismo del siglo XXI: fuentes intelectuales e ideol\u00f3gicas Dr. Alejandro Baer\u00bb &#8211; Consejo Superior de Investigaciones Cient\u00edficas (CSIC)<\/p>\n","protected":false},"excerpt":{"rendered":"<p>Ciclo de Conferencias Curso 2024\/2025 \u00abAntisemitismo: un mal que nunca muere\u00bb Octubre 30-10-2024 Apertura del Curso: \u201cAntisemitismo: un mal que nunca muere\u201d Dr. Florentino Portero &#8211; Fundaci\u00f3n Civismo Noviembre 6-11-2024 ONLINE \u00abEl Pueblo elegido por Dios\u00bb MA Ethel Barylka &#8211; Mujer y Juda\u00edsmo 13-11-2024 \u00abExilio babil\u00f3nico y comienzo de la Di\u00e1spora\u00bb Dra. Cayetana H. Johnson [&hellip;]<\/p>\n","protected":false},"author":2,"featured_media":2506,"comment_status":"closed","ping_status":"closed","sticky":false,"template":"","format":"standard","meta":{"_et_pb_use_builder":"","_et_pb_old_content":"","_et_gb_content_width":"","footnotes":""},"categories":[239],"tags":[],"class_list":["post-2465","post","type-post","status-publish","format-standard","has-post-thumbnail","hentry","category-conferencias"],"_links":{"self":[{"href":"https:\/\/cejc-madrid.org\/index.php\/wp-json\/wp\/v2\/posts\/2465","targetHints":{"allow":["GET"]}}],"collection":[{"href":"https:\/\/cejc-madrid.org\/index.php\/wp-json\/wp\/v2\/posts"}],"about":[{"href":"https:\/\/cejc-madrid.org\/index.php\/wp-json\/wp\/v2\/types\/post"}],"author":[{"embeddable":true,"href":"https:\/\/cejc-madrid.org\/index.php\/wp-json\/wp\/v2\/users\/2"}],"replies":[{"embeddable":true,"href":"https:\/\/cejc-madrid.org\/index.php\/wp-json\/wp\/v2\/comments?post=2465"}],"version-history":[{"count":2,"href":"https:\/\/cejc-madrid.org\/index.php\/wp-json\/wp\/v2\/posts\/2465\/revisions"}],"predecessor-version":[{"id":2507,"href":"https:\/\/cejc-madrid.org\/index.php\/wp-json\/wp\/v2\/posts\/2465\/revisions\/2507"}],"wp:featuredmedia":[{"embeddable":true,"href":"https:\/\/cejc-madrid.org\/index.php\/wp-json\/wp\/v2\/media\/2506"}],"wp:attachment":[{"href":"https:\/\/cejc-madrid.org\/index.php\/wp-json\/wp\/v2\/media?parent=2465"}],"wp:term":[{"taxonomy":"category","embeddable":true,"href":"https:\/\/cejc-madrid.org\/index.php\/wp-json\/wp\/v2\/categories?post=2465"},{"taxonomy":"post_tag","embeddable":true,"href":"https:\/\/cejc-madrid.org\/index.php\/wp-json\/wp\/v2\/tags?post=2465"}],"curies":[{"name":"wp","href":"https:\/\/api.w.org\/{rel}","templated":true}]}}