{"id":2468,"date":"2024-11-18T17:22:37","date_gmt":"2024-11-18T17:22:37","guid":{"rendered":"https:\/\/cejc-madrid.org\/?p=2468"},"modified":"2024-11-20T10:34:28","modified_gmt":"2024-11-20T10:34:28","slug":"inauguracion-del-curso-2024-25-del-centro-de-estudios-judeo-cristianos","status":"publish","type":"post","link":"https:\/\/cejc-madrid.org\/index.php\/2024\/11\/18\/inauguracion-del-curso-2024-25-del-centro-de-estudios-judeo-cristianos\/","title":{"rendered":"Inauguraci\u00f3n del Curso 2024\/25 del Centro de Estudios Judeo-Cristianos"},"content":{"rendered":"\n[et_pb_section][et_pb_row][et_pb_column type=\u00bb4_4&#8243;][et_pb_text]<p>\u201cEl pasado 30 de octubre tuvo lugar la inauguraci\u00f3n del Curso Acad\u00e9mico 2024\/25 del Centro de Estudios Judeo-Cristianos, en la Sala P\u00e9rez del Pulgar de la Universidad Comillas, con un gran n\u00famero de asistentes, bajo el t\u00edtulo <strong>\u201cAntisemitismo: un mal que nunca muere\u201d<\/strong>. El acto inaugural fue presidido por <strong>Monse\u00f1or Bernardito Cleopas Auza<\/strong>, Nuncio Apost\u00f3lico en Espa\u00f1a y<strong> D. Federico de Montalvo<\/strong>, Vicerrector de Relaciones Institucionales y Secretario General de la Universidad. La conferencia magistral corri\u00f3 a cargo del <strong>Dr. Florentino Portero<\/strong>, de Fundaci\u00f3n Civismo. En la mesa presidencial intervinieron tambi\u00e9n <strong>D\u00f1a. Mayte Rodr\u00edguez<\/strong>, Directora del Centro de Estudios Judeo-Cristianos y el <strong>Reverendo D. Carlos Vasconcelos<\/strong>, de la Congregaci\u00f3n de Nuestra Se\u00f1ora de Si\u00f3n.<\/p><p>El acto tambi\u00e9n cont\u00f3 con la presencia de <strong>Mons. Jes\u00fas Vidal Chamorro<\/strong>, Obispo Auxiliar de Madrid; <strong>P. Juan Francisco Mac\u00edas<\/strong>, Director de la Oficina del Se\u00f1or Cardenal y Arzobispo de Madrid; <strong>D\u00f1a. Tal Itzhakov<\/strong>, Portavoz de la Embajada de Israel en Espa\u00f1a; <strong>D. David Obadia<\/strong>, Presidente de la Federacion de las Comunidades Judias de Espa\u00f1a; <strong>D\u00f1a. Estrella Bengio<\/strong>; Presidenta de la Comunidad Jud\u00eda de Madrid; <strong>D. Rafael V\u00e1zquez<\/strong>, Director de la Subcomisi\u00f3n para las Relaciones Interconfesionales y Di\u00e1logo interreligioso de la CEE; <strong>D. Aitor de la Morena<\/strong>, Delegado de Ecumenismo y Di\u00e1logo Interreligioso del Arzobispado de Madrid; <strong>D\u00f1a. Pilar Gonz\u00e1lez<\/strong>, Decana de la Facultad de Literatura Cristiana y Cl\u00e1sica de la Universidad Eclesi\u00e1stica San D\u00e1maso; <strong>D\u00f1a. Berta Bensad\u00f3n<\/strong>, Delegada de Cultura de la Comunidad Jud\u00eda de Madrid; <strong>D\u00f1a. Amit Zeev<\/strong>,\u00a0 de la Secretaria de la Comunidad Jud\u00eda de Galicia; <strong>D\u00f1a. Nuria Stisin<\/strong>, Directora Ejecutiva en Espa\u00f1a de Amigos de la Universidad Tel Aviv y numerosos amigos y alumnos del Centro\u201d.<\/p>[\/et_pb_text][\/et_pb_column][\/et_pb_row][\/et_pb_section]\n","protected":false},"excerpt":{"rendered":"<p><div class=\"et_pb_section et_pb_section_0 et_section_regular\" >\n\t\t\t\t\n\t\t\t\t\n\t\t\t\t\n\t\t\t\t\n\t\t\t\t\n\t\t\t\t\n\t\t\t\t\n\t\t\t\t\n\t\t\t\t\n\t\t\t<\/div><div class=\"et_pb_row et_pb_row_0 et_pb_row_empty\">\n\t\t\t\t\n\t\t\t\t\n\t\t\t\t\n\t\t\t\t\n\t\t\t\t\n\t\t\t<\/div><div class=\"et_pb_module et_pb_text et_pb_text_0  et_pb_text_align_left et_pb_bg_layout_light\">\n\t\t\t\t\n\t\t\t\t\n\t\t\t\t\n\t\t\t\t\n\t\t\t\t\n\t\t\t<\/div>\u201cEl pasado 30 de octubre tuvo lugar la inauguraci\u00f3n del Curso Acad\u00e9mico 2024\/25 del Centro de Estudios Judeo-Cristianos, en la Sala P\u00e9rez del Pulgar de la Universidad Comillas, con un gran n\u00famero de asistentes, bajo el t\u00edtulo \u201cAntisemitismo: un mal que nunca muere\u201d. El acto inaugural fue presidido por Monse\u00f1or Bernardito Cleopas Auza, Nuncio Apost\u00f3lico [&hellip;]<\/p>\n","protected":false},"author":2,"featured_media":2472,"comment_status":"open","ping_status":"open","sticky":false,"template":"","format":"standard","meta":{"_et_pb_use_builder":"on","_et_pb_old_content":"<p>\u201cEl pasado 30 de octubre tuvo lugar la inauguraci\u00f3n del Curso Acad\u00e9mico 2024\/25 del Centro de Estudios Judeo-Cristianos, en la Sala P\u00e9rez del Pulgar de la Universidad Comillas, con un gran n\u00famero de asistentes, bajo el t\u00edtulo <strong>\u201cAntisemitismo: un mal que nunca muere\u201d<\/strong>. El acto inaugural fue presidido por <strong>Monse\u00f1or Bernardito Cleopas Auza<\/strong>, Nuncio Apost\u00f3lico en Espa\u00f1a y<strong> D. Federico de Montalvo<\/strong>, Vicerrector de Relaciones Institucionales y Secretario General de la Universidad. La conferencia magistral corri\u00f3 a cargo del <strong>Dr. Florentino Portero<\/strong>, de Fundaci\u00f3n Civismo. En la mesa presidencial intervinieron tambi\u00e9n <strong>D\u00f1a. Mayte Rodr\u00edguez<\/strong>, Directora del Centro de Estudios Judeo-Cristianos y el <strong>Reverendo D. Carlos Vasconcelos<\/strong>, de la Congregaci\u00f3n de Nuestra Se\u00f1ora de Si\u00f3n.<\/p><p>El acto tambi\u00e9n cont\u00f3 con la presencia de <strong>Mons. Jes\u00fas Vidal Chamorro<\/strong>, Obispo Auxiliar de Madrid; <strong>P. Juan Francisco Mac\u00edas<\/strong>, Director de la Oficina del Se\u00f1or Cardenal y Arzobispo de Madrid; <strong>D\u00f1a. Tal Itzhakov<\/strong>, Portavoz de la Embajada de Israel en Espa\u00f1a; <strong>D. David Obadia<\/strong>, Presidente de la Federacion de las Comunidades Judias de Espa\u00f1a; <strong>D\u00f1a. Estrella Bengio<\/strong>; Presidenta de la Comunidad Jud\u00eda de Madrid; <strong>D. Rafael V\u00e1zquez<\/strong>, Director de la Subcomisi\u00f3n para las Relaciones Interconfesionales y Di\u00e1logo interreligioso de la CEE; <strong>D. Aitor de la Morena<\/strong>, Delegado de Ecumenismo y Di\u00e1logo Interreligioso del Arzobispado de Madrid; <strong>D\u00f1a. Pilar Gonz\u00e1lez<\/strong>, Decana de la Facultad de Literatura Cristiana y Cl\u00e1sica de la Universidad Eclesi\u00e1stica San D\u00e1maso; <strong>D\u00f1a. Berta Bensad\u00f3n<\/strong>, Delegada de Cultura de la Comunidad Jud\u00eda de Madrid; <strong>D\u00f1a. Amit Zeev<\/strong>,\u00a0 de la Secretaria de la Comunidad Jud\u00eda de Galicia; <strong>D\u00f1a. Nuria Stisin<\/strong>, Directora Ejecutiva en Espa\u00f1a de Amigos de la Universidad Tel Aviv y numerosos amigos y alumnos del Centro\u201d.<\/p>","_et_gb_content_width":"","footnotes":""},"categories":[33],"tags":[],"class_list":["post-2468","post","type-post","status-publish","format-standard","has-post-thumbnail","hentry","category-news"],"_links":{"self":[{"href":"https:\/\/cejc-madrid.org\/index.php\/wp-json\/wp\/v2\/posts\/2468","targetHints":{"allow":["GET"]}}],"collection":[{"href":"https:\/\/cejc-madrid.org\/index.php\/wp-json\/wp\/v2\/posts"}],"about":[{"href":"https:\/\/cejc-madrid.org\/index.php\/wp-json\/wp\/v2\/types\/post"}],"author":[{"embeddable":true,"href":"https:\/\/cejc-madrid.org\/index.php\/wp-json\/wp\/v2\/users\/2"}],"replies":[{"embeddable":true,"href":"https:\/\/cejc-madrid.org\/index.php\/wp-json\/wp\/v2\/comments?post=2468"}],"version-history":[{"count":4,"href":"https:\/\/cejc-madrid.org\/index.php\/wp-json\/wp\/v2\/posts\/2468\/revisions"}],"predecessor-version":[{"id":2492,"href":"https:\/\/cejc-madrid.org\/index.php\/wp-json\/wp\/v2\/posts\/2468\/revisions\/2492"}],"wp:featuredmedia":[{"embeddable":true,"href":"https:\/\/cejc-madrid.org\/index.php\/wp-json\/wp\/v2\/media\/2472"}],"wp:attachment":[{"href":"https:\/\/cejc-madrid.org\/index.php\/wp-json\/wp\/v2\/media?parent=2468"}],"wp:term":[{"taxonomy":"category","embeddable":true,"href":"https:\/\/cejc-madrid.org\/index.php\/wp-json\/wp\/v2\/categories?post=2468"},{"taxonomy":"post_tag","embeddable":true,"href":"https:\/\/cejc-madrid.org\/index.php\/wp-json\/wp\/v2\/tags?post=2468"}],"curies":[{"name":"wp","href":"https:\/\/api.w.org\/{rel}","templated":true}]}}