{"id":25,"date":"2011-11-04T10:46:44","date_gmt":"2011-11-04T10:46:44","guid":{"rendered":"https:\/\/upbeat-goodall.82-223-35-84.plesk.page\/index.php\/2011\/11\/04\/el-olivo-no-16\/"},"modified":"2011-11-04T10:46:44","modified_gmt":"2011-11-04T10:46:44","slug":"el-olivo-no-16","status":"publish","type":"post","link":"https:\/\/cejc-madrid.org\/index.php\/2011\/11\/04\/el-olivo-no-16\/","title":{"rendered":"El Olivo n\u00ba 16"},"content":{"rendered":"<p align=\"center\"><b>EL OLIVO    n\u00ba 16<\/b><\/p>\n<p align=\"center\">\u00a0<\/p>\n<p align=\"center\">Julio &#8211; Diciembre 1982<\/p>\n<p align=\"center\">\u00a0<\/p>\n<p align=\"center\"><span style=\"text-decoration: underline;\">\u00cdndice<\/span><\/p>\n<p align=\"center\"><span style=\"text-decoration: underline;\"><br \/><\/span><\/p>\n<p align=\"left\"><strong>En torno a la  teolog\u00eda del Antiguo Testamento &#8211;<\/strong>Miguel P\u00e9rez Fern\u00e1ndez<\/p>\n<p align=\"left\"><strong>Reflexiones  sobre la comunidad escatol\u00f3gica en la tradici\u00f3n jud\u00eda y en la tradici\u00f3n  cristiana &#8211; <\/strong>Pau Figueras<\/p>\n<p align=\"left\"><strong>Ideas  coincidentes en la literatura de ultratumba de \u00ablas tres grandes  religiones<\/strong> &#8211; Montserrat Abumalhan<\/p>\n<p align=\"left\"><strong>Algunos  judeoconversos de la Guardia (Alva) penitenciados por el Tribunal de la  Inquisici\u00f3n en el siglo XVI<\/strong> &#8211; Enrique Cantera Montenegro<\/p>\n<p align=\"left\"><strong>Extasis y  especulaci\u00f3n en la m\u00edstica de Safed<\/strong> &#8211; Luis F. Gir\u00f3n Blanc<\/p>\n<p align=\"left\"><strong>Israel y los  jud\u00edos en el Misal Romano<\/strong> -Juli\u00e1n L\u00f3pez Mart\u00edn<\/p>\n<p align=\"left\"><strong>Jerusal\u00e9n,  centro mundial del reencuentro &#8211; <\/strong>Juan Rodolfo Rosenberg<\/p>\n<p align=\"left\"><strong>VII Seminaio  Hispano-Israel\u00ed<\/strong> &#8211; Vicente Serrano<\/p>\n<p align=\"left\">\u00a0<\/p>\n<p align=\"left\">Documentaci\u00f3n<\/p>\n<p align=\"left\">Alocuci\u00f3n de la delegaci\u00f3n de la Federaci\u00f3n de  Comunidades Israelitas de Espa\u00f1a con ocasi\u00f3n de la entrevista con S.S. Juan  Pablo II, el 3 de noviembre de 1982<\/p>\n","protected":false},"excerpt":{"rendered":"<p>EL OLIVO n\u00ba 16 \u00a0 Julio &#8211; Diciembre 1982 \u00a0 \u00cdndice En torno a la teolog\u00eda del Antiguo Testamento &#8211;Miguel P\u00e9rez Fern\u00e1ndez Reflexiones sobre la comunidad escatol\u00f3gica en la tradici\u00f3n jud\u00eda y en la tradici\u00f3n cristiana &#8211; Pau Figueras Ideas coincidentes en la literatura de ultratumba de \u00ablas tres grandes religiones &#8211; Montserrat Abumalhan Algunos [&hellip;]<\/p>\n","protected":false},"author":1,"featured_media":0,"comment_status":"open","ping_status":"open","sticky":false,"template":"","format":"standard","meta":{"_et_pb_use_builder":"","_et_pb_old_content":"","_et_gb_content_width":"","footnotes":""},"categories":[25],"tags":[],"class_list":["post-25","post","type-post","status-publish","format-standard","hentry","category-revista-qel-olivoq"],"_links":{"self":[{"href":"https:\/\/cejc-madrid.org\/index.php\/wp-json\/wp\/v2\/posts\/25","targetHints":{"allow":["GET"]}}],"collection":[{"href":"https:\/\/cejc-madrid.org\/index.php\/wp-json\/wp\/v2\/posts"}],"about":[{"href":"https:\/\/cejc-madrid.org\/index.php\/wp-json\/wp\/v2\/types\/post"}],"author":[{"embeddable":true,"href":"https:\/\/cejc-madrid.org\/index.php\/wp-json\/wp\/v2\/users\/1"}],"replies":[{"embeddable":true,"href":"https:\/\/cejc-madrid.org\/index.php\/wp-json\/wp\/v2\/comments?post=25"}],"version-history":[{"count":0,"href":"https:\/\/cejc-madrid.org\/index.php\/wp-json\/wp\/v2\/posts\/25\/revisions"}],"wp:attachment":[{"href":"https:\/\/cejc-madrid.org\/index.php\/wp-json\/wp\/v2\/media?parent=25"}],"wp:term":[{"taxonomy":"category","embeddable":true,"href":"https:\/\/cejc-madrid.org\/index.php\/wp-json\/wp\/v2\/categories?post=25"},{"taxonomy":"post_tag","embeddable":true,"href":"https:\/\/cejc-madrid.org\/index.php\/wp-json\/wp\/v2\/tags?post=25"}],"curies":[{"name":"wp","href":"https:\/\/api.w.org\/{rel}","templated":true}]}}