{"id":2576,"date":"2024-12-13T09:58:59","date_gmt":"2024-12-13T09:58:59","guid":{"rendered":"https:\/\/cejc-madrid.org\/?p=2576"},"modified":"2024-12-13T09:59:08","modified_gmt":"2024-12-13T09:59:08","slug":"el-cejc-adhiere-al-comunicado-emitido-ante-el-anuncio-de-la-derogacion-del-delito-contra-los-sentimientos-religiosos-del-codigo-penal","status":"publish","type":"post","link":"https:\/\/cejc-madrid.org\/index.php\/2024\/12\/13\/el-cejc-adhiere-al-comunicado-emitido-ante-el-anuncio-de-la-derogacion-del-delito-contra-los-sentimientos-religiosos-del-codigo-penal\/","title":{"rendered":"El CEJC adhiere al Comunicado emitido ante el anuncio de la derogaci\u00f3n del delito contra los sentimientos religiosos del C\u00f3digo Penal"},"content":{"rendered":"<p><strong>El CEJC adhiere al Comunicado emitido ante el anuncio de la <\/strong><strong>derogaci\u00f3n del delito contra los sentimientos religiosos del C\u00f3digo Penal<\/strong><\/p>\n<p>\u201cLas confesiones cristianas miembros de la Mesa de Di\u00e1logo Interconfesional de Espa\u00f1a, y las dem\u00e1s confesiones religiosas firmantes de este comunicado, queremos manifestar de manera conjunta a la sociedad espa\u00f1ola nuestra seria preocupaci\u00f3n ante el anuncio realizado el pasado 17 de septiembre de 2024 por parte del ministro de la Presidencia, Justicia y Relaciones con las Cortes, D. F\u00e9lix Bola\u00f1os Garc\u00eda, de una reforma integral del C\u00f3digo Penal, incluyendo, entre las medidas previstas, la derogaci\u00f3n del delito contra los sentimientos religiosos o de escarnio p\u00fablico del art\u00edculo 525 del C\u00f3digo Penal. La derogaci\u00f3n de este delito, incluido dentro de los delitos relativos al ejercicio de los derechos fundamentales y libertades p\u00fablicas y espec\u00edficamente dentro de los delitos contra la libertad de conciencia, se ha justificado como una forma de dar mayor protecci\u00f3n a la libertad de expresi\u00f3n\u201d.<\/p>\n<p>\u201cComo ciudadanos y representantes de nuestras comunidades religiosas valoramos y respetamos el derecho a la libertad de expresi\u00f3n, como derecho fundamental reconocido constitucionalmente (art. 20.1.a), propio de las sociedades democr\u00e1ticas, que es el que nos ampara para poder expresar nuestra opini\u00f3n ante estas medidas anunciadas. Pero, al mismo tiempo que defendemos el derecho a la libertad de expresi\u00f3n, como ciudadanos y creyentes, reivindicamos tambi\u00e9n el derecho de nuestros fieles a poder vivir la fe en un clima de respeto a los sentimientos religiosos, amparados por otros derechos tambi\u00e9n protegidos constitucionalmente, tales como el derecho a la libertad religiosa, libertad de conciencia (art. 16) y derecho a la dignidad e integridad moral (art. 15).\u00a0 Estos derechos, por ser fundamentales, no pueden prevalecer uno en detrimento de los otros, como si uno fuera absoluto y los dem\u00e1s relativos, pues todos son necesarios para sustentar la armon\u00eda de las libertades y los derechos humanos fundamentales en las sociedades democr\u00e1ticas, cuyos poderes p\u00fablicos han de custodiar celosamente por el bien de todos, incluidas las minor\u00edas\u201d.<\/p>\n<p>\u201cRecordamos que, en muchos casos, la vulneraci\u00f3n de la libertad religiosa ha conllevado tambi\u00e9n la censura de la libertad de expresi\u00f3n, por lo que la protecci\u00f3n integral de la libertad religiosa es garant\u00eda para el ejercicio pleno del derecho a la libertad de expresi\u00f3n y del resto de los derechos fundamentales y libertades p\u00fablicas. Recordamos igualmente, que la normal aceptaci\u00f3n de insultos, estereotipos, bromas hirientes y ridiculizaciones, son en ocasiones la base para que puedan producirse comportamientos m\u00e1s graves tales como amenazas, agresiones u otro tipo de actos violentos contra las personas creyentes y los lugares de culto, actos que, de hecho, est\u00e1n creciendo por toda Europa\u201d.<\/p>\n<p>\u201cComo representantes de nuestras comunidades y con el deseo de trabajar por la edificaci\u00f3n de una sociedad m\u00e1s justa y fraterna aportando la riqueza de nuestras tradiciones religiosas, tendemos la mano a nuestros gobernantes para entablar un di\u00e1logo respetuoso sobre la derogaci\u00f3n anunciada del delito contra los sentimientos religiosos, que vulnera sustancialmente el derecho de libertad religiosa, as\u00ed como sobre cualquier toma de decisiones que afecten a ese derecho fundamental, a trav\u00e9s del cauce ordinario de la Comisi\u00f3n Asesora de Libertad Religiosa, como estipula el RD 932\/2013, de 29 de noviembre\u201d.<\/p>\n<p>\u201cApelamos igualmente a los representantes de los distintos partidos pol\u00edticos a que, actuando en conciencia, trabajen por defender los derechos universales de los ciudadanos, que est\u00e1n por encima de las opciones ideol\u00f3gicas, y a que protejan en su integridad el derecho fundamental de libertad religiosa\u201d.<\/p>\n<p>Documento firmado por:<\/p>\n<p>Conferencia Episcopal Espa\u00f1ola (Iglesia Cat\u00f3lica)<\/p>\n<p>Federaci\u00f3n de Entidades Religiosas Evang\u00e9licas de Espa\u00f1a (FEREDE)<\/p>\n<p>Sacra Metr\u00f3polis Ortodoxa de Espa\u00f1a y Portugal del Patriarcado Ecum\u00e9nico<\/p>\n<p>Obispado de la Iglesia ortodoxa de Ruman\u00eda de Espa\u00f1a y Portugal<\/p>\n<p>Obispado de la Iglesia ortodoxa del Patriarcado de Mosc\u00fa en Espa\u00f1a<\/p>\n<p>Iglesia Apost\u00f3lica ortodoxa de Armenia<\/p>\n<p>Iglesia siro-ortodoxa de Antioqu\u00eda<\/p>\n<p>Iglesia Espa\u00f1ola Reformada Episcopal, IERE (Comuni\u00f3n Anglicana)<\/p>\n<p>Iglesia Evang\u00e9lica Espa\u00f1ola, IEE<\/p>\n<p>Iglesia Evang\u00e9lica de Habla Alemana (Madrid)<\/p>\n<p>Iglesia de Inglaterra. Di\u00f3cesis de Europa<\/p>\n<p>Federaci\u00f3n de Comunidades Jud\u00edas de Espa\u00f1a<\/p>\n<p>Comisi\u00f3n Isl\u00e1mica de Espa\u00f1a<\/p>\n<blockquote class=\"wp-embedded-content\" data-secret=\"OlPe2bqMrK\"><p><a href=\"https:\/\/www.conferenciaepiscopal.es\/comunicado-ante-anuncio-derogacion-delito-contra-sentimientos-religiosos-del-codigo-penal\/\">Comunicado ante el anuncio de la derogaci\u00f3n del delito contra los sentimientos religiosos del C\u00f3digo Penal<\/a><\/p><\/blockquote>\n<p><iframe loading=\"lazy\" class=\"wp-embedded-content\" sandbox=\"allow-scripts\" security=\"restricted\" style=\"position: absolute; visibility: hidden;\" title=\"\u00abComunicado ante el anuncio de la derogaci\u00f3n del delito contra los sentimientos religiosos del C\u00f3digo Penal\u00bb \u2014 Conferencia Episcopal Espa\u00f1ola\" src=\"https:\/\/www.conferenciaepiscopal.es\/comunicado-ante-anuncio-derogacion-delito-contra-sentimientos-religiosos-del-codigo-penal\/embed\/#?secret=u8MDIohUAv#?secret=OlPe2bqMrK\" data-secret=\"OlPe2bqMrK\" width=\"600\" height=\"338\" frameborder=\"0\" marginwidth=\"0\" marginheight=\"0\" scrolling=\"no\"><\/iframe><\/p>\n<p><a href=\"https:\/\/cejc-madrid.org\/wp-content\/uploads\/2024\/12\/Comunicado-interreligioso-sobre-la-derogacion-del-delito-contra-los-sentimientos-religiosos.pdf\">Comunicado-interreligioso-sobre-la-derogacion-del-delito-contra-los-sentimientos-religiosos<\/a><\/p>\n","protected":false},"excerpt":{"rendered":"<p>El CEJC adhiere al Comunicado emitido ante el anuncio de la derogaci\u00f3n del delito contra los sentimientos religiosos del C\u00f3digo Penal \u201cLas confesiones cristianas miembros de la Mesa de Di\u00e1logo Interconfesional de Espa\u00f1a, y las dem\u00e1s confesiones religiosas firmantes de este comunicado, queremos manifestar de manera conjunta a la sociedad espa\u00f1ola nuestra seria preocupaci\u00f3n ante [&hellip;]<\/p>\n","protected":false},"author":2,"featured_media":2577,"comment_status":"closed","ping_status":"closed","sticky":false,"template":"","format":"standard","meta":{"_et_pb_use_builder":"","_et_pb_old_content":"","_et_gb_content_width":"","footnotes":""},"categories":[33],"tags":[],"class_list":["post-2576","post","type-post","status-publish","format-standard","has-post-thumbnail","hentry","category-news"],"_links":{"self":[{"href":"https:\/\/cejc-madrid.org\/index.php\/wp-json\/wp\/v2\/posts\/2576","targetHints":{"allow":["GET"]}}],"collection":[{"href":"https:\/\/cejc-madrid.org\/index.php\/wp-json\/wp\/v2\/posts"}],"about":[{"href":"https:\/\/cejc-madrid.org\/index.php\/wp-json\/wp\/v2\/types\/post"}],"author":[{"embeddable":true,"href":"https:\/\/cejc-madrid.org\/index.php\/wp-json\/wp\/v2\/users\/2"}],"replies":[{"embeddable":true,"href":"https:\/\/cejc-madrid.org\/index.php\/wp-json\/wp\/v2\/comments?post=2576"}],"version-history":[{"count":1,"href":"https:\/\/cejc-madrid.org\/index.php\/wp-json\/wp\/v2\/posts\/2576\/revisions"}],"predecessor-version":[{"id":2579,"href":"https:\/\/cejc-madrid.org\/index.php\/wp-json\/wp\/v2\/posts\/2576\/revisions\/2579"}],"wp:featuredmedia":[{"embeddable":true,"href":"https:\/\/cejc-madrid.org\/index.php\/wp-json\/wp\/v2\/media\/2577"}],"wp:attachment":[{"href":"https:\/\/cejc-madrid.org\/index.php\/wp-json\/wp\/v2\/media?parent=2576"}],"wp:term":[{"taxonomy":"category","embeddable":true,"href":"https:\/\/cejc-madrid.org\/index.php\/wp-json\/wp\/v2\/categories?post=2576"},{"taxonomy":"post_tag","embeddable":true,"href":"https:\/\/cejc-madrid.org\/index.php\/wp-json\/wp\/v2\/tags?post=2576"}],"curies":[{"name":"wp","href":"https:\/\/api.w.org\/{rel}","templated":true}]}}