{"id":258,"date":"2014-06-09T09:03:23","date_gmt":"2014-06-09T09:03:23","guid":{"rendered":"https:\/\/upbeat-goodall.82-223-35-84.plesk.page\/index.php\/2014\/06\/09\/invocacion-por-la-paz-8-de-junio-2014\/"},"modified":"2024-11-27T11:52:39","modified_gmt":"2024-11-27T11:52:39","slug":"invocacion-por-la-paz-8-de-junio-2014","status":"publish","type":"post","link":"https:\/\/cejc-madrid.org\/index.php\/2014\/06\/09\/invocacion-por-la-paz-8-de-junio-2014\/","title":{"rendered":"Invocaci\u00f3n por la Paz, 8 de Junio 2014"},"content":{"rendered":"<div style=\"text-align: center;\"><strong>\u00a0\u00a0\u00a0\u00a0\u00a0\u00a0\u00a0\u00a0\u00a0\u00a0\u00a0\u00a0\u00a0\u00a0 \u00a0 \u00a0 \u00a0 \u00a0 \u00a0 \u00a0 \u00a0 \u00a0 \u00a0 \u00a0 \u00a0 \u00a0 \u00a0 \u00a0 \u00a0 \u00a0 \u00a0 \u00a0 \u00a0 Invocaci\u00f3n por la Paz\u00a0\u00a0\u00a0\u00a0\u00a0\u00a0\u00a0\u00a0\u00a0\u00a0\u00a0\u00a0\u00a0\u00a0\u00a0\u00a0\u00a0\u00a0\u00a0\u00a0\u00a0 \u00a0 \u00a0 \u00a0 \u00a0 \u00a0 \u00a0 \u00a0 \u00a0 \u00a0 \u00a0 \u00a0 \u00a0 \u00a0 \u00a0\u00a0 \u00a0 <span style=\"font-family: times new roman,times;\"><span style=\"font-family: 'Verdana','sans-serif'; color: black; font-size: 10pt;\"><span style=\"font-family: arial black,avant garde;\"><strong><span style=\"font-size: 12pt; font-family: 'Times New Roman','serif';\"><span style=\"font-size: 8pt;\"><strong><a href=\"https:\/\/www.facebook.com\/centrodeestudios.judeocristianos\"><img loading=\"lazy\" decoding=\"async\" class=\" size-full wp-image-223\" src=\"https:\/\/cejc-madrid.org\/wp-content\/uploads\/2015\/07\/FB.jpg\" alt=\"\" width=\"15\" height=\"15\" srcset=\"https:\/\/cejc-madrid.org\/wp-content\/uploads\/2015\/07\/FB.jpg 160w, https:\/\/cejc-madrid.org\/wp-content\/uploads\/2015\/07\/FB-150x150.jpg 150w\" sizes=\"(max-width: 15px) 100vw, 15px\" \/><\/a><\/strong><\/span><\/span><\/strong><\/span><\/span><\/span><br \/>\n<\/strong><\/div>\n<div style=\"text-align: center;\">Jardines del Vaticano, 8 de junio de 2014<\/div>\n<div style=\"text-align: center;\">Video completo<\/div>\n<div style=\"text-align: center;\"><a href=\"http:\/\/www.youtube.com\/watch?v=xZjh4cHfM_k\">http:\/\/www.youtube.com\/watch?v=xZjh4cHfM_k<\/a><\/div>\n<div style=\"text-align: justify;\"><img loading=\"lazy\" decoding=\"async\" class=\" size-full wp-image-254\" title=\"Papa Francisco con Simon Peres y Abbas\" src=\"https:\/\/cejc-madrid.org\/wp-content\/uploads\/2014\/06\/0cfd7b309a0c1e2561f66e40fd94dc57.jpg\" alt=\"Papa Francisco con Simon Peres y Abbas\" width=\"287\" height=\"190\" \/><img loading=\"lazy\" decoding=\"async\" class=\" size-full wp-image-255\" title=\"Entrada a los jardines vaticanos\" src=\"https:\/\/cejc-madrid.org\/wp-content\/uploads\/2014\/06\/1oracion1.jpg\" alt=\"Entrada a los jardines vaticanos\" width=\"400\" height=\"185\" \/><img loading=\"lazy\" decoding=\"async\" class=\" size-full wp-image-256\" title=\"Saludo de paz\" src=\"https:\/\/cejc-madrid.org\/wp-content\/uploads\/2014\/06\/Saludo-de-paz.jpg\" alt=\"Saludo de paz\" width=\"306\" height=\"217\" \/><img loading=\"lazy\" decoding=\"async\" class=\" size-full wp-image-257\" title=\"Plantando un olivo\" src=\"https:\/\/cejc-madrid.org\/wp-content\/uploads\/2014\/06\/Plantando-un-olivo-2.jpg\" alt=\"Plantando un olivo\" width=\"329\" height=\"215\" srcset=\"https:\/\/cejc-madrid.org\/wp-content\/uploads\/2014\/06\/Plantando-un-olivo-2.jpg 464w, https:\/\/cejc-madrid.org\/wp-content\/uploads\/2014\/06\/Plantando-un-olivo-2-300x197.jpg 300w\" sizes=\"(max-width: 329px) 100vw, 329px\" \/><\/div>\n<p style=\"text-align: center;\"><span style=\"font-size: 10pt; font-family: arial,helvetica,sans-serif;\"><strong><span style=\"color: #343434;\">Discurso del Papa Francisco<\/span><\/strong><\/span><\/p>\n<div style=\"text-align: justify;\"><span style=\"font-size: 10pt; font-family: arial,helvetica,sans-serif; color: #343434;\">Se\u00f1ores Presidentes<\/span><\/div>\n<div style=\"text-align: justify;\"><span style=\"font-size: 10pt; font-family: arial,helvetica,sans-serif; color: #343434;\">Los saludo con gran alegr\u00eda, y deseo ofrecerles, a ustedes y a las distinguidas Delegaciones que les acompa\u00f1an, la misma bienvenida calurosa que me han deparado en mi reciente peregrinaci\u00f3n a Tierra Santa. <\/span><\/div>\n<div style=\"text-align: justify;\"><span style=\"font-size: 10pt; font-family: arial,helvetica,sans-serif;\"><span style=\"color: #343434;\"><span style=\"color: #343434;\">Gracias desde el fondo de mi coraz\u00f3n por haber aceptado mi invitaci\u00f3n a venir aqu\u00ed para implorar de Dios, juntos, el don de la paz. Espero que este encuentro sea el comienzo de un camino nuevo en busca de lo que une, para superar lo que divide.<\/span><\/span><\/span><\/div>\n<div style=\"text-align: justify;\"><span style=\"font-size: 10pt; font-family: arial,helvetica,sans-serif;\"><span style=\"font-family: arial,helvetica,sans-serif;\"><span style=\"color: #343434;\"><span style=\"color: #343434;\">Y gracias a Vuestra Santidad, venerado hermano Bartolom\u00e9, por estar aqu\u00ed conmigo para recibir a estos ilustres hu\u00e9spedes. Su participaci\u00f3n es un gran don, un valioso apoyo, y es testimonio de la senda que, como cristianos, estamos siguiendo hacia la plena unidad.<\/span><\/span><\/span><\/span><\/div>\n<div style=\"text-align: justify;\"><span style=\"font-size: 10pt; font-family: arial,helvetica,sans-serif; color: #343434;\">Su presencia, Se\u00f1ores Presidentes, es un gran signo de fraternidad, que hacen como hijos de Abraham, y expresi\u00f3n concreta de confianza en Dios, Se\u00f1or de la historia, que hoy nos mira como hermanos uno de otro, y desea conducirnos por sus v\u00edas. <\/span><\/div>\n<div style=\"text-align: justify;\"><span style=\"font-size: 10pt; font-family: arial,helvetica,sans-serif; color: #343434;\">Este encuentro nuestro para invocar la paz en Tierra Santa, en Medio Oriente y en todo el mundo, est\u00e1 acompa\u00f1ado por la oraci\u00f3n de tantas personas, de diferentes culturas, naciones, lenguas y religiones: personas que han rezado por este encuentro y que ahora est\u00e1n unidos a nosotros en la misma invocaci\u00f3n. Es un encuentro que responde al deseo ardiente de cuantos anhelan la paz, y sue\u00f1an con un mundo donde hombres y mujeres puedan vivir como hermanos y no como adversarios o enemigos. <\/span><\/div>\n<div style=\"text-align: justify;\"><span style=\"font-size: 10pt; font-family: arial,helvetica,sans-serif; color: #343434;\">Se\u00f1ores Presidentes, el mundo es un legado que hemos recibido de nuestros antepasados, pero tambi\u00e9n un pr\u00e9stamo de nuestros hijos: hijos que est\u00e1n cansados y agotados por los conflictos y con ganas de llegar a los albores de la paz; hijos que nos piden derribar los muros de la enemistad y tomar el camino del di\u00e1logo y de la paz, para que triunfen el amor y la amistad. <\/span><\/div>\n<div style=\"text-align: justify;\"><span style=\"font-size: 10pt; font-family: arial,helvetica,sans-serif; color: #343434;\">Muchos, demasiados de estos hijos han ca\u00eddo v\u00edctimas inocentes de la guerra y de la violencia, plantas arrancadas en plena floraci\u00f3n. Es deber nuestro lograr que su sacrificio no sea en vano. Que su memoria nos infunda el valor de la paz, la fuerza de perseverar en el di\u00e1logo a toda costa, la paciencia para tejer d\u00eda tras d\u00eda el entramado cada vez m\u00e1s robusto de una convivencia respetuosa y pac\u00edfica, para gloria de Dios y el bien de todos. <\/span><\/div>\n<div style=\"text-align: justify;\"><span style=\"font-size: 10pt; font-family: arial,helvetica,sans-serif; color: #343434;\">Para conseguir la paz, se necesita valor, mucho m\u00e1s que para hacer la guerra. Se necesita valor para decir s\u00ed al encuentro y no al enfrentamiento; s\u00ed al di\u00e1logo y no a la violencia; s\u00ed a la negociaci\u00f3n y no a la hostilidad; s\u00ed al respeto de los pactos y no a las provocaciones; s\u00ed a la sinceridad y no a la doblez. Para todo esto se necesita valor, una gran fuerza de \u00e1nimo. <\/span><\/div>\n<div style=\"text-align: justify;\"><span style=\"font-size: 10pt; font-family: arial,helvetica,sans-serif; color: #343434;\">La historia nos ense\u00f1a que nuestras fuerzas por s\u00ed solas no son suficientes. M\u00e1s de una vez hemos estado cerca de la paz, pero el maligno, por diversos medios, ha conseguido impedirla. Por eso estamos aqu\u00ed, porque sabemos y creemos que necesitamos la ayuda de Dios. No renunciamos a nuestras responsabilidades, pero invocamos a Dios como un acto de suprema responsabilidad, de cara a nuestras conciencias y de frente a nuestros pueblos. Hemos escuchado una llamada, y debemos responder: la llamada a romper la espiral del odio y la violencia; a doblegarla con una sola palabra: \u00abhermano\u00bb. Pero para decir esta palabra, todos debemos levantar la mirada al cielo, y reconocernos hijos de un mismo Padre. <\/span><\/div>\n<div style=\"text-align: justify;\"><span style=\"font-size: 10pt; font-family: arial,helvetica,sans-serif; color: #343434;\">A \u00e9l me dirijo yo, en el Esp\u00edritu de Jesucristo, pidiendo la intercesi\u00f3n de la Virgen Mar\u00eda, hija de Tierra Santa y Madre nuestra. <\/span><\/div>\n<div style=\"text-align: justify;\"><span style=\"font-size: 10pt; font-family: arial,helvetica,sans-serif; color: #343434;\">Se\u00f1or, Dios de paz, escucha nuestra s\u00faplica.<\/span><\/div>\n<div style=\"text-align: justify;\"><span style=\"font-size: 10pt; font-family: arial,helvetica,sans-serif;\"><span style=\"color: #343434;\">Hemos intentado muchas veces y durante muchos a\u00f1os resolver nuestros conflictos con nuestras fuerzas, y tambi\u00e9n con nuestras armas; tantos momentos de hostilidad y de oscuridad; tanta sangre derramada; tantas vidas destrozadas; tantas esperanzas abatidas&#8230; Pero nuestros esfuerzos han sido en vano. Ahora, Se\u00f1or, ay\u00fadanos t\u00fa. Danos t\u00fa la paz, ens\u00e9\u00f1anos t\u00fa la paz, gu\u00edanos t\u00fa hacia la paz. Abre nuestros ojos y nuestros corazones, y danos la valent\u00eda para decir: \u00ab\u00a1Nunca m\u00e1s la guerra\u00bb; \u00abcon la guerra, todo queda destruido\u00bb. Inf\u00fandenos el valor de llevar a cabo gestos concretos para construir la paz. Se\u00f1or, Dios de Abraham y los Profetas, Dios amor que nos has creado y nos llamas a vivir como hermanos, danos la fuerza para ser cada d\u00eda artesanos de la paz; danos la capacidad de mirar con benevolencia a todos los hermanos que encontramos en nuestro camino. Haznos disponibles para escuchar el clamor de nuestros ciudadanos que nos piden transformar nuestras armas en instrumentos de paz, nuestros temores en confianza y nuestras tensiones en perd\u00f3n. Mant\u00e9n encendida en nosotros la llama de la esperanza para tomar con paciente perseverancia opciones de di\u00e1logo y reconciliaci\u00f3n, para que finalmente triunfe la paz. Y que sean desterradas del coraz\u00f3n de todo hombre estas palabras: divisi\u00f3n, odio, guerra. Se\u00f1or, desarma la lengua y las manos, renueva los corazones y las mentes, para que la palabra que nos lleva al encuentro sea siempre \u00abhermano\u00bb, y el estilo de nuestra vida se convierta en shalom, paz, salam. <\/span><span style=\"color: #343434;\">Am\u00e9n.<\/span><\/span><\/div>\n","protected":false},"excerpt":{"rendered":"<div style=\"text-align: center;\"><strong>&nbsp;&nbsp;&nbsp;&nbsp;&nbsp;&nbsp;&nbsp;&nbsp;&nbsp;&nbsp;&nbsp;&nbsp;&nbsp;&nbsp; &nbsp; &nbsp; &nbsp; &nbsp; &nbsp; &nbsp; &nbsp; &nbsp; &nbsp; &nbsp; &nbsp; &nbsp; &nbsp; &nbsp; &nbsp; &nbsp; &nbsp; &nbsp; &nbsp; Invocaci\u00f3n por la Paz&nbsp;&nbsp;&nbsp;&nbsp;&nbsp;&nbsp;&nbsp;&nbsp;&nbsp;&nbsp;&nbsp;&nbsp;&nbsp;&nbsp;&nbsp;&nbsp;&nbsp;&nbsp;&nbsp;&nbsp;&nbsp; &nbsp; &nbsp; &nbsp; &nbsp; &nbsp; &nbsp; &nbsp; &nbsp; &nbsp; &nbsp; &nbsp; &nbsp; &nbsp; &nbsp;&nbsp; &nbsp; <span style=\"font-family: times new roman,times;\"><span style=\"font-family: 'Verdana','sans-serif'; color: black; font-size: 10pt;\"><span style=\"font-family: arial black,avant garde;\"><strong><span style=\"font-size: 12pt; font-family: 'Times New Roman','serif';\"><span style=\"font-size: 8pt;\"><strong><a href=\"https:\/\/www.facebook.com\/centrodeestudios.judeocristianos\"><img loading=\"lazy\" decoding=\"async\" class=\" size-full wp-image-223\" src=\"https:\/\/cejc-madrid.org\/wp-content\/uploads\/2015\/07\/FB.jpg\" alt=\"\" width=\"15\" height=\"15\" srcset=\"https:\/\/cejc-madrid.org\/wp-content\/uploads\/2015\/07\/FB.jpg 160w, https:\/\/cejc-madrid.org\/wp-content\/uploads\/2015\/07\/FB-150x150.jpg 150w\" sizes=\"(max-width: 15px) 100vw, 15px\" \/><\/a><\/strong><\/span><\/span><\/strong><\/span><\/span><\/span><br \/><\/strong><\/div>\n<div style=\"text-align: center;\">Jardines del Vaticano, 8 de junio de 2014<\/div>\n<div style=\"text-align: center;\">Video completo<\/div>\n<div style=\"text-align: center;\"><a href=\"http:\/\/www.youtube.com\/watch?v=xZjh4cHfM_k\">http:\/\/www.youtube.com\/watch?v=xZjh4cHfM_k<\/a><\/div>\n<div style=\"text-align: justify;\"><img loading=\"lazy\" decoding=\"async\" class=\" size-full wp-image-254\" title=\"Papa Francisco con Simon Peres y Abbas\" src=\"https:\/\/cejc-madrid.org\/wp-content\/uploads\/2014\/06\/0cfd7b309a0c1e2561f66e40fd94dc57.jpg\" alt=\"Papa Francisco con Simon Peres y Abbas\" width=\"287\" height=\"190\" \/><img loading=\"lazy\" decoding=\"async\" class=\" size-full wp-image-255\" title=\"Entrada a los jardines vaticanos\" src=\"https:\/\/cejc-madrid.org\/wp-content\/uploads\/2014\/06\/1oracion1.jpg\" alt=\"Entrada a los jardines vaticanos\" width=\"400\" height=\"185\" \/><img loading=\"lazy\" decoding=\"async\" class=\" size-full wp-image-256\" title=\"Saludo de paz\" src=\"https:\/\/cejc-madrid.org\/wp-content\/uploads\/2014\/06\/Saludo-de-paz.jpg\" alt=\"Saludo de paz\" width=\"306\" height=\"217\" \/><img loading=\"lazy\" decoding=\"async\" class=\" size-full wp-image-257\" title=\"Plantando un olivo\" src=\"https:\/\/cejc-madrid.org\/wp-content\/uploads\/2014\/06\/Plantando-un-olivo-2.jpg\" alt=\"Plantando un olivo\" width=\"329\" height=\"215\" srcset=\"https:\/\/cejc-madrid.org\/wp-content\/uploads\/2014\/06\/Plantando-un-olivo-2.jpg 464w, https:\/\/cejc-madrid.org\/wp-content\/uploads\/2014\/06\/Plantando-un-olivo-2-300x197.jpg 300w\" sizes=\"(max-width: 329px) 100vw, 329px\" \/><\/div>\n<p style=\"text-align: center;\"><span style=\"font-size: 10pt; font-family: arial,helvetica,sans-serif;\"><strong><span style=\"color: #343434;\">Discurso del Papa Francisco<\/span><\/strong><\/span><\/p>\n<div style=\"text-align: justify;\"><span style=\"font-size: 10pt; font-family: arial,helvetica,sans-serif; color: #343434;\">Se\u00f1ores Presidentes<\/span><\/div>\n<div style=\"text-align: justify;\"><span style=\"font-size: 10pt; font-family: arial,helvetica,sans-serif; color: #343434;\">Los saludo con gran alegr\u00eda, y deseo ofrecerles, a ustedes y a las distinguidas Delegaciones que les acompa\u00f1an, la misma bienvenida calurosa que me han deparado en mi reciente peregrinaci\u00f3n a Tierra Santa. <\/span><\/div>\n<div style=\"text-align: justify;\"><span style=\"font-size: 10pt; font-family: arial,helvetica,sans-serif;\"><span style=\"color: #343434;\"><span style=\"color: #343434;\">Gracias desde el fondo de mi coraz\u00f3n por haber aceptado mi invitaci\u00f3n a venir aqu\u00ed para implorar de Dios, juntos, el don de la paz. Espero que este encuentro sea el comienzo de un camino nuevo en busca de lo que une, para superar lo que divide.<\/span><\/span><span style=\"color: #343434;\"><\/span><\/span><\/div>\n<div style=\"text-align: justify;\"><span style=\"font-size: 10pt; font-family: arial,helvetica,sans-serif;\"><span style=\"font-family: arial,helvetica,sans-serif;\"><span style=\"color: #343434;\"><span style=\"color: #343434;\">Y gracias a Vuestra Santidad, venerado hermano Bartolom\u00e9, por estar aqu\u00ed conmigo para recibir a estos ilustres hu\u00e9spedes. Su participaci\u00f3n es un gran don, un valioso apoyo, y es testimonio de la senda que, como cristianos, estamos siguiendo hacia la plena unidad.<\/span><\/span><\/span><\/span><\/p>\n","protected":false},"author":1,"featured_media":2558,"comment_status":"open","ping_status":"open","sticky":false,"template":"","format":"standard","meta":{"_et_pb_use_builder":"","_et_pb_old_content":"","_et_gb_content_width":"","footnotes":""},"categories":[33],"tags":[],"class_list":["post-258","post","type-post","status-publish","format-standard","has-post-thumbnail","hentry","category-news"],"_links":{"self":[{"href":"https:\/\/cejc-madrid.org\/index.php\/wp-json\/wp\/v2\/posts\/258","targetHints":{"allow":["GET"]}}],"collection":[{"href":"https:\/\/cejc-madrid.org\/index.php\/wp-json\/wp\/v2\/posts"}],"about":[{"href":"https:\/\/cejc-madrid.org\/index.php\/wp-json\/wp\/v2\/types\/post"}],"author":[{"embeddable":true,"href":"https:\/\/cejc-madrid.org\/index.php\/wp-json\/wp\/v2\/users\/1"}],"replies":[{"embeddable":true,"href":"https:\/\/cejc-madrid.org\/index.php\/wp-json\/wp\/v2\/comments?post=258"}],"version-history":[{"count":2,"href":"https:\/\/cejc-madrid.org\/index.php\/wp-json\/wp\/v2\/posts\/258\/revisions"}],"predecessor-version":[{"id":2496,"href":"https:\/\/cejc-madrid.org\/index.php\/wp-json\/wp\/v2\/posts\/258\/revisions\/2496"}],"wp:featuredmedia":[{"embeddable":true,"href":"https:\/\/cejc-madrid.org\/index.php\/wp-json\/wp\/v2\/media\/2558"}],"wp:attachment":[{"href":"https:\/\/cejc-madrid.org\/index.php\/wp-json\/wp\/v2\/media?parent=258"}],"wp:term":[{"taxonomy":"category","embeddable":true,"href":"https:\/\/cejc-madrid.org\/index.php\/wp-json\/wp\/v2\/categories?post=258"},{"taxonomy":"post_tag","embeddable":true,"href":"https:\/\/cejc-madrid.org\/index.php\/wp-json\/wp\/v2\/tags?post=258"}],"curies":[{"name":"wp","href":"https:\/\/api.w.org\/{rel}","templated":true}]}}